{"id":7491,"date":"2022-03-15T20:09:05","date_gmt":"2022-03-15T19:09:05","guid":{"rendered":"https:\/\/agora.xtec.cat\/iessitges\/?p=7491"},"modified":"2022-03-15T20:13:20","modified_gmt":"2022-03-15T19:13:20","slug":"el-jan-contesta-preguntes-sobre-el-seu-erasmus-a-la-rochelle","status":"publish","type":"post","link":"https:\/\/agora.xtec.cat\/iessitges\/general\/el-jan-contesta-preguntes-sobre-el-seu-erasmus-a-la-rochelle\/","title":{"rendered":"El Jan contesta preguntes sobre el seu Erasmus a La Rochelle"},"content":{"rendered":"<p>El Jan, alumne de 2n de CFGM de Cuina i Gastronomia, ha tingut l&#8217;oportunitat de fer una mobilitat Erasmus a La Rochelle, al restaurant Molly. Per ajudar al futur alumnat candidat, ha decidit contestar algunes preguntes que alguns es fan.<\/p>\n<ul>\n<li style=\"font-weight: 400;\" aria-level=\"1\"><strong>On has fet la teva estada Erasmus (pa\u00eds, ciutat, hotel)? Quant de temps (dates, any&#8230;)?<\/strong><\/li>\n<\/ul>\n<p><span style=\"font-weight: 400;\">La meva experi\u00e8ncia en l\u2019aventura de l\u2019Erasmus+ va comen\u00e7ar el dia 10 de gener de 2022, i va finalitzar el dia 9 de febrer de 2022. La vam realitzar les meves companyes i jo a una ciutat francesa de la part de la costa anomenada <\/span><b>La Rochelle.<\/b><\/p>\n<ul>\n<li aria-level=\"1\"><b>Quines pors tenies abans de marxar?<\/b><\/li>\n<\/ul>\n<p><span style=\"font-weight: 400;\">Les meves principals pors o els meus neguits van ser el estar tant de temps separat de la meva fam\u00edlia i amics durant un per\u00edode que personalment considerava llarg; tamb\u00e9 el no poder encaixar a l\u2019empresa ni a l\u2019allotjament, tamb\u00e9 tenia por a estar sol, ja que m\u2019agrada estar amb gent sempre, i estar tant de temps sense ning\u00fa pensava que m\u2019afectaria.<\/span><\/p>\n<ul>\n<li aria-level=\"1\"><b>Consideres que hi ha alguna cosa essencial que un ha de saber abans de marxar d\u2019Erasmus?<\/b><\/li>\n<\/ul>\n<p><span style=\"font-weight: 400;\">Penso que el m\u00e9s indispensable \u00e9s anar amb la ment molt oberta perqu\u00e8 no saps el que et pots trobar, pensar que \u00e9s una experi\u00e8ncia \u00fanica em va ajudar molt.<\/span><\/p>\n<ul>\n<li aria-level=\"1\"><b>Com va ser la teva arribada a la ciutat (et va recollir alg\u00fa, vas buscar el lloc de feina\/allotjament tot sol&#8230;)? Com vas trobar l\u2019allotjament\/empresa?<\/b><\/li>\n<\/ul>\n<p><span style=\"font-weight: 400;\">Vam estar en tres diferents trens durant tot el dia, les meves dues companyes i el professor Tom\u00e0s. Al arribar ens estaven esperant la gent que coordinava la Mobilitat Erasmus+ a La Rochelle, el Laurent, l\u2019Anne-Catherine i l\u2019Aurelie. Ens van recollir a l\u2019estaci\u00f3 i ens van acompanyar en cotxe fins a l\u2019apartament que ens van gestionar des del centre.<\/span><\/p>\n<p><span style=\"font-weight: 400;\">Al dia seg\u00fcent vam anar tots junts a les diferents empreses on treballar\u00edem durant un mes les meves companyes i jo. Al arribar a la meva empresa vaig tenir una sensaci\u00f3 de que estaria a gust treballant all\u00e0.<\/span><\/p>\n<ul>\n<li aria-level=\"1\"><b>D\u2019on vas aconseguir els diners per fer l\u2019Erasmus (beca, salari de l\u2019hotel&#8230;)?<\/b><\/li>\n<\/ul>\n<p><span style=\"font-weight: 400;\">Vam rebre una beca per part d\u2019Europa que va estar en tot moment gestionada per l\u2019escola per si passava qualsevol cosa, parar-la d\u2019arrel des d\u2019aqu\u00ed.<\/span><\/p>\n<ul>\n<li aria-level=\"1\"><b>On t\u2019allotjaves? Com era l\u2019allotjament (compartit, espai\u00f3s, net&#8230;)?<\/b><\/li>\n<\/ul>\n<p><span style=\"font-weight: 400;\">Ens vam allotjar a una resid\u00e8ncia d\u2019estudiants, l\u2019edat m\u00e0xima per allotjar-s&#8217;hi eren els 30 anys. Estava a 20 minuts del centre, l\u2019apartament era molt acollidor, i l\u2019espai tamb\u00e9, Hi havia espai per jugar, taula de ping-pong, billar, un pati, un espai per fer teatre, festes&#8230; molt c\u00f2mode, i la gent sobretot t\u2019ajudava molt a que t\u2019unifiquessis.<\/span><\/p>\n<ul>\n<li aria-level=\"1\"><b>Quin horari feies (hores, dies lliures per setmana, rotacions, canvi de torns&#8230;)?<\/b><\/li>\n<\/ul>\n<p><span style=\"font-weight: 400;\">Feia de dimarts a dissabte de 9:15 a a 16 hores i els divendres feia torn de mati i nit. Els diumenges i dilluns eren els dies festius que ten\u00edem per poder fer turisme o alguna cosa.<\/span><\/p>\n<ul>\n<li aria-level=\"1\"><b>Qu\u00e8 has apr\u00e8s el teu lloc de feina (l\u2019ofici, lleng\u00fces, estar cara al p\u00fablic&#8230;)?\u00a0<\/b><\/li>\n<\/ul>\n<p><span style=\"font-weight: 400;\">He pogut veure que la cuina \u00e9s disfrute, \u00e9s implicaci\u00f3, i sobretot vocaci\u00f3. Vaig aprendre a fer postres t\u00edpics, provar diferents ingredients de la regi\u00f3 i poder aportar algunes idees.<\/span><\/p>\n<ul>\n<li aria-level=\"1\"><b>Qu\u00e8 consideres que ha sigut all\u00f2 positiu i all\u00f2 negatiu del teu lloc de feina?<\/b><\/li>\n<\/ul>\n<p><span style=\"font-weight: 400;\">Penso que em donguessin la llibertat de poder fer i preguntar sense cap mena de comprom\u00eds i potser m\u2019hagu\u00e9s agradat participar una mica m\u00e9s en els moments importants, entenc el no donar-me prioritat perqu\u00e8 jo estava un mes, per\u00f2 \u00e9s l\u2019\u00fanica cosa que puc dir.<\/span><\/p>\n<ul>\n<li aria-level=\"1\"><b>Com era la teva relaci\u00f3 amb els companys de feina?<\/b><\/li>\n<\/ul>\n<p><span style=\"font-weight: 400;\">Tenia molt bona relaci\u00f3 amb el segon de cuina i amb la cambrera, ens ajud\u00e0vem tots entre tots.<\/span><\/p>\n<ul>\n<li aria-level=\"1\"><b>Has fet amics nous? Qu\u00e8 feies al teu temps lliure?<\/b><\/li>\n<\/ul>\n<p><span style=\"font-weight: 400;\">A l\u2019allotjament f\u00e8iem alguns sopars per estar tots junts i ens an\u00e0vem coneixent els uns als altres. Sort\u00edem a passejar quan pod\u00edem i a veure coses.<\/span><\/p>\n<ul>\n<li aria-level=\"1\"><b>Et penedeixes\u00a0 d\u2019haver marxat d\u2019Erasmus?<\/b><\/li>\n<\/ul>\n<p><span style=\"font-weight: 400;\">No, penso que ha estat una experi\u00e8ncia molt gratificant i que nom\u00e9s m\u2019ha aportat aprenentatges necessaris laboralment.<\/span><\/p>\n<ul>\n<li aria-level=\"1\"><b>Qu\u00e8 ha sigut all\u00f2 m\u00e9s positiu que t\u2019emportes de l\u2019experi\u00e8ncia? I all\u00f2 m\u00e9s negatiu?<\/b><\/li>\n<\/ul>\n<p><span style=\"font-weight: 400;\">No podria quedar-me amb cap cosa concreta, tot m\u2019ha semblat positiu perqu\u00e8 he estat aprenent, el que l\u2019institut em seleccion\u00e9s, el guanyar experi\u00e8ncia, el aprendre a estar sol&#8230;<\/span><\/p>\n<p><span style=\"font-weight: 400;\">I negatiu doncs estar amb la ment tan oberta, ja que estaves exposat a totes les coses tan bones com menys bones.<\/span><\/p>\n<ul>\n<li aria-level=\"1\"><b>Et van oferir de quedar-te a l\u2019empresa? Vas dir que s\u00ed o que no, quines van ser les raons de la teva resposta?<\/b><\/li>\n<\/ul>\n<p><span style=\"font-weight: 400;\">No vam parlar del tema, ja que anava a treballar i no parl\u00e0vem d\u2019aquestes coses, jo hagu\u00e9s dit que si sense pensar-m\u2019ho ja que guanyo una experi\u00e8ncia gegant.<\/span><\/p>\n<ul>\n<li style=\"font-weight: 400;\" aria-level=\"1\"><b>Tornaries a treballar en aquesta ciutat en algun altre moment de la teva vida?<\/b><span style=\"font-weight: 400;\">\u00a0<\/span><\/li>\n<\/ul>\n<p><span style=\"font-weight: 400;\">M\u2019agradaria tornar a treballar a La Rochelle, he estat molt a gust i la seva gent m\u2019ha sorpr\u00e8s cap a b\u00e9.<\/span><\/p>\n<p>&nbsp;<\/p>\n<p>&nbsp;<\/p>\n<p>&nbsp;<\/p>\n<p><span style=\"font-weight: 400;\"><a href=\"https:\/\/agora.xtec.cat\/iessitges\/wp-content\/uploads\/usu1948\/2022\/03\/IMG-20220112-WA0037.jpg\"><img loading=\"lazy\" decoding=\"async\" class=\"alignnone size-large wp-image-7492\" src=\"https:\/\/agora.xtec.cat\/iessitges\/wp-content\/uploads\/usu1948\/2022\/03\/IMG-20220112-WA0037-768x1024.jpg\" alt=\"\" width=\"768\" height=\"1024\" \/><\/a><\/span><\/p>\n","protected":false},"excerpt":{"rendered":"<p>El Jan, alumne de 2n de CFGM de Cuina i Gastronomia, ha tingut l&#8217;oportunitat de fer una mobilitat Erasmus a La Rochelle, al restaurant Molly. Per ajudar al futur alumnat candidat, ha decidit contestar algunes preguntes que alguns es fan. On has fet la teva estada Erasmus (pa\u00eds, ciutat, hotel)? Quant de temps (dates, any&#8230;)? [&hellip;]<\/p>\n","protected":false},"author":19,"featured_media":7492,"comment_status":"open","ping_status":"closed","sticky":false,"template":"","format":"standard","meta":{"site-sidebar-layout":"default","site-content-layout":"","ast-site-content-layout":"","site-content-style":"default","site-sidebar-style":"default","ast-global-header-display":"","ast-banner-title-visibility":"","ast-main-header-display":"","ast-hfb-above-header-display":"","ast-hfb-below-header-display":"","ast-hfb-mobile-header-display":"","site-post-title":"","ast-breadcrumbs-content":"","ast-featured-img":"","footer-sml-layout":"","theme-transparent-header-meta":"","adv-header-id-meta":"","stick-header-meta":"","header-above-stick-meta":"","header-main-stick-meta":"","header-below-stick-meta":"","astra-migrate-meta-layouts":"default","ast-page-background-enabled":"default","ast-page-background-meta":{"desktop":{"background-color":"var(--ast-global-color-4)","background-image":"","background-repeat":"repeat","background-position":"center center","background-size":"auto","background-attachment":"scroll","background-type":"","background-media":"","overlay-type":"","overlay-color":"","overlay-opacity":"","overlay-gradient":""},"tablet":{"background-color":"","background-image":"","background-repeat":"repeat","background-position":"center center","background-size":"auto","background-attachment":"scroll","background-type":"","background-media":"","overlay-type":"","overlay-color":"","overlay-opacity":"","overlay-gradient":""},"mobile":{"background-color":"","background-image":"","background-repeat":"repeat","background-position":"center center","background-size":"auto","background-attachment":"scroll","background-type":"","background-media":"","overlay-type":"","overlay-color":"","overlay-opacity":"","overlay-gradient":""}},"ast-content-background-meta":{"desktop":{"background-color":"var(--ast-global-color-5)","background-image":"","background-repeat":"repeat","background-position":"center center","background-size":"auto","background-attachment":"scroll","background-type":"","background-media":"","overlay-type":"","overlay-color":"","overlay-opacity":"","overlay-gradient":""},"tablet":{"background-color":"var(--ast-global-color-5)","background-image":"","background-repeat":"repeat","background-position":"center center","background-size":"auto","background-attachment":"scroll","background-type":"","background-media":"","overlay-type":"","overlay-color":"","overlay-opacity":"","overlay-gradient":""},"mobile":{"background-color":"var(--ast-global-color-5)","background-image":"","background-repeat":"repeat","background-position":"center center","background-size":"auto","background-attachment":"scroll","background-type":"","background-media":"","overlay-type":"","overlay-color":"","overlay-opacity":"","overlay-gradient":""}},"footnotes":""},"categories":[30,105,107,1,258,109],"tags":[],"class_list":["post-7491","post","type-post","status-publish","format-standard","has-post-thumbnail","hentry","category-cfgm","category-cuina","category-pastisseria","category-general","category-mobilitat","category-serveis"],"post_mailing_queue_ids":[],"_links":{"self":[{"href":"https:\/\/agora.xtec.cat\/iessitges\/wp-json\/wp\/v2\/posts\/7491","targetHints":{"allow":["GET"]}}],"collection":[{"href":"https:\/\/agora.xtec.cat\/iessitges\/wp-json\/wp\/v2\/posts"}],"about":[{"href":"https:\/\/agora.xtec.cat\/iessitges\/wp-json\/wp\/v2\/types\/post"}],"author":[{"embeddable":true,"href":"https:\/\/agora.xtec.cat\/iessitges\/wp-json\/wp\/v2\/users\/19"}],"replies":[{"embeddable":true,"href":"https:\/\/agora.xtec.cat\/iessitges\/wp-json\/wp\/v2\/comments?post=7491"}],"version-history":[{"count":4,"href":"https:\/\/agora.xtec.cat\/iessitges\/wp-json\/wp\/v2\/posts\/7491\/revisions"}],"predecessor-version":[{"id":7496,"href":"https:\/\/agora.xtec.cat\/iessitges\/wp-json\/wp\/v2\/posts\/7491\/revisions\/7496"}],"wp:featuredmedia":[{"embeddable":true,"href":"https:\/\/agora.xtec.cat\/iessitges\/wp-json\/wp\/v2\/media\/7492"}],"wp:attachment":[{"href":"https:\/\/agora.xtec.cat\/iessitges\/wp-json\/wp\/v2\/media?parent=7491"}],"wp:term":[{"taxonomy":"category","embeddable":true,"href":"https:\/\/agora.xtec.cat\/iessitges\/wp-json\/wp\/v2\/categories?post=7491"},{"taxonomy":"post_tag","embeddable":true,"href":"https:\/\/agora.xtec.cat\/iessitges\/wp-json\/wp\/v2\/tags?post=7491"}],"curies":[{"name":"wp","href":"https:\/\/api.w.org\/{rel}","templated":true}]}}