{"id":6533,"date":"2021-12-16T12:00:11","date_gmt":"2021-12-16T11:00:11","guid":{"rendered":"https:\/\/agora.xtec.cat\/iessitges\/?p=6533"},"modified":"2021-12-16T12:00:11","modified_gmt":"2021-12-16T11:00:11","slug":"lalumnat-de-3r-deso-fa-pinya-amb-la-marato","status":"publish","type":"post","link":"https:\/\/agora.xtec.cat\/iessitges\/general\/lalumnat-de-3r-deso-fa-pinya-amb-la-marato\/","title":{"rendered":"L&#8217;alumnat de 3r d&#8217;ESO fa pinya amb La Marat\u00f3"},"content":{"rendered":"<p><span style=\"font-weight: 400;\">Aquest curs l\u2019alumnat de 3r torna a col\u00b7laborar des del Servei Comunitari amb la Marat\u00f3 de TV3. Per aix\u00f2, han estat organitzant les seg\u00fcents activitats:\u00a0<\/span><\/p>\n<p><b>Sorteig de la panera del Benapr\u00e8s<\/b><\/p>\n<p><span style=\"font-weight: 400;\">Gr\u00e0cies a la col\u00b7laboraci\u00f3 de diversos comer\u00e7os de Sitges, l\u2019alumnat de 3r ESO C est\u00e0 muntant una panera valorada en 485\u20ac, aproximadament. Entre els productes inclosos en aquesta panera, hi ha peces de roba, formatges, carn, accessoris per al m\u00f2bil, etc.\u00a0<\/span><\/p>\n<p><span style=\"font-weight: 400;\">Les butlletes tindran un preu de 2\u20ac i professorat i alumnat podr\u00e0 comprar-les a partir del divendres 17 de desembre a les hores del pati. Trobareu alumnat de 3r al vest\u00edbul del centre. Dem\u00e0 divendres 17 i dimarts 21 tothom que dini al Restaurant La Sitja del centre tamb\u00e9 podr\u00e0 aconseguir-ne.\u00a0<\/span><\/p>\n<p><span style=\"font-weight: 400;\">El sorteig de la panera es realitzar\u00e0 durant el primer pati del dimecres 22, \u00faltim dia de classe.\u00a0<\/span><\/p>\n<p>&nbsp;<\/p>\n<p><b>Venda de manualitats\u00a0<\/b><\/p>\n<p><span style=\"font-weight: 400;\">Durant els patis de dilluns 20, dimarts 21 i dimecres 22, l\u2019alumnat de 3r A, B i D vendr\u00e0 les manualitats que han fet durant les sessions de tutoria. Entre els productes hi haur\u00e0 pedres amb missatges, decoracions de nadal, polseres, etc.\u00a0<\/span><\/p>\n<p><span style=\"font-weight: 400;\">Animeu-vos a col\u00b7laborar amb una bona causa, a fer promoci\u00f3 del comer\u00e7 local de Sitges i a ajudar a l\u2019alumnat de 3r amb el seu servei comunitari! Tots els diners que recullin amb les vendes es destinaran a La Marat\u00f3 de TV3. Us en deixem el v\u00eddeo promocional perqu\u00e8 conegueu millor l&#8217;edici\u00f3 d&#8217;aquest any.<\/span><\/p>\n<p>Entre tots ho podem fer possible!<\/p>\n<p><iframe loading=\"lazy\" title=\"YouTube video player\" src=\"https:\/\/www.youtube.com\/embed\/Nc_v2L8H5D0\" width=\"560\" height=\"315\" frameborder=\"0\" allowfullscreen=\"allowfullscreen\"><\/iframe><\/p>\n","protected":false},"excerpt":{"rendered":"<p>Aquest curs l\u2019alumnat de 3r torna a col\u00b7laborar des del Servei Comunitari amb la Marat\u00f3 de TV3. Per aix\u00f2, han estat organitzant les seg\u00fcents activitats:\u00a0 Sorteig de la panera del Benapr\u00e8s Gr\u00e0cies a la col\u00b7laboraci\u00f3 de diversos comer\u00e7os de Sitges, l\u2019alumnat de 3r ESO C est\u00e0 muntant una panera valorada en 485\u20ac, aproximadament. Entre els [&hellip;]<\/p>\n","protected":false},"author":5,"featured_media":6538,"comment_status":"open","ping_status":"closed","sticky":false,"template":"","format":"standard","meta":{"site-sidebar-layout":"default","site-content-layout":"","ast-site-content-layout":"","site-content-style":"default","site-sidebar-style":"default","ast-global-header-display":"","ast-banner-title-visibility":"","ast-main-header-display":"","ast-hfb-above-header-display":"","ast-hfb-below-header-display":"","ast-hfb-mobile-header-display":"","site-post-title":"","ast-breadcrumbs-content":"","ast-featured-img":"","footer-sml-layout":"","theme-transparent-header-meta":"","adv-header-id-meta":"","stick-header-meta":"","header-above-stick-meta":"","header-main-stick-meta":"","header-below-stick-meta":"","astra-migrate-meta-layouts":"default","ast-page-background-enabled":"default","ast-page-background-meta":{"desktop":{"background-color":"var(--ast-global-color-4)","background-image":"","background-repeat":"repeat","background-position":"center center","background-size":"auto","background-attachment":"scroll","background-type":"","background-media":"","overlay-type":"","overlay-color":"","overlay-opacity":"","overlay-gradient":""},"tablet":{"background-color":"","background-image":"","background-repeat":"repeat","background-position":"center center","background-size":"auto","background-attachment":"scroll","background-type":"","background-media":"","overlay-type":"","overlay-color":"","overlay-opacity":"","overlay-gradient":""},"mobile":{"background-color":"","background-image":"","background-repeat":"repeat","background-position":"center center","background-size":"auto","background-attachment":"scroll","background-type":"","background-media":"","overlay-type":"","overlay-color":"","overlay-opacity":"","overlay-gradient":""}},"ast-content-background-meta":{"desktop":{"background-color":"var(--ast-global-color-5)","background-image":"","background-repeat":"repeat","background-position":"center center","background-size":"auto","background-attachment":"scroll","background-type":"","background-media":"","overlay-type":"","overlay-color":"","overlay-opacity":"","overlay-gradient":""},"tablet":{"background-color":"var(--ast-global-color-5)","background-image":"","background-repeat":"repeat","background-position":"center center","background-size":"auto","background-attachment":"scroll","background-type":"","background-media":"","overlay-type":"","overlay-color":"","overlay-opacity":"","overlay-gradient":""},"mobile":{"background-color":"var(--ast-global-color-5)","background-image":"","background-repeat":"repeat","background-position":"center center","background-size":"auto","background-attachment":"scroll","background-type":"","background-media":"","overlay-type":"","overlay-color":"","overlay-opacity":"","overlay-gradient":""}},"footnotes":""},"categories":[1,243],"tags":[480],"class_list":["post-6533","post","type-post","status-publish","format-standard","has-post-thumbnail","hentry","category-general","category-servei-comunitari","tag-solidaritat-serveicomunitari"],"post_mailing_queue_ids":[],"_links":{"self":[{"href":"https:\/\/agora.xtec.cat\/iessitges\/wp-json\/wp\/v2\/posts\/6533","targetHints":{"allow":["GET"]}}],"collection":[{"href":"https:\/\/agora.xtec.cat\/iessitges\/wp-json\/wp\/v2\/posts"}],"about":[{"href":"https:\/\/agora.xtec.cat\/iessitges\/wp-json\/wp\/v2\/types\/post"}],"author":[{"embeddable":true,"href":"https:\/\/agora.xtec.cat\/iessitges\/wp-json\/wp\/v2\/users\/5"}],"replies":[{"embeddable":true,"href":"https:\/\/agora.xtec.cat\/iessitges\/wp-json\/wp\/v2\/comments?post=6533"}],"version-history":[{"count":1,"href":"https:\/\/agora.xtec.cat\/iessitges\/wp-json\/wp\/v2\/posts\/6533\/revisions"}],"predecessor-version":[{"id":6537,"href":"https:\/\/agora.xtec.cat\/iessitges\/wp-json\/wp\/v2\/posts\/6533\/revisions\/6537"}],"wp:featuredmedia":[{"embeddable":true,"href":"https:\/\/agora.xtec.cat\/iessitges\/wp-json\/wp\/v2\/media\/6538"}],"wp:attachment":[{"href":"https:\/\/agora.xtec.cat\/iessitges\/wp-json\/wp\/v2\/media?parent=6533"}],"wp:term":[{"taxonomy":"category","embeddable":true,"href":"https:\/\/agora.xtec.cat\/iessitges\/wp-json\/wp\/v2\/categories?post=6533"},{"taxonomy":"post_tag","embeddable":true,"href":"https:\/\/agora.xtec.cat\/iessitges\/wp-json\/wp\/v2\/tags?post=6533"}],"curies":[{"name":"wp","href":"https:\/\/api.w.org\/{rel}","templated":true}]}}