{"id":5436,"date":"2021-06-09T10:17:04","date_gmt":"2021-06-09T08:17:04","guid":{"rendered":"https:\/\/agora.xtec.cat\/iessitges\/?p=5436"},"modified":"2021-06-09T10:17:04","modified_gmt":"2021-06-09T08:17:04","slug":"la-mayoria-son-conscientes-de-la-suciedad-que-provocan","status":"publish","type":"post","link":"https:\/\/agora.xtec.cat\/iessitges\/revista\/la-mayoria-son-conscientes-de-la-suciedad-que-provocan\/","title":{"rendered":"\u201cLa mayor\u00eda son conscientes de la suciedad que provocan&#8221;"},"content":{"rendered":"<p><a href=\"https:\/\/agora.xtec.cat\/iessitges\/wp-content\/uploads\/usu1948\/2021\/06\/foto-entr.jpeg\"><img loading=\"lazy\" decoding=\"async\" class=\"alignnone size-large wp-image-5505\" src=\"https:\/\/agora.xtec.cat\/iessitges\/wp-content\/uploads\/usu1948\/2021\/06\/foto-entr-1024x714.jpeg\" alt=\"\" width=\"1024\" height=\"714\" srcset=\"https:\/\/agora.xtec.cat\/iessitges\/wp-content\/uploads\/usu1948\/2021\/06\/foto-entr-1024x714.jpeg 1024w, https:\/\/agora.xtec.cat\/iessitges\/wp-content\/uploads\/usu1948\/2021\/06\/foto-entr-300x209.jpeg 300w, https:\/\/agora.xtec.cat\/iessitges\/wp-content\/uploads\/usu1948\/2021\/06\/foto-entr-768x536.jpeg 768w, https:\/\/agora.xtec.cat\/iessitges\/wp-content\/uploads\/usu1948\/2021\/06\/foto-entr.jpeg 1200w\" sizes=\"auto, (max-width: 1024px) 100vw, 1024px\" \/><\/a><\/p>\n<p>Las alumnas de 1.er de Bachillerato Iris P\u00e9rez e Isabel Parrales han realizado una entrevista a las se\u00f1oras de la limpieza\u00a0<span class=\"hiddenSpellError\">Roser<\/span>\u00a0y Patricia.<\/p>\n<p><strong>-\u00bfCu\u00e1nto hace que trabajas en este centro educativo?<\/strong><br \/>\n<em><span class=\"hiddenSpellError\">Patri<\/span>:<\/em> Yo en mi caso hace 14 a\u00f1os, pero\u00a0<span class=\"hiddenSpellError\">Roser<\/span>\u00a0no, ella lleva menos.<br \/>\n<em><span class=\"hiddenSpellError\">Roser<\/span>:<\/em> Yo llevo 8 a\u00f1os aqu\u00ed.<\/p>\n<p><strong>-\u00bfCu\u00e1ntas horas trabajas a la semana?<\/strong><br \/>\n<em>Roser<\/em>: Yo semanalmente trabajo 20\u202fhoras.<br \/>\n<em><span class=\"hiddenSpellError\">Patri<\/span>:<\/em> Y yo semanalmente el doble; 40.<\/p>\n<p><strong>-\u00bfAlguna vez has recibido un trato que no era el adecuado?<\/strong><br \/>\n<em><span class=\"hiddenSpellError\">Roser<\/span>:<\/em> Yo, por parte m\u00eda, de alg\u00fan alumno si, alguna mala contestaci\u00f3n mal o que te dejen el centro sucio, sobre todo en los bancos, y que encima de contestarme\u00a0mal por decirles que lo que han hecho no est\u00e1 bien.<br \/>\n<em><span class=\"hiddenSpellError\">Patri<\/span>:<\/em> Yo por mi parte no, porque siempre he venido al turno de tarde y la verdad, es otro trato diferente. Ahora tengo el turno de ma\u00f1ana y se nota mucho m\u00e1s el cambio<\/p>\n<p><strong>-\u00bfOs cuesta relacionarte con los alumnos de este centro a la hora de hacer tu trabajo?<\/strong><br \/>\n<em><span class=\"hiddenSpellError\">Roser<\/span>:<\/em> \u00a1No al contrario, s\u00faper bien!<br \/>\n<em>Pilar:<\/em> \u00a1No para nada!, si pueden te facilitan la faena.<\/p>\n<p><strong>-\u00bfCrees que el alumnado es consciente de la suciedad que provoca?<\/strong><br \/>\n<em><span class=\"hiddenSpellError\">Roser<\/span>:<\/em> Bueno hay algunos que s\u00ed, pero la mayor\u00eda no es consciente en mi opini\u00f3n<br \/>\n<em><span class=\"hiddenSpellError\">Patri<\/span>:<\/em> Yo considero que la mayor\u00eda s\u00ed son conscientes, lo que pasa es que hay una minor\u00eda que no, s\u00ed que es cierto que a lo largo de los cursos ha mejorado much\u00edsimo. Bueno es que\u00a0<span class=\"hiddenSpellError\">Roser<\/span>\u00a0hace patios y yo siempre he hecho cocinas y clases<br \/>\n<em><span class=\"hiddenSpellError\">Roser<\/span>:<\/em> Claro, es diferente porque ella viene a la tarde trata con gente que ya estudian porque quieren no porque les obligan, secundaria es obligado entonces es diferente.<\/p>\n<p><strong>-\u00bfSi no estuviese trabajando de lo que te dedicas en la actualidad, que te hubiese gustado hacer?<\/strong><br \/>\n<em><span class=\"hiddenSpellError\">Roser<\/span>:<\/em> Si no estuviese trabajando en el servicio de limpieza, estar\u00eda trabajando de jardiner\u00eda<br \/>\n<em><span class=\"hiddenSpellError\">Patri<\/span>:<\/em> Yo tengo mis estudios medios, lo que pasa es que lo dej\u00e9, pero nunca me pondr\u00eda a trabajar de lo que he estudiado, realmente no me gusta. Me gusta mucho la resoluci\u00f3n y hosteler\u00eda, porque he tenido un bar y me gusta, me gustar\u00eda seguir la verdad.<\/p>\n<p><strong>-\u00bfCrees que tu trabajo laboral est\u00e1 prestigiado por la sociedad?<\/strong><br \/>\n<em><span class=\"hiddenSpellError\">Patri<\/span>:<\/em> No est\u00e1 valorado, lo que pasa que con el tiempo o por la situaci\u00f3n actual la gente valora este trabajo m\u00e1s que antes, y ahora te valoran m\u00e1s.<\/p>\n<p><strong>-\u00bfC\u00f3mo podemos facilitar el trabajo<\/strong> <strong>los alumnos y traba del centro?<\/strong><br \/>\n<em><span class=\"hiddenSpellError\">Patri<\/span>:<\/em> Pues nos pod\u00e9is facilitar el trabajo recogiendo lo que hab\u00e9is utilizado, eso nos ayudar\u00eda mucho realmente.<\/p>\n","protected":false},"excerpt":{"rendered":"<p>Las alumnas de 1.er de Bachillerato Iris P\u00e9rez e Isabel Parrales han realizado una entrevista a las se\u00f1oras de la limpieza\u00a0Roser\u00a0y Patricia. -\u00bfCu\u00e1nto hace que trabajas en este centro educativo? Patri: Yo en mi caso hace 14 a\u00f1os, pero\u00a0Roser\u00a0no, ella lleva menos. Roser: Yo llevo 8 a\u00f1os aqu\u00ed. -\u00bfCu\u00e1ntas horas trabajas a la semana? Roser: [&hellip;]<\/p>\n","protected":false},"author":22,"featured_media":5505,"comment_status":"open","ping_status":"closed","sticky":false,"template":"","format":"standard","meta":{"site-sidebar-layout":"default","site-content-layout":"","ast-site-content-layout":"","site-content-style":"default","site-sidebar-style":"default","ast-global-header-display":"","ast-banner-title-visibility":"","ast-main-header-display":"","ast-hfb-above-header-display":"","ast-hfb-below-header-display":"","ast-hfb-mobile-header-display":"","site-post-title":"","ast-breadcrumbs-content":"","ast-featured-img":"","footer-sml-layout":"","theme-transparent-header-meta":"","adv-header-id-meta":"","stick-header-meta":"","header-above-stick-meta":"","header-main-stick-meta":"","header-below-stick-meta":"","astra-migrate-meta-layouts":"default","ast-page-background-enabled":"default","ast-page-background-meta":{"desktop":{"background-color":"var(--ast-global-color-4)","background-image":"","background-repeat":"repeat","background-position":"center center","background-size":"auto","background-attachment":"scroll","background-type":"","background-media":"","overlay-type":"","overlay-color":"","overlay-opacity":"","overlay-gradient":""},"tablet":{"background-color":"","background-image":"","background-repeat":"repeat","background-position":"center center","background-size":"auto","background-attachment":"scroll","background-type":"","background-media":"","overlay-type":"","overlay-color":"","overlay-opacity":"","overlay-gradient":""},"mobile":{"background-color":"","background-image":"","background-repeat":"repeat","background-position":"center center","background-size":"auto","background-attachment":"scroll","background-type":"","background-media":"","overlay-type":"","overlay-color":"","overlay-opacity":"","overlay-gradient":""}},"ast-content-background-meta":{"desktop":{"background-color":"var(--ast-global-color-5)","background-image":"","background-repeat":"repeat","background-position":"center center","background-size":"auto","background-attachment":"scroll","background-type":"","background-media":"","overlay-type":"","overlay-color":"","overlay-opacity":"","overlay-gradient":""},"tablet":{"background-color":"var(--ast-global-color-5)","background-image":"","background-repeat":"repeat","background-position":"center center","background-size":"auto","background-attachment":"scroll","background-type":"","background-media":"","overlay-type":"","overlay-color":"","overlay-opacity":"","overlay-gradient":""},"mobile":{"background-color":"var(--ast-global-color-5)","background-image":"","background-repeat":"repeat","background-position":"center center","background-size":"auto","background-attachment":"scroll","background-type":"","background-media":"","overlay-type":"","overlay-color":"","overlay-opacity":"","overlay-gradient":""}},"footnotes":""},"categories":[120],"tags":[],"class_list":["post-5436","post","type-post","status-publish","format-standard","has-post-thumbnail","hentry","category-revista"],"post_mailing_queue_ids":[],"_links":{"self":[{"href":"https:\/\/agora.xtec.cat\/iessitges\/wp-json\/wp\/v2\/posts\/5436","targetHints":{"allow":["GET"]}}],"collection":[{"href":"https:\/\/agora.xtec.cat\/iessitges\/wp-json\/wp\/v2\/posts"}],"about":[{"href":"https:\/\/agora.xtec.cat\/iessitges\/wp-json\/wp\/v2\/types\/post"}],"author":[{"embeddable":true,"href":"https:\/\/agora.xtec.cat\/iessitges\/wp-json\/wp\/v2\/users\/22"}],"replies":[{"embeddable":true,"href":"https:\/\/agora.xtec.cat\/iessitges\/wp-json\/wp\/v2\/comments?post=5436"}],"version-history":[{"count":3,"href":"https:\/\/agora.xtec.cat\/iessitges\/wp-json\/wp\/v2\/posts\/5436\/revisions"}],"predecessor-version":[{"id":5509,"href":"https:\/\/agora.xtec.cat\/iessitges\/wp-json\/wp\/v2\/posts\/5436\/revisions\/5509"}],"wp:featuredmedia":[{"embeddable":true,"href":"https:\/\/agora.xtec.cat\/iessitges\/wp-json\/wp\/v2\/media\/5505"}],"wp:attachment":[{"href":"https:\/\/agora.xtec.cat\/iessitges\/wp-json\/wp\/v2\/media?parent=5436"}],"wp:term":[{"taxonomy":"category","embeddable":true,"href":"https:\/\/agora.xtec.cat\/iessitges\/wp-json\/wp\/v2\/categories?post=5436"},{"taxonomy":"post_tag","embeddable":true,"href":"https:\/\/agora.xtec.cat\/iessitges\/wp-json\/wp\/v2\/tags?post=5436"}],"curies":[{"name":"wp","href":"https:\/\/api.w.org\/{rel}","templated":true}]}}