{"id":4857,"date":"2021-04-16T09:29:04","date_gmt":"2021-04-16T07:29:04","guid":{"rendered":"https:\/\/agora.xtec.cat\/iessitges\/?p=4857"},"modified":"2024-04-26T13:05:52","modified_gmt":"2024-04-26T11:05:52","slug":"ines-salas-ser-conserge-es-la-feina-mes-privilegiada","status":"publish","type":"post","link":"https:\/\/agora.xtec.cat\/iessitges\/general\/ines-salas-ser-conserge-es-la-feina-mes-privilegiada\/","title":{"rendered":"In\u00e9s Salas: &#8220;Ser conserge \u00e9s la feina m\u00e9s privilegiada&#8221;"},"content":{"rendered":"<p><a href=\"https:\/\/agora.xtec.cat\/iessitges\/wp-content\/uploads\/usu1948\/2021\/04\/image_50412801-e1618556009247.jpg\"><img loading=\"lazy\" decoding=\"async\" class=\"alignnone size-large wp-image-4858\" src=\"https:\/\/agora.xtec.cat\/iessitges\/wp-content\/uploads\/usu1948\/2021\/04\/image_50412801-1024x879.jpg\" alt=\"\" width=\"1024\" height=\"879\" \/><\/a><\/p>\n<p><em><span style=\"font-weight: 400;\">Entrevista a In\u00e9s Salas, conserge de l&#8217;institut Joan Ramon Benapr\u00e8s.<\/span><\/em><\/p>\n<p><span style=\"font-weight: 400;\">Just abans de les vacances de setmana Santa, des de <em>La Benvista<\/em> van tenir l&#8217;oportunitat de poder fer una entrevistar a In\u00e9s Salas, una de les tres conserges del centre. Junt amb Eloisa Garcia i Joana Coscollar, m\u00e9s enll\u00e0 de la seva tasca, tamb\u00e9 acostumen a ser la primera cara que tota persona coneix (als matins) quan acaba d&#8217;arribar a l&#8217;institut Joan Ramon Benapr\u00e8s.<\/span><\/p>\n<p><b>-Quants anys fa que treballes de conserge? I en aquest centre?<br \/>\n<\/b><span style=\"font-weight: 400;\">M\u00e9s o menys fa uns deu anys i en aquest centre \u00e9s al tercer curs.<\/span><\/p>\n<p><b>-Has tingut alguna experi\u00e8ncia desagradable en la teva feina? Si \u00e9s que s\u00ed, com va ser?<br \/>\n<\/b><span style=\"font-weight: 400;\">M&#8217;agrada molt la meva feina. Per tant, si que hi ha hagut moments en qu\u00e8 he hagut d&#8217;esbroncar alg\u00fa. Per\u00f2 desagradable tampoc; si no la recordo no era tan desagradable. Tot i que han arribat a venir pares molt enfadats, amb alg\u00fa del centre o simplement amb els nens&#8230;<\/span><\/p>\n<p><b>-Quantes hores treballes setmanalment?<br \/>\n<\/b><span style=\"font-weight: 400;\">Treballo vuit hores di\u00e0ries. Per tant, 35 a la setmana.<\/span><\/p>\n<p><b>-Penses que hi ha hagut algun canvi respecte a les generacions d&#8217;anys enrere?<br \/>\n<\/b><span style=\"font-weight: 400;\">Evidentment. Jo ja he coincidit amb aquesta generaci\u00f3 en qu\u00e8 els canvis est\u00e8tics no s\u00f3n tan evidents. Els nens els fem tornar m\u00e9s ganduls o es tornen m\u00e9s ganduls? Doncs s\u00ed. Realment, s\u00ed.<\/span><\/p>\n<p><b>-Quin va ser el motiu pel qual vas decidir treballar de conserge?<br \/>\n<\/b><span style=\"font-weight: 400;\">Realment va ser de casualitat. Estava fent un nivell C de catal\u00e0 amb una noia que estava treballant de conserge. Un dia parlant amb ella li vaig preguntar com havia aconseguit la seva feina i em va explicar que hi havia una borsa de treball. Aix\u00f2 m&#8217;ho va dir un dimecres i divendres ja m&#8217;estava trucant el departament per preguntar si volia treballar de conserge.<\/span><\/p>\n<p><b>-Fa deu anys pensaves que estaries treballant d&#8217;aix\u00f2?<br \/>\n<\/b><span style=\"font-weight: 400;\">El que no m&#8217;imaginava \u00e9s que m&#8217;agrad\u00e9s tant, perqu\u00e8 al principi el fet de ser la feina de categoria m\u00e9s baixa d&#8217;una escola potser et fa prejutjar-ho. Per\u00f2 realment no \u00e9s aix\u00ed, des de el meu punt de vista avui dia \u00e9s el lloc m\u00e9s privilegiat.<\/span><\/p>\n<p><b>-Penses que la bona relaci\u00f3 entre professorat i alumnat t&#8217;anima a venir a treballar?<br \/>\n<\/b><span style=\"font-weight: 400;\">Evidentment que s\u00ed. Si no est\u00e0s a gust amb l&#8217;entorn de la teva feina es fa m\u00e9s dif\u00edcil anar a treballar.<\/span><\/p>\n<p><b>-Si mai deixes de treballar de conserge, qu\u00e8 creus que faries?<br \/>\n<\/b><span style=\"font-weight: 400;\">No s\u00e9, pensa que ja tinc una edat.<\/span><\/p>\n<p><b>-Abans de ser conserge tenies altres plantejaments laborals?<br \/>\n<\/b><span style=\"font-weight: 400;\">M&#8217;hagu\u00e9s encantat ser pilot d&#8217;avions i de combat. El que passa \u00e9s que amb dinou anys que tenia jo, era molt dif\u00edcil entrar a Gu\u00e0rdia Civil perqu\u00e8 no arribava a l&#8217;al\u00e7ada m\u00ednima exigible. A part, tampoc no entraven dones.<\/span><\/p>\n<p><b>-T&#8217;agrada la teva feina?<br \/>\n<\/b><span style=\"font-weight: 400;\">M&#8217;agrada molt\u00edssim. M&#8217;omple molt, la veritat.<\/span><\/p>\n<p style=\"text-align: right;\"><em>Autores: Isabel Parrales i Iris P\u00e9rez<\/em><\/p>\n","protected":false},"excerpt":{"rendered":"<p>Entrevista a In\u00e9s Salas, conserge de l&#8217;institut Joan Ramon Benapr\u00e8s. Just abans de les vacances de setmana Santa, des de La Benvista van tenir l&#8217;oportunitat de poder fer una entrevistar a In\u00e9s Salas, una de les tres conserges del centre. Junt amb Eloisa Garcia i Joana Coscollar, m\u00e9s enll\u00e0 de la seva tasca, tamb\u00e9 acostumen [&hellip;]<\/p>\n","protected":false},"author":22,"featured_media":4858,"comment_status":"open","ping_status":"closed","sticky":false,"template":"","format":"standard","meta":{"site-sidebar-layout":"default","site-content-layout":"","ast-site-content-layout":"","site-content-style":"default","site-sidebar-style":"default","ast-global-header-display":"","ast-banner-title-visibility":"","ast-main-header-display":"","ast-hfb-above-header-display":"","ast-hfb-below-header-display":"","ast-hfb-mobile-header-display":"","site-post-title":"","ast-breadcrumbs-content":"","ast-featured-img":"","footer-sml-layout":"","theme-transparent-header-meta":"","adv-header-id-meta":"","stick-header-meta":"","header-above-stick-meta":"","header-main-stick-meta":"","header-below-stick-meta":"","astra-migrate-meta-layouts":"default","ast-page-background-enabled":"default","ast-page-background-meta":{"desktop":{"background-color":"var(--ast-global-color-4)","background-image":"","background-repeat":"repeat","background-position":"center center","background-size":"auto","background-attachment":"scroll","background-type":"","background-media":"","overlay-type":"","overlay-color":"","overlay-opacity":"","overlay-gradient":""},"tablet":{"background-color":"","background-image":"","background-repeat":"repeat","background-position":"center center","background-size":"auto","background-attachment":"scroll","background-type":"","background-media":"","overlay-type":"","overlay-color":"","overlay-opacity":"","overlay-gradient":""},"mobile":{"background-color":"","background-image":"","background-repeat":"repeat","background-position":"center center","background-size":"auto","background-attachment":"scroll","background-type":"","background-media":"","overlay-type":"","overlay-color":"","overlay-opacity":"","overlay-gradient":""}},"ast-content-background-meta":{"desktop":{"background-color":"var(--ast-global-color-5)","background-image":"","background-repeat":"repeat","background-position":"center center","background-size":"auto","background-attachment":"scroll","background-type":"","background-media":"","overlay-type":"","overlay-color":"","overlay-opacity":"","overlay-gradient":""},"tablet":{"background-color":"var(--ast-global-color-5)","background-image":"","background-repeat":"repeat","background-position":"center center","background-size":"auto","background-attachment":"scroll","background-type":"","background-media":"","overlay-type":"","overlay-color":"","overlay-opacity":"","overlay-gradient":""},"mobile":{"background-color":"var(--ast-global-color-5)","background-image":"","background-repeat":"repeat","background-position":"center center","background-size":"auto","background-attachment":"scroll","background-type":"","background-media":"","overlay-type":"","overlay-color":"","overlay-opacity":"","overlay-gradient":""}},"footnotes":""},"categories":[1,120],"tags":[378,351,377],"class_list":["post-4857","post","type-post","status-publish","format-standard","has-post-thumbnail","hentry","category-general","category-revista","tag-conserge","tag-entrevista","tag-ines"],"post_mailing_queue_ids":[],"_links":{"self":[{"href":"https:\/\/agora.xtec.cat\/iessitges\/wp-json\/wp\/v2\/posts\/4857","targetHints":{"allow":["GET"]}}],"collection":[{"href":"https:\/\/agora.xtec.cat\/iessitges\/wp-json\/wp\/v2\/posts"}],"about":[{"href":"https:\/\/agora.xtec.cat\/iessitges\/wp-json\/wp\/v2\/types\/post"}],"author":[{"embeddable":true,"href":"https:\/\/agora.xtec.cat\/iessitges\/wp-json\/wp\/v2\/users\/22"}],"replies":[{"embeddable":true,"href":"https:\/\/agora.xtec.cat\/iessitges\/wp-json\/wp\/v2\/comments?post=4857"}],"version-history":[{"count":4,"href":"https:\/\/agora.xtec.cat\/iessitges\/wp-json\/wp\/v2\/posts\/4857\/revisions"}],"predecessor-version":[{"id":12716,"href":"https:\/\/agora.xtec.cat\/iessitges\/wp-json\/wp\/v2\/posts\/4857\/revisions\/12716"}],"wp:featuredmedia":[{"embeddable":true,"href":"https:\/\/agora.xtec.cat\/iessitges\/wp-json\/wp\/v2\/media\/4858"}],"wp:attachment":[{"href":"https:\/\/agora.xtec.cat\/iessitges\/wp-json\/wp\/v2\/media?parent=4857"}],"wp:term":[{"taxonomy":"category","embeddable":true,"href":"https:\/\/agora.xtec.cat\/iessitges\/wp-json\/wp\/v2\/categories?post=4857"},{"taxonomy":"post_tag","embeddable":true,"href":"https:\/\/agora.xtec.cat\/iessitges\/wp-json\/wp\/v2\/tags?post=4857"}],"curies":[{"name":"wp","href":"https:\/\/api.w.org\/{rel}","templated":true}]}}