{"id":4807,"date":"2021-04-16T08:00:37","date_gmt":"2021-04-16T06:00:37","guid":{"rendered":"https:\/\/agora.xtec.cat\/iessitges\/?p=4807"},"modified":"2021-04-13T12:28:27","modified_gmt":"2021-04-13T10:28:27","slug":"que-fem-recomanacions-culturals-7","status":"publish","type":"post","link":"https:\/\/agora.xtec.cat\/iessitges\/revista\/que-fem-recomanacions-culturals-7\/","title":{"rendered":"Qu\u00e8 fem? Recomanacions culturals"},"content":{"rendered":"<p>Aquesta setmana la secci\u00f3 <em>Qu\u00e8 fem?<\/em> de La Benvista la dediquem en exclusiva al camp audiovisual. Com sempre, les nostres recomanacions no tenen per qu\u00e8 fer refer\u00e8ncia a les estrenes actuals. Tamb\u00e9 ens agrada recomanar propostes amb m\u00e9s solera.<\/p>\n<p><b>PRISON BREAK<\/b><\/p>\n<p><span style=\"font-weight: 400;\">Prison Break \u00e9s una s\u00e8rie de televisi\u00f3 estadunidenca creada per Paul Scheuring i transmesa per la cadena de televisi\u00f3 FOX.\u00a0<\/span><\/p>\n<p><span style=\"font-weight: 400;\">La primera temporada va ser estrenada el 2005 i va ser tot un \u00e8xit, des d&#8217;aleshores la s\u00e8rie s&#8217;ha em\u00e8s a 42 pa\u00efsos diferents per la gran popularitat aconseguida als estats units.<\/span><\/p>\n<p><span style=\"font-weight: 400;\">La trama, gira al voltant d&#8217;un home anomenat Michael Scofield, ell mateix ela<\/span>bora un pla per rescatar el seu germ\u00e0 Lincoln Burrows de la pres\u00f3, entra a &#8220;Fox River&#8221; una presor de m\u00e0xima seguretat a prop de Chicago, per treure al seu germ\u00e0 acusat per un fals assassinat del germ\u00e0 de la vicepresidenta. Despr\u00e9s d&#8217;haver planejat la fugida, Michael roba un banc a m\u00e0 armada perqu\u00e8 l&#8217;empresonin a Fox River i aix\u00ed trobar-se amb el seu germ\u00e0 a dintre.<\/p>\n<p><span style=\"font-weight: 400;\">Dins de la pres\u00f3 ha de dur a terme el seu pla, per\u00f2 ha de superar<\/span><\/p>\n<p><img loading=\"lazy\" decoding=\"async\" class=\"wp-image-4808 alignright\" src=\"https:\/\/agora.xtec.cat\/iessitges\/wp-content\/uploads\/usu1948\/2021\/04\/7d6e565164cfc640b0bf689d7bd58a82.jpg\" alt=\"\" width=\"231\" height=\"169\" srcset=\"https:\/\/agora.xtec.cat\/iessitges\/wp-content\/uploads\/usu1948\/2021\/04\/7d6e565164cfc640b0bf689d7bd58a82.jpg 568w, https:\/\/agora.xtec.cat\/iessitges\/wp-content\/uploads\/usu1948\/2021\/04\/7d6e565164cfc640b0bf689d7bd58a82-300x220.jpg 300w\" sizes=\"auto, (max-width: 231px) 100vw, 231px\" \/><span style=\"font-family: inherit; font-size: 1em;\">obstac<\/span><span style=\"font-family: inherit; font-size: 1em;\">les, sobr<\/span><span style=\"font-family: inherit; font-size: 1em;\">eviure a la pres\u00f3 i aliar-se amb altres presos per poder escapar amb el seu germ\u00e0 de la pres\u00f3 abans de la seva data d&#8217;execuci\u00f3.<\/span><\/p>\n<p><span style=\"font-weight: 400;\">La s\u00e8rie consta de 5 temporades, totes les temporades han sigut un gran \u00e8xit per\u00f2 pels espectadors, la millor temporada \u00e9s la primera considerada per molts una obra d\u2019art dintre del m\u00f3n de les s\u00e8ries.<\/span><\/p>\n<p><b>EL DESORDEN QUE DEJAS<\/b><\/p>\n<p><span style=\"font-weight: 400;\">\u00c9s una s\u00e8rie original de Netflix estrenada el passat 2020 per a un p\u00fablic juvenil, basada en el llibre \u201cel desorden que dejas\u201d de Carlos Montero, autor del llibre i\u00a0 a la vegada director de la s\u00e8rie, fam\u00f3s per haver produ\u00eft s\u00e8ries tant populars com \u201c\u00c9lite\u201d o \u201cLa Casa de Papel, per tant, hi havia expectatives ben altes que podr\u00edem dir que s\u2019han complert.<\/span><\/p>\n<p><span style=\"font-weight: 400;\"><a href=\"https:\/\/agora.xtec.cat\/iessitges\/wp-content\/uploads\/usu1948\/2021\/04\/el-desorden-que-dejas-netflix.jpg\"><img loading=\"lazy\" decoding=\"async\" class=\"wp-image-4809 alignleft\" src=\"https:\/\/agora.xtec.cat\/iessitges\/wp-content\/uploads\/usu1948\/2021\/04\/el-desorden-que-dejas-netflix-1024x576.jpg\" alt=\"\" width=\"439\" height=\"247\" srcset=\"https:\/\/agora.xtec.cat\/iessitges\/wp-content\/uploads\/usu1948\/2021\/04\/el-desorden-que-dejas-netflix-1024x576.jpg 1024w, https:\/\/agora.xtec.cat\/iessitges\/wp-content\/uploads\/usu1948\/2021\/04\/el-desorden-que-dejas-netflix-300x169.jpg 300w, https:\/\/agora.xtec.cat\/iessitges\/wp-content\/uploads\/usu1948\/2021\/04\/el-desorden-que-dejas-netflix-768x432.jpg 768w, https:\/\/agora.xtec.cat\/iessitges\/wp-content\/uploads\/usu1948\/2021\/04\/el-desorden-que-dejas-netflix.jpg 1280w\" sizes=\"auto, (max-width: 439px) 100vw, 439px\" \/><\/a>La sinopsi \u00e9s molt interessant per\u00f2 falla en no atrapar el p\u00fablic des de el primer moment, aix\u00f2 comen\u00e7a a passar a partir de l\u2019episodi 5, pel que \u00e9s com\u00fa que si la hist\u00f2ria no aconsegueix atrapar a l\u2019espectador r\u00e0pid, \u00e9s senzill que aquest deixi de veure-la perqu\u00e8 la considera avorrida, aix\u00f2 no vol dir que ho sigui, de fet, si t\u2019agrada el suspens o el misteri l\u2019has de veure, ja que en ser tan fosca pot ser dram\u00e0tica i emocional.<\/span><\/p>\n<p><span style=\"font-weight: 400;\">En conclusi\u00f3, si t\u2019agrada tot el que t\u00e9 a veure amb resoldre misteris forts \u00e9s una s\u00e8rie que est\u00e0 dissenyada per a tu.<\/span><\/p>\n<p><b>SUPERMAN<\/b><\/p>\n<p><span style=\"font-weight: 400;\">Des d&#8217;una gal\u00e0xia remota, un nad\u00f3 \u00e9s enviat pels seus pares a l&#8217;espai a causa de la imminent\u00a0<\/span><span style=\"font-weight: 400;\">destrucci\u00f3 de la planeta on viuen. <\/span><span style=\"font-weight: 400;\">La nau aterra a la Terra, i el nen \u00e9s adoptat per uns grangers que li inculquen els millors valors humans i li posen el nom de <\/span><a href=\"https:\/\/ca.wikipedia.org\/wiki\/Clark_Kent\"><span style=\"font-weight: 400;\">Clark K<\/span><\/a><span style=\"font-weight: 400;\">ent. Amb els a<a href=\"https:\/\/agora.xtec.cat\/iessitges\/wp-content\/uploads\/usu1948\/2021\/04\/superman_returns-351101421-large.jpg\"><img loading=\"lazy\" decoding=\"async\" class=\"wp-image-4811 alignright\" src=\"https:\/\/agora.xtec.cat\/iessitges\/wp-content\/uploads\/usu1948\/2021\/04\/superman_returns-351101421-large-683x1024.jpg\" alt=\"\" width=\"169\" height=\"253\" srcset=\"https:\/\/agora.xtec.cat\/iessitges\/wp-content\/uploads\/usu1948\/2021\/04\/superman_returns-351101421-large-683x1024.jpg 683w, https:\/\/agora.xtec.cat\/iessitges\/wp-content\/uploads\/usu1948\/2021\/04\/superman_returns-351101421-large-200x300.jpg 200w, https:\/\/agora.xtec.cat\/iessitges\/wp-content\/uploads\/usu1948\/2021\/04\/superman_returns-351101421-large-768x1152.jpg 768w, https:\/\/agora.xtec.cat\/iessitges\/wp-content\/uploads\/usu1948\/2021\/04\/superman_returns-351101421-large.jpg 800w\" sizes=\"auto, (max-width: 169px) 100vw, 169px\" \/><\/a>nys el jove s&#8217;anir\u00e0 a Metr\u00f2polis i all\u00e0 far\u00e0 servir els seus poders sobrenaturals per lluitar contra el Mal.<\/span><\/p>\n<p><span style=\"font-weight: 400;\">Clark descobreix que posseeix poders sobrehumans, com ara una for\u00e7a extraordin\u00e0ria, una gran velocitat, la facultat de volar, de provocar ignici\u00f3 amb la vista o veure a trav\u00e9s d&#8217;objectes, una afinad\u00edssima o\u00efda&#8230; <\/span><span style=\"font-weight: 400;\">En la seva identitat civil, Clark \u00e9s el reporter del diari Daily Planet de la ciutat de Metr\u00f2polis.<\/span><\/p>\n<p><span style=\"font-weight: 400;\">Secretament, Clark utilitza la disfressa de Superman fent \u00fas dels seus poders per lluitar per la veritat i la just\u00edcia.<\/span><\/p>\n<p><b>EL DIARI DE GREG<\/b><\/p>\n<p><span style=\"font-weight: 400;\">\u00c9s un llibre d&#8217;estil de diari per a nens adolescents, que incorpora records d&#8217;infantesa del protagonista. El seu autor \u00e9s Jeff Kinney, un escriptor i dibuixant nord-americ\u00e0 des de fa m\u00e9s de quaranta anys.\u00a0<\/span><\/p>\n<p><span style=\"font-weight: 400;\">Amb la llegend\u00e0ria hist\u00f2ria d\u2019aquests sis llibres que va narrar cronol\u00f2gicament va revolucionar el m\u00f3n lector. <a href=\"https:\/\/agora.xtec.cat\/iessitges\/wp-content\/uploads\/usu1948\/2021\/04\/51nMF3ASCtL.jpg\"><img loading=\"lazy\" decoding=\"async\" class=\"wp-image-4813 alignleft\" src=\"https:\/\/agora.xtec.cat\/iessitges\/wp-content\/uploads\/usu1948\/2021\/04\/51nMF3ASCtL.jpg\" alt=\"\" width=\"135\" height=\"214\" srcset=\"https:\/\/agora.xtec.cat\/iessitges\/wp-content\/uploads\/usu1948\/2021\/04\/51nMF3ASCtL.jpg 315w, https:\/\/agora.xtec.cat\/iessitges\/wp-content\/uploads\/usu1948\/2021\/04\/51nMF3ASCtL-189x300.jpg 189w\" sizes=\"auto, (max-width: 135px) 100vw, 135px\" \/><\/a><\/span><\/p>\n<p><span style=\"font-weight: 400;\">El llibre \u00e9s escrit per la seva mare quan ell estava a l&#8217;escola, all\u00e0 on ell se sentia inc\u00f2mode perqu\u00e8 havia d\u2019anar amb nens m\u00e9s grans que el maltractaven, s\u2019explica la hist\u00f2ria de l&#8217;experi\u00e8ncia de Greg en el seu dia a dia experimentant les dificultats d&#8217;un nen durant la seva inf\u00e0ncia.\u00a0 <\/span><span style=\"font-weight: 400;\">Finalment, despr\u00e9s de tantes dificultats, Greg va trobar un amic anomenat Rowley i aquest va ser el seu company d\u2019aventures en gaireb\u00e9 totes les seves hist\u00f2ries.<\/span><\/p>\n<p style=\"text-align: right;\"><em>Autors: Ramon Vicente, Ma\u00fcr Vazquez.<\/em><\/p>\n<p>&nbsp;<\/p>\n","protected":false},"excerpt":{"rendered":"<p>Aquesta setmana la secci\u00f3 Qu\u00e8 fem? de La Benvista la dediquem en exclusiva al camp audiovisual. Com sempre, les nostres recomanacions no tenen per qu\u00e8 fer refer\u00e8ncia a les estrenes actuals. Tamb\u00e9 ens agrada recomanar propostes amb m\u00e9s solera. PRISON BREAK Prison Break \u00e9s una s\u00e8rie de televisi\u00f3 estadunidenca creada per Paul Scheuring i transmesa [&hellip;]<\/p>\n","protected":false},"author":22,"featured_media":4809,"comment_status":"open","ping_status":"closed","sticky":false,"template":"","format":"standard","meta":{"site-sidebar-layout":"default","site-content-layout":"","ast-site-content-layout":"","site-content-style":"default","site-sidebar-style":"default","ast-global-header-display":"","ast-banner-title-visibility":"","ast-main-header-display":"","ast-hfb-above-header-display":"","ast-hfb-below-header-display":"","ast-hfb-mobile-header-display":"","site-post-title":"","ast-breadcrumbs-content":"","ast-featured-img":"","footer-sml-layout":"","theme-transparent-header-meta":"","adv-header-id-meta":"","stick-header-meta":"","header-above-stick-meta":"","header-main-stick-meta":"","header-below-stick-meta":"","astra-migrate-meta-layouts":"default","ast-page-background-enabled":"default","ast-page-background-meta":{"desktop":{"background-color":"var(--ast-global-color-4)","background-image":"","background-repeat":"repeat","background-position":"center center","background-size":"auto","background-attachment":"scroll","background-type":"","background-media":"","overlay-type":"","overlay-color":"","overlay-opacity":"","overlay-gradient":""},"tablet":{"background-color":"","background-image":"","background-repeat":"repeat","background-position":"center center","background-size":"auto","background-attachment":"scroll","background-type":"","background-media":"","overlay-type":"","overlay-color":"","overlay-opacity":"","overlay-gradient":""},"mobile":{"background-color":"","background-image":"","background-repeat":"repeat","background-position":"center center","background-size":"auto","background-attachment":"scroll","background-type":"","background-media":"","overlay-type":"","overlay-color":"","overlay-opacity":"","overlay-gradient":""}},"ast-content-background-meta":{"desktop":{"background-color":"var(--ast-global-color-5)","background-image":"","background-repeat":"repeat","background-position":"center center","background-size":"auto","background-attachment":"scroll","background-type":"","background-media":"","overlay-type":"","overlay-color":"","overlay-opacity":"","overlay-gradient":""},"tablet":{"background-color":"var(--ast-global-color-5)","background-image":"","background-repeat":"repeat","background-position":"center center","background-size":"auto","background-attachment":"scroll","background-type":"","background-media":"","overlay-type":"","overlay-color":"","overlay-opacity":"","overlay-gradient":""},"mobile":{"background-color":"var(--ast-global-color-5)","background-image":"","background-repeat":"repeat","background-position":"center center","background-size":"auto","background-attachment":"scroll","background-type":"","background-media":"","overlay-type":"","overlay-color":"","overlay-opacity":"","overlay-gradient":""}},"footnotes":""},"categories":[120],"tags":[249,353,308,313],"class_list":["post-4807","post","type-post","status-publish","format-standard","has-post-thumbnail","hentry","category-revista","tag-benapres","tag-labenvista","tag-periodisme","tag-recomanacions"],"post_mailing_queue_ids":[],"_links":{"self":[{"href":"https:\/\/agora.xtec.cat\/iessitges\/wp-json\/wp\/v2\/posts\/4807","targetHints":{"allow":["GET"]}}],"collection":[{"href":"https:\/\/agora.xtec.cat\/iessitges\/wp-json\/wp\/v2\/posts"}],"about":[{"href":"https:\/\/agora.xtec.cat\/iessitges\/wp-json\/wp\/v2\/types\/post"}],"author":[{"embeddable":true,"href":"https:\/\/agora.xtec.cat\/iessitges\/wp-json\/wp\/v2\/users\/22"}],"replies":[{"embeddable":true,"href":"https:\/\/agora.xtec.cat\/iessitges\/wp-json\/wp\/v2\/comments?post=4807"}],"version-history":[{"count":4,"href":"https:\/\/agora.xtec.cat\/iessitges\/wp-json\/wp\/v2\/posts\/4807\/revisions"}],"predecessor-version":[{"id":4816,"href":"https:\/\/agora.xtec.cat\/iessitges\/wp-json\/wp\/v2\/posts\/4807\/revisions\/4816"}],"wp:featuredmedia":[{"embeddable":true,"href":"https:\/\/agora.xtec.cat\/iessitges\/wp-json\/wp\/v2\/media\/4809"}],"wp:attachment":[{"href":"https:\/\/agora.xtec.cat\/iessitges\/wp-json\/wp\/v2\/media?parent=4807"}],"wp:term":[{"taxonomy":"category","embeddable":true,"href":"https:\/\/agora.xtec.cat\/iessitges\/wp-json\/wp\/v2\/categories?post=4807"},{"taxonomy":"post_tag","embeddable":true,"href":"https:\/\/agora.xtec.cat\/iessitges\/wp-json\/wp\/v2\/tags?post=4807"}],"curies":[{"name":"wp","href":"https:\/\/api.w.org\/{rel}","templated":true}]}}