{"id":16437,"date":"2026-04-17T13:32:24","date_gmt":"2026-04-17T11:32:24","guid":{"rendered":"https:\/\/agora.xtec.cat\/iessitges\/?p=16437"},"modified":"2026-04-17T13:32:31","modified_gmt":"2026-04-17T11:32:31","slug":"sintonia-mediterrania-un-viatge-danada-i-tornada-en-laprenentatge-compartit","status":"publish","type":"post","link":"https:\/\/agora.xtec.cat\/iessitges\/direccio\/sintonia-mediterrania-un-viatge-danada-i-tornada-en-laprenentatge-compartit\/","title":{"rendered":"Sintonia mediterr\u00e0nia: Un viatge d\u2019anada i tornada en l\u2019aprenentatge compartit"},"content":{"rendered":"\n<p>Dilluns, 29 de setembre de 2025. Un mat\u00ed assolellat \u2014com sempre\u2014 al nostre institut Joan Ramon Benapr\u00e8s. Al correu del centre, em trobo un correu electr\u00f2nic de Rosa Roche, la nostra coordinadora de mobilitat. El missatge comen\u00e7a amb una frase que em fa aixecar les celles: \u201cAvui \u00e9s l\u2019\u00faltim dia per sol\u00b7licitar una pla\u00e7a Erasmus+ de formaci\u00f3 per al professorat d\u2019aquest curs 2025-2026.\u201d Durant uns segons, em quedo mirant la pantalla pensant si encara hi soc a temps, si realment val la pena intentar-ho i, sobretot, si puc compatibilitzar-ho amb totes les altres coses del curs que tot just acaba de comen\u00e7ar.<\/p>\n\n\n\n<p>Tinc la safata d\u2019entrada plena de correus: reunions d\u2019equip docent, formacions obligat\u00f2ries, programacions per preparar, apunts a mig fer i, per si no n\u2019hi hagu\u00e9s prou, el projecte de la Sitja Welcome Point que cal executar com m\u00e9s aviat millor. El cap em diu que no em compliqui la vida i que em centri en la feina que ja tinc. Que no surti de la meva zona de confort anant a fer un <em>job shadowing<\/em> precisament en unes dates en qu\u00e8, als cicles, tenim les setmanes de formaci\u00f3 amb professionals del sector.<\/p>\n\n\n\n<p>Tamb\u00e9 dubtava si pagava la pena participar en un proc\u00e9s selectiu (perqu\u00e8 tots sabem que, si ens hi presentem, en el fons \u00e9s perqu\u00e8 volem ser triats). No sabia si tindria prou punts per ser escollit, ni si realment era el moment.<\/p>\n\n\n\n<p>Ara, mirant enrere, entenc millor aquell moment. Davant de tanta feina i d\u2019aquella sensaci\u00f3 d\u2019incertesa \u2014de no saber exactament qu\u00e8 anava a fer, de passar uns dies fora de casa amb algun company o companya que potser no coneixia\u2014, vaig decidir escoltar la curiositat en lloc de la por. Em vaig dir a mi mateix que s\u00ed, i gaireb\u00e9 sense pensar-m\u2019ho, vaig comen\u00e7ar a omplir aquell formulari.<\/p>\n\n\n\n<p>La resta, com es diu sovint, ja \u00e9s hist\u00f2ria. Vaig tenir la sort que, per la meva puntuaci\u00f3, vaig ser un dels seleccionats per participar en el <em>job shadowing<\/em> i anar a Palerm, juntament amb la Rosa Roche, la nostra coordinadora de mobilitat, i l\u2019Ot Sauret, company dels cicles de cuina.<\/p>\n\n\n\n<p>Aquella setmana a Sic\u00edlia va ser molt m\u00e9s que una estada formativa. Vam visitar l\u2019Istituto Pietro Piazza, un centre de formaci\u00f3 professional amb una llarga traject\u00f2ria en hostaleria i turisme. All\u00e0 vam poder observar com organitzen la seva formaci\u00f3 de pr\u00e0ctiques i com treballen la col\u00b7laboraci\u00f3 amb empreses del sector hoteler. Ens van explicar el seu sistema de treball a classe amb codoc\u00e8ncia, i com ho integren en el dia a dia de les seves aules. Nosaltres els vam poder explicar el nostre projecte de la Sitja Welcome Point i com ho desenvolupem dins de l&#8217;organitzaci\u00f3 sense \u00e0nim de lucre de The museum of tourism en l&#8217;\u00e0mbit internacional, i els va agradar tant que s&#8217;han sumat al projecte i volen replicar un espai com el que tenim al nostre vest\u00edbul per fer pr\u00e0ctiques reals al seu centre amb l&#8217;alumnat de turisme.<\/p>\n\n\n\n<p>Entre activitats i trobades, vam participar en les seves classes (en el meu cas particular, vaig poder intervenir en alguna classe de turisme) i en interessants converses amb els docents sobre metodologies en l\u2019FP. Tamb\u00e9 vam visitar diferents hotels col\u00b7laboradors que ens van rebre amb una hospitalitat que feia honor a la fama italiana.<\/p>\n\n\n\n<p>M\u00e9s enll\u00e0 de les activitats planificades, aquella estada em va permetre reflexionar sobre com es viu l\u2019aprenentatge quan s\u2019experimenta en un altre context cultural. Descobrir noves maneres de treballar, compartir idees amb companys d\u2019altres pa\u00efsos i contrastar com cada sistema prepara el seu alumnat per al m\u00f3n real va ser, sens dubte, la part m\u00e9s enriquidora de totes.<\/p>\n\n\n\n<p>Tornar a casa despr\u00e9s d\u2019aquella experi\u00e8ncia va ser gaireb\u00e9 com tornar d\u2019un viatge interior. M\u00e9s enll\u00e0 del que vaig aprendre a Palerm sobre formaci\u00f3 professional i gesti\u00f3 de projectes internacionals, em vaig adonar que sortir de la zona de confort \u00e9s, sovint, la millor manera de cr\u00e9ixer com a docent i com a persona.<\/p>\n\n\n\n<p>Viure l\u2019Erasmus+ des de dins em va fer veure quant de valor aporta a la nostra feina: obre la ment, refor\u00e7a els vincles amb altres professionals i, sobretot, et recorda per qu\u00e8 ens dediquem a educar. Tornes amb idees noves, per\u00f2 tamb\u00e9 amb m\u00e9s confian\u00e7a i ganes de continuar millorant.<\/p>\n\n\n\n<p>Si al setembre dubtava de si complicar-me la vida o no, avui tinc clar que aquella decisi\u00f3 tan impulsiva va ser una de les millors del curs. De vegades nom\u00e9s cal dir \u201cs\u00ed\u201d a una oportunitat per adonar-te de tot el que ets capa\u00e7 de fer.<\/p>\n\n\n\n<p>Per\u00f2 si alguna cosa he apr\u00e8s d\u2019aquesta experi\u00e8ncia \u00e9s que els viatges no els fan nom\u00e9s els llocs que visitem, sin\u00f3 sobretot les persones que ens acompanyen pel cam\u00ed. En aquest sentit, tant la Rosa com l\u2019Ot van ser uns companys excepcionals: atents, divertits, professionals i sempre disposats a compartir i aprendre. Gr\u00e0cies a ells, aquest <em>job shadowing<\/em> d\u2019Erasmus+ va ser un 10 no nom\u00e9s en l\u2019\u00e0mbit professional, sin\u00f3 tamb\u00e9 en el personal.<\/p>\n\n\n\n<p>Guardar\u00e9 per sempre un magn\u00edfic record dels dies passats a Palerm: de les converses, dels riures i de la sensaci\u00f3 que formar part d\u2019una xarxa europea d\u2019educadors \u00e9s una sort que ens fa cr\u00e9ixer a tots.<\/p>\n\n\n\n<p>Si algun dia teniu l\u2019oportunitat de participar en una experi\u00e8ncia semblant, deixeu de banda les pors i doneu una oportunitat a l\u2019aventurer\/a que tots portem dins. Sortir a descobrir, aprendre i compartir \u00e9s, sens dubte, una de les millors maneres de continuar educant.<\/p>\n\n\n\n<figure class=\"wp-block-image size-large\"><a href=\"https:\/\/agora.xtec.cat\/iessitges\/wp-content\/uploads\/usu1948\/2026\/04\/Ivan.Martinez.Borrego.FOTOARTICLE.jpg\"><img loading=\"lazy\" decoding=\"async\" width=\"1024\" height=\"1018\" src=\"https:\/\/agora.xtec.cat\/iessitges\/wp-content\/uploads\/usu1948\/2026\/04\/Ivan.Martinez.Borrego.FOTOARTICLE-1024x1018.jpg\" alt=\"\" class=\"wp-image-16438\" srcset=\"https:\/\/agora.xtec.cat\/iessitges\/wp-content\/uploads\/usu1948\/2026\/04\/Ivan.Martinez.Borrego.FOTOARTICLE-1024x1018.jpg 1024w, https:\/\/agora.xtec.cat\/iessitges\/wp-content\/uploads\/usu1948\/2026\/04\/Ivan.Martinez.Borrego.FOTOARTICLE-300x298.jpg 300w, https:\/\/agora.xtec.cat\/iessitges\/wp-content\/uploads\/usu1948\/2026\/04\/Ivan.Martinez.Borrego.FOTOARTICLE-150x150.jpg 150w, https:\/\/agora.xtec.cat\/iessitges\/wp-content\/uploads\/usu1948\/2026\/04\/Ivan.Martinez.Borrego.FOTOARTICLE-768x763.jpg 768w, https:\/\/agora.xtec.cat\/iessitges\/wp-content\/uploads\/usu1948\/2026\/04\/Ivan.Martinez.Borrego.FOTOARTICLE.jpg 1186w\" sizes=\"auto, (max-width: 1024px) 100vw, 1024px\" \/><\/a><figcaption class=\"wp-element-caption\">Screenshot<\/figcaption><\/figure>\n","protected":false},"excerpt":{"rendered":"<p>Dilluns, 29 de setembre de 2025. Un mat\u00ed assolellat \u2014com sempre\u2014 al nostre institut Joan Ramon Benapr\u00e8s. Al correu del centre, em trobo un correu electr\u00f2nic de Rosa Roche, la nostra coordinadora de mobilitat. El missatge comen\u00e7a amb una frase que em fa aixecar les celles: \u201cAvui \u00e9s l\u2019\u00faltim dia per sol\u00b7licitar una pla\u00e7a Erasmus+ [&hellip;]<\/p>\n","protected":false},"author":19,"featured_media":16438,"comment_status":"open","ping_status":"open","sticky":false,"template":"","format":"standard","meta":{"site-sidebar-layout":"default","site-content-layout":"","ast-site-content-layout":"default","site-content-style":"default","site-sidebar-style":"default","ast-global-header-display":"","ast-banner-title-visibility":"","ast-main-header-display":"","ast-hfb-above-header-display":"","ast-hfb-below-header-display":"","ast-hfb-mobile-header-display":"","site-post-title":"","ast-breadcrumbs-content":"","ast-featured-img":"","footer-sml-layout":"","theme-transparent-header-meta":"","adv-header-id-meta":"","stick-header-meta":"","header-above-stick-meta":"","header-main-stick-meta":"","header-below-stick-meta":"","astra-migrate-meta-layouts":"set","ast-page-background-enabled":"default","ast-page-background-meta":{"desktop":{"background-color":"var(--ast-global-color-4)","background-image":"","background-repeat":"repeat","background-position":"center center","background-size":"auto","background-attachment":"scroll","background-type":"","background-media":"","overlay-type":"","overlay-color":"","overlay-opacity":"","overlay-gradient":""},"tablet":{"background-color":"","background-image":"","background-repeat":"repeat","background-position":"center center","background-size":"auto","background-attachment":"scroll","background-type":"","background-media":"","overlay-type":"","overlay-color":"","overlay-opacity":"","overlay-gradient":""},"mobile":{"background-color":"","background-image":"","background-repeat":"repeat","background-position":"center center","background-size":"auto","background-attachment":"scroll","background-type":"","background-media":"","overlay-type":"","overlay-color":"","overlay-opacity":"","overlay-gradient":""}},"ast-content-background-meta":{"desktop":{"background-color":"var(--ast-global-color-5)","background-image":"","background-repeat":"repeat","background-position":"center center","background-size":"auto","background-attachment":"scroll","background-type":"","background-media":"","overlay-type":"","overlay-color":"","overlay-opacity":"","overlay-gradient":""},"tablet":{"background-color":"var(--ast-global-color-5)","background-image":"","background-repeat":"repeat","background-position":"center center","background-size":"auto","background-attachment":"scroll","background-type":"","background-media":"","overlay-type":"","overlay-color":"","overlay-opacity":"","overlay-gradient":""},"mobile":{"background-color":"var(--ast-global-color-5)","background-image":"","background-repeat":"repeat","background-position":"center center","background-size":"auto","background-attachment":"scroll","background-type":"","background-media":"","overlay-type":"","overlay-color":"","overlay-opacity":"","overlay-gradient":""}},"footnotes":""},"categories":[906,112,113,509,122,258],"tags":[249,183,239,250,215,233,334,272],"class_list":["post-16437","post","type-post","status-publish","format-standard","has-post-thumbnail","hentry","category-cicles-formatius-de-grau-superior","category-direccio","category-allotjaments","category-guia-informacio-i-asistencies-turistiques","category-intercanvis","category-mobilitat","tag-benapres","tag-ccff","tag-cicles","tag-cicles-formatius","tag-erasmus","tag-grau-superior","tag-institut-joan-ramon-benapres","tag-mobilitat"],"post_mailing_queue_ids":[],"_links":{"self":[{"href":"https:\/\/agora.xtec.cat\/iessitges\/wp-json\/wp\/v2\/posts\/16437","targetHints":{"allow":["GET"]}}],"collection":[{"href":"https:\/\/agora.xtec.cat\/iessitges\/wp-json\/wp\/v2\/posts"}],"about":[{"href":"https:\/\/agora.xtec.cat\/iessitges\/wp-json\/wp\/v2\/types\/post"}],"author":[{"embeddable":true,"href":"https:\/\/agora.xtec.cat\/iessitges\/wp-json\/wp\/v2\/users\/19"}],"replies":[{"embeddable":true,"href":"https:\/\/agora.xtec.cat\/iessitges\/wp-json\/wp\/v2\/comments?post=16437"}],"version-history":[{"count":1,"href":"https:\/\/agora.xtec.cat\/iessitges\/wp-json\/wp\/v2\/posts\/16437\/revisions"}],"predecessor-version":[{"id":16440,"href":"https:\/\/agora.xtec.cat\/iessitges\/wp-json\/wp\/v2\/posts\/16437\/revisions\/16440"}],"wp:featuredmedia":[{"embeddable":true,"href":"https:\/\/agora.xtec.cat\/iessitges\/wp-json\/wp\/v2\/media\/16438"}],"wp:attachment":[{"href":"https:\/\/agora.xtec.cat\/iessitges\/wp-json\/wp\/v2\/media?parent=16437"}],"wp:term":[{"taxonomy":"category","embeddable":true,"href":"https:\/\/agora.xtec.cat\/iessitges\/wp-json\/wp\/v2\/categories?post=16437"},{"taxonomy":"post_tag","embeddable":true,"href":"https:\/\/agora.xtec.cat\/iessitges\/wp-json\/wp\/v2\/tags?post=16437"}],"curies":[{"name":"wp","href":"https:\/\/api.w.org\/{rel}","templated":true}]}}