{"id":14559,"date":"2025-05-13T19:07:06","date_gmt":"2025-05-13T17:07:06","guid":{"rendered":"https:\/\/agora.xtec.cat\/iessitges\/?p=14559"},"modified":"2025-05-13T19:13:29","modified_gmt":"2025-05-13T17:13:29","slug":"forum-escoles-verdes-garraf-i-alt-penedes-8-maig-2025","status":"publish","type":"post","link":"https:\/\/agora.xtec.cat\/iessitges\/general\/forum-escoles-verdes-garraf-i-alt-penedes-8-maig-2025\/","title":{"rendered":"F\u00f2rum Escoles Verdes Garraf i alt Pened\u00e8s 8 maig 2025\u00a0"},"content":{"rendered":"<p><img loading=\"lazy\" decoding=\"async\" class=\"aligncenter size-large wp-image-14562\" src=\"https:\/\/agora.xtec.cat\/iessitges\/wp-content\/uploads\/usu1948\/2025\/05\/3.jpg\" alt=\"\" width=\"483\" height=\"217\" srcset=\"https:\/\/agora.xtec.cat\/iessitges\/wp-content\/uploads\/usu1948\/2025\/05\/3.jpg 483w, https:\/\/agora.xtec.cat\/iessitges\/wp-content\/uploads\/usu1948\/2025\/05\/3-300x135.jpg 300w\" sizes=\"auto, (max-width: 483px) 100vw, 483px\" \/><\/p>\n<p>&nbsp;<\/p>\n<p>&nbsp;<\/p>\n<p><span style=\"font-weight: 400;\">Durant aquesta jornada hem participat al F\u00d2RUM de les Escoles Verdes aquest 8 de <\/span><span style=\"font-weight: 400;\">\u00a0<\/span><span style=\"font-weight: 400;\">maig a Vilafranca, representant a la nostra escola J.R Benapr\u00e8s amb el nostre projecte <\/span><span style=\"font-weight: 400;\">\u00a0<\/span><span style=\"font-weight: 400;\">de <\/span><i><span style=\"font-weight: 400;\">Sostenibilitat i Alimentaci\u00f3 Saludable <\/span><\/i><span style=\"font-weight: 400;\">entorn escola Benapr\u00e8s dins de l&#8217;optativa <\/span><span style=\"font-weight: 400;\">\u00a0<\/span><span style=\"font-weight: 400;\">ALSAL <\/span><i><span style=\"font-weight: 400;\">Alimentaci\u00f3 Saludable <\/span><\/i><span style=\"font-weight: 400;\">que es realitza al primer de Batxillerat.<\/span><span style=\"font-weight: 400;\">\u00a0<\/span><\/p>\n<p><span style=\"font-weight: 400;\">Amb ells hem fet cultiu al l&#8217;hort, recol\u00b7lecci\u00f3, elaboraci\u00f3 de receptes i descripci\u00f3 de <\/span><span style=\"font-weight: 400;\">\u00a0<\/span><span style=\"font-weight: 400;\">beneficis i propietats, s&#8217;ha treballat els residus a la compostadora&#8230; Es un projecte molt <\/span><span style=\"font-weight: 400;\">\u00a0<\/span><span style=\"font-weight: 400;\">il\u00b7lusionant que hem desenvolupat durant aquest any i que ens ha representat<\/span> <span style=\"font-weight: 400;\">al F\u00f2rum explicant la nostra experi\u00e8ncia com Escola Verda i com entenem l\u2019economia <\/span><span style=\"font-weight: 400;\">\u00a0<\/span><span style=\"font-weight: 400;\">circular al nostre centre.<\/span><span style=\"font-weight: 400;\">\u00a0<\/span><\/p>\n<p><span style=\"font-weight: 400;\">Ens ha acompanyat tamb\u00e9 la delegada verda (segon de diet\u00e8tica) que afegeix aquest <\/span><span style=\"font-weight: 400;\">\u00a0<\/span><span style=\"font-weight: 400;\">concepte que treballem d\u2019inter nivells i explicant l&#8217;experi\u00e8ncia del nostre centre com la <\/span><span style=\"font-weight: 400;\">\u00a0<\/span><span style=\"font-weight: 400;\">Setmana Verda (hem portat el nostre esl\u00f2gan \u201c<\/span><i><span style=\"font-weight: 400;\">I\u2019m the future<\/span><\/i><span style=\"font-weight: 400;\">\u201d; els p\u00f2sters dels tallers de <\/span><span style=\"font-weight: 400;\">\u00a0<\/span><span style=\"font-weight: 400;\">Sant Jordi: d\u2019intercanvi de roba, taller de costumitzaci\u00f3, <\/span><i><span style=\"font-weight: 400;\">Plat saludable Benapr\u00e8s<\/span><\/i><span style=\"font-weight: 400;\">, &#8230;)<\/span><span style=\"font-weight: 400;\">\u00a0<\/span><\/p>\n<p><span style=\"font-weight: 400;\">Hem compartit tots els projectes de la nostra escola que hem fet aquest any, el <\/span><span style=\"font-weight: 400;\">\u00a0<\/span><span style=\"font-weight: 400;\">dinamisme de tots els departaments, la integraci\u00f3 de les activitats&#8230; i defensat amb tot <\/span><span style=\"font-weight: 400;\">\u00a0<\/span><span style=\"font-weight: 400;\">cor el comprom\u00eds com escola verda. Veritablement tots els nostres alumnes han treballat <\/span><span style=\"font-weight: 400;\">\u00a0<\/span><span style=\"font-weight: 400;\">molt per preparar documentaci\u00f3, p\u00f2sters, fotos, v\u00eddeos&#8230;han estat genial!!<\/span><span style=\"font-weight: 400;\">\u00a0<\/span><\/p>\n<p><span style=\"font-weight: 400;\">Moltes experi\u00e8ncies i projectes per compartir amb altres escoles. Petits i grans hem <\/span><span style=\"font-weight: 400;\">\u00a0<\/span><span style=\"font-weight: 400;\">tingut diferents activitats i xerrades sobre natura i escola. <\/span><span style=\"font-weight: 400;\">\u00a0<\/span><\/p>\n<p><span style=\"font-weight: 400;\">El dia ha estat una vor\u00e0gine d\u2019emocions i activitats, la Bet ha posat la m\u00e0gia preparant <\/span><span style=\"font-weight: 400;\">\u00a0<\/span><span style=\"font-weight: 400;\">els productes que hem portat des de bon mat\u00ed i tots han tastat el pa i les coques del <\/span><span style=\"font-weight: 400;\">\u00a0<\/span><span style=\"font-weight: 400;\">nostre Pau \u201cPa de llevats salvatges creats amb ra\u00efm de malvasia ecol\u00f2gica del nostre <\/span><span style=\"font-weight: 400;\">\u00a0<\/span><span style=\"font-weight: 400;\">hort. La farina tota eco tamb\u00e9 sense llevats de f\u00e0brica&#8230;\u201d Tot un \u00e8xit Benapr\u00e8s!!<\/span><\/p>\n<p>&nbsp;<\/p>\n<p>&nbsp;<\/p>\n<p><img loading=\"lazy\" decoding=\"async\" class=\" wp-image-14560 alignnone\" src=\"https:\/\/agora.xtec.cat\/iessitges\/wp-content\/uploads\/usu1948\/2025\/05\/1.jpg\" alt=\"\" width=\"646\" height=\"484\" srcset=\"https:\/\/agora.xtec.cat\/iessitges\/wp-content\/uploads\/usu1948\/2025\/05\/1.jpg 426w, https:\/\/agora.xtec.cat\/iessitges\/wp-content\/uploads\/usu1948\/2025\/05\/1-300x225.jpg 300w, https:\/\/agora.xtec.cat\/iessitges\/wp-content\/uploads\/usu1948\/2025\/05\/1-200x150.jpg 200w\" sizes=\"auto, (max-width: 646px) 100vw, 646px\" \/><img loading=\"lazy\" decoding=\"async\" class=\" wp-image-14561 alignright\" src=\"https:\/\/agora.xtec.cat\/iessitges\/wp-content\/uploads\/usu1948\/2025\/05\/2.jpg\" alt=\"\" width=\"671\" height=\"503\" srcset=\"https:\/\/agora.xtec.cat\/iessitges\/wp-content\/uploads\/usu1948\/2025\/05\/2.jpg 426w, https:\/\/agora.xtec.cat\/iessitges\/wp-content\/uploads\/usu1948\/2025\/05\/2-300x225.jpg 300w, https:\/\/agora.xtec.cat\/iessitges\/wp-content\/uploads\/usu1948\/2025\/05\/2-200x150.jpg 200w\" sizes=\"auto, (max-width: 671px) 100vw, 671px\" \/><\/p>\n<p>&nbsp;<\/p>\n","protected":false},"excerpt":{"rendered":"<p>&nbsp; &nbsp; Durant aquesta jornada hem participat al F\u00d2RUM de les Escoles Verdes aquest 8 de \u00a0maig a Vilafranca, representant a la nostra escola J.R Benapr\u00e8s amb el nostre projecte \u00a0de Sostenibilitat i Alimentaci\u00f3 Saludable entorn escola Benapr\u00e8s dins de l&#8217;optativa \u00a0ALSAL Alimentaci\u00f3 Saludable que es realitza al primer de Batxillerat.\u00a0 Amb ells hem fet [&hellip;]<\/p>\n","protected":false},"author":31,"featured_media":14560,"comment_status":"open","ping_status":"closed","sticky":false,"template":"","format":"standard","meta":{"site-sidebar-layout":"default","site-content-layout":"","ast-site-content-layout":"","site-content-style":"default","site-sidebar-style":"default","ast-global-header-display":"","ast-banner-title-visibility":"","ast-main-header-display":"","ast-hfb-above-header-display":"","ast-hfb-below-header-display":"","ast-hfb-mobile-header-display":"","site-post-title":"","ast-breadcrumbs-content":"","ast-featured-img":"","footer-sml-layout":"","theme-transparent-header-meta":"","adv-header-id-meta":"","stick-header-meta":"","header-above-stick-meta":"","header-main-stick-meta":"","header-below-stick-meta":"","astra-migrate-meta-layouts":"default","ast-page-background-enabled":"default","ast-page-background-meta":{"desktop":{"background-color":"var(--ast-global-color-4)","background-image":"","background-repeat":"repeat","background-position":"center center","background-size":"auto","background-attachment":"scroll","background-type":"","background-media":"","overlay-type":"","overlay-color":"","overlay-opacity":"","overlay-gradient":""},"tablet":{"background-color":"","background-image":"","background-repeat":"repeat","background-position":"center center","background-size":"auto","background-attachment":"scroll","background-type":"","background-media":"","overlay-type":"","overlay-color":"","overlay-opacity":"","overlay-gradient":""},"mobile":{"background-color":"","background-image":"","background-repeat":"repeat","background-position":"center center","background-size":"auto","background-attachment":"scroll","background-type":"","background-media":"","overlay-type":"","overlay-color":"","overlay-opacity":"","overlay-gradient":""}},"ast-content-background-meta":{"desktop":{"background-color":"var(--ast-global-color-5)","background-image":"","background-repeat":"repeat","background-position":"center center","background-size":"auto","background-attachment":"scroll","background-type":"","background-media":"","overlay-type":"","overlay-color":"","overlay-opacity":"","overlay-gradient":""},"tablet":{"background-color":"var(--ast-global-color-5)","background-image":"","background-repeat":"repeat","background-position":"center center","background-size":"auto","background-attachment":"scroll","background-type":"","background-media":"","overlay-type":"","overlay-color":"","overlay-opacity":"","overlay-gradient":""},"mobile":{"background-color":"var(--ast-global-color-5)","background-image":"","background-repeat":"repeat","background-position":"center center","background-size":"auto","background-attachment":"scroll","background-type":"","background-media":"","overlay-type":"","overlay-color":"","overlay-opacity":"","overlay-gradient":""}},"footnotes":""},"categories":[114,1,165],"tags":[56],"class_list":["post-14559","post","type-post","status-publish","format-standard","has-post-thumbnail","hentry","category-escola-verda","category-general","category-projectes","tag-escola-verda"],"post_mailing_queue_ids":[],"_links":{"self":[{"href":"https:\/\/agora.xtec.cat\/iessitges\/wp-json\/wp\/v2\/posts\/14559","targetHints":{"allow":["GET"]}}],"collection":[{"href":"https:\/\/agora.xtec.cat\/iessitges\/wp-json\/wp\/v2\/posts"}],"about":[{"href":"https:\/\/agora.xtec.cat\/iessitges\/wp-json\/wp\/v2\/types\/post"}],"author":[{"embeddable":true,"href":"https:\/\/agora.xtec.cat\/iessitges\/wp-json\/wp\/v2\/users\/31"}],"replies":[{"embeddable":true,"href":"https:\/\/agora.xtec.cat\/iessitges\/wp-json\/wp\/v2\/comments?post=14559"}],"version-history":[{"count":2,"href":"https:\/\/agora.xtec.cat\/iessitges\/wp-json\/wp\/v2\/posts\/14559\/revisions"}],"predecessor-version":[{"id":14564,"href":"https:\/\/agora.xtec.cat\/iessitges\/wp-json\/wp\/v2\/posts\/14559\/revisions\/14564"}],"wp:featuredmedia":[{"embeddable":true,"href":"https:\/\/agora.xtec.cat\/iessitges\/wp-json\/wp\/v2\/media\/14560"}],"wp:attachment":[{"href":"https:\/\/agora.xtec.cat\/iessitges\/wp-json\/wp\/v2\/media?parent=14559"}],"wp:term":[{"taxonomy":"category","embeddable":true,"href":"https:\/\/agora.xtec.cat\/iessitges\/wp-json\/wp\/v2\/categories?post=14559"},{"taxonomy":"post_tag","embeddable":true,"href":"https:\/\/agora.xtec.cat\/iessitges\/wp-json\/wp\/v2\/tags?post=14559"}],"curies":[{"name":"wp","href":"https:\/\/api.w.org\/{rel}","templated":true}]}}