{"id":13969,"date":"2025-03-17T09:41:19","date_gmt":"2025-03-17T08:41:19","guid":{"rendered":"https:\/\/agora.xtec.cat\/iessitges\/?p=13969"},"modified":"2025-03-17T09:41:26","modified_gmt":"2025-03-17T08:41:26","slug":"colla-enigma-i-paperets-en-accio-linici-del-carnaval-a-linstitut","status":"publish","type":"post","link":"https:\/\/agora.xtec.cat\/iessitges\/general\/colla-enigma-i-paperets-en-accio-linici-del-carnaval-a-linstitut\/","title":{"rendered":"Colla Enigma i Paperets en acci\u00f3. L\u2019inici del carnaval a l\u2019institut"},"content":{"rendered":"<p><a href=\"https:\/\/agora.xtec.cat\/iessitges\/wp-content\/uploads\/usu1948\/2025\/03\/Captura-de-Pantalla-2025-03-03-a-les-21.18.38.png\"><img loading=\"lazy\" decoding=\"async\" class=\"alignnone size-full wp-image-13972\" src=\"https:\/\/agora.xtec.cat\/iessitges\/wp-content\/uploads\/usu1948\/2025\/03\/Captura-de-Pantalla-2025-03-03-a-les-21.18.38.png\" alt=\"\" width=\"1018\" height=\"680\" srcset=\"https:\/\/agora.xtec.cat\/iessitges\/wp-content\/uploads\/usu1948\/2025\/03\/Captura-de-Pantalla-2025-03-03-a-les-21.18.38.png 1018w, https:\/\/agora.xtec.cat\/iessitges\/wp-content\/uploads\/usu1948\/2025\/03\/Captura-de-Pantalla-2025-03-03-a-les-21.18.38-300x200.png 300w, https:\/\/agora.xtec.cat\/iessitges\/wp-content\/uploads\/usu1948\/2025\/03\/Captura-de-Pantalla-2025-03-03-a-les-21.18.38-768x513.png 768w\" sizes=\"auto, (max-width: 1018px) 100vw, 1018px\" \/><\/a><\/p>\n<p><b>El passat 28 de febrer, l\u2019alumnat de l&#8217;institut Joan Ramon Benapr\u00e8s i el professorat vam poder gaudir de la tradicional i esperada festa de carnaval.\u00a0<\/b><\/p>\n<p>Aquest any, la jornada de Carnaval ha estat m\u00e9s especial que mai! Exalumnes, la Colla Enigma, Paperets de Sitges i els reis del Carnaval d&#8217;enguany van omplir el centre d\u2019alegria i color.<\/p>\n<p>El Carnaval \u00e9s una de les festes m\u00e9s destacades de Sitges. El nostre carnaval \u00e9s conegut tant a escala auton\u00f2mica com estatal, per la gresca i la disbauxa. Com cada any, a l\u2019institut vam celebrar l\u2019inici d\u2019aquestes festes tan assenyalades amb m\u00fasica, ball, disfresses i xocolatada.<\/p>\n<p><a href=\"https:\/\/agora.xtec.cat\/iessitges\/wp-content\/uploads\/usu1948\/2025\/03\/Festivitat.png\"><img loading=\"lazy\" decoding=\"async\" class=\"alignnone size-full wp-image-13983\" src=\"https:\/\/agora.xtec.cat\/iessitges\/wp-content\/uploads\/usu1948\/2025\/03\/Festivitat.png\" alt=\"\" width=\"823\" height=\"438\" srcset=\"https:\/\/agora.xtec.cat\/iessitges\/wp-content\/uploads\/usu1948\/2025\/03\/Festivitat.png 823w, https:\/\/agora.xtec.cat\/iessitges\/wp-content\/uploads\/usu1948\/2025\/03\/Festivitat-300x160.png 300w, https:\/\/agora.xtec.cat\/iessitges\/wp-content\/uploads\/usu1948\/2025\/03\/Festivitat-768x409.png 768w\" sizes=\"auto, (max-width: 823px) 100vw, 823px\" \/><\/a><\/p>\n<p>La jornada va comen\u00e7ar a dos quarts de nou del mat\u00ed. L\u2019alumnat va arribar amb moltes ganes de passar-s\u2019ho b\u00e9 i lluir les seves disfresses, per aix\u00f2 vam disposar d&#8217;un temps per acabar de preparar-les. Mentre els alumnes enllest\u00edem els \u00faltims preparatius de vestuari, el professorat ja llu\u00efa els seus vestits. Alguns professors anaven de la \u201cF\u00e8ria\u201d d&#8217;abril. D\u2019altres van anar customitzats d\u2019<i>Al\u00edcia al pa\u00eds de les meravelles<\/i>.<\/p>\n<p>Un any m\u00e9s, l\u2019alumnat de batxillerat art\u00edstic, amb l\u2019ajuda d\u2019alguns estudiants del social-human\u00edstic, han estat els encarregats de dissenyar i confeccionar les disfresses de part del professorat. Tot i ser un projecte amb tem\u00e0tica comuna, permet a cada alumne expressar la seva creativitat de manera lliure individualment, gestionant tot el proc\u00e9s des de la idea, l\u2019elecci\u00f3 de materials i l\u2019elaboraci\u00f3 final. A m\u00e9s a m\u00e9s, \u00e9s un projecte que enforteix el vincle amb el professorat que hi col\u00b7labora, ja que tots ambd\u00f3s col\u00b7lectius gaudeixen del proc\u00e9s.<\/p>\n<p><a href=\"https:\/\/agora.xtec.cat\/iessitges\/wp-content\/uploads\/usu1948\/2025\/03\/Ball-Alicia.png\"><img loading=\"lazy\" decoding=\"async\" class=\"alignnone size-large wp-image-13982\" src=\"https:\/\/agora.xtec.cat\/iessitges\/wp-content\/uploads\/usu1948\/2025\/03\/Ball-Alicia-1024x512.png\" alt=\"\" width=\"1024\" height=\"512\" srcset=\"https:\/\/agora.xtec.cat\/iessitges\/wp-content\/uploads\/usu1948\/2025\/03\/Ball-Alicia-1024x512.png 1024w, https:\/\/agora.xtec.cat\/iessitges\/wp-content\/uploads\/usu1948\/2025\/03\/Ball-Alicia-300x150.png 300w, https:\/\/agora.xtec.cat\/iessitges\/wp-content\/uploads\/usu1948\/2025\/03\/Ball-Alicia-768x384.png 768w, https:\/\/agora.xtec.cat\/iessitges\/wp-content\/uploads\/usu1948\/2025\/03\/Ball-Alicia-1536x768.png 1536w, https:\/\/agora.xtec.cat\/iessitges\/wp-content\/uploads\/usu1948\/2025\/03\/Ball-Alicia.png 1756w\" sizes=\"auto, (max-width: 1024px) 100vw, 1024px\" \/><\/a><\/p>\n<p>A banda d\u2019<i>Al\u00edcia al pa\u00eds de les meravelles,<\/i> la segona tem\u00e0tica protagonista va ser la Fira d\u2019abril. Aquesta festivitat, origin\u00e0ria de Sevilla, es caracteritza per les seves casetes plenes de llums, la m\u00fasica flamenca i les sevillanes. Els assistents vesteixen roba t\u00edpica andalusa, com vestits de farbalans i tratges curts amb barret cordov\u00e8s. A l\u2019institut es va recrear aquest ambient amb decoracions, m\u00fasica i ball, amb l&#8217;objectiu de transportar-nos per unes hores a l\u2019alegria de la fira sevillana.<\/p>\n<p>Despr\u00e9s de fer fotos i admirar les diferents disfresses, vam gaudir d\u2019una estona de temps lliure amb m\u00fasica per ballar i conversar. Vam tenir l\u2019oportunitat de veure les disfresses d\u2019alumnes d\u2019altres cursos i tots vam compartir la il\u00b7lusi\u00f3 de celebrar el carnaval i gaudir del ball. Un dels aspectes m\u00e9s bonics de la jornada va ser veure com tothom es felicitava pels vestits, sense importar de quin curs era l\u2019altre\/a.<\/p>\n<p>L\u2019arribada del Carnestoltes, la reina i el seu seguici van omplir el pati de color, m\u00fasica i una pluja de paperets. A m\u00e9s, vam poder sentir el tradicional predicot sat\u00edric, escrit pels alumnes de segon de batxillerat, on, com s\u2019esperava, es van fer comentaris enginyosos sobre el professorat. Com cada any, el text estava molt ben redactat i, fins i tot, els professors esmentats no van poder evitar riure amb les ocurr\u00e8ncies dels alumnes.<\/p>\n<p>Tot seguit, va endolcir la festa una xocolatada que va reunir tot l\u2019alumnat i el professorat. La xocolatada \u00e9s una tradici\u00f3 que es fa des de sempre al nostre institut. Des de la cuina s&#8217;encarreguen de preparar-ho tot amb molta dedicaci\u00f3. Tots els participants reben una coca i una tassa de xocolata calenta, que ajuda a seguir el dia amb un toc dol\u00e7 i festiu.<\/p>\n<p>Despr\u00e9s de la xocolatada, molts alumnes aprofiten per sortir i lluir les seves disfresses davant de tot l&#8217;institut amb el m\u00edtic concurs de disfresses. Cada alumne que volgu\u00e9s tenia el seu moment per intentar guanyar algun dels premis i, alhora, passar una bona estona. Vam poder observar un gran ventall d\u2019actuacions, des de coreografies impecables, fins a vestits ben originals. El premi m\u00e9s destacat va ser el de la millor disfressa individual, premiat amb una entrada gratu\u00efta a PortAventura. El va guanyar un noi de primer d\u2019ESO vestit de Lego, disfressa molt ben elaborada i original.<\/p>\n<p><a href=\"https:\/\/agora.xtec.cat\/iessitges\/wp-content\/uploads\/usu1948\/2025\/03\/Lego.png\"><img loading=\"lazy\" decoding=\"async\" class=\"size-full wp-image-13980 aligncenter\" src=\"https:\/\/agora.xtec.cat\/iessitges\/wp-content\/uploads\/usu1948\/2025\/03\/Lego.png\" alt=\"\" width=\"232\" height=\"401\" srcset=\"https:\/\/agora.xtec.cat\/iessitges\/wp-content\/uploads\/usu1948\/2025\/03\/Lego.png 232w, https:\/\/agora.xtec.cat\/iessitges\/wp-content\/uploads\/usu1948\/2025\/03\/Lego-174x300.png 174w\" sizes=\"auto, (max-width: 232px) 100vw, 232px\" \/><\/a><\/p>\n<p>Ja per acabar, va arribar el que creiem que va ser un dels moments m\u00e9s ic\u00f2nics: el ball del professorat. Fossin de cicles, de l&#8217;ESO o de batxillerat, una gran part dels professors va sortir a passar-ho b\u00e9 i a ensenyar les seves coreografies, molt ben treballades.<\/p>\n<p><a href=\"https:\/\/agora.xtec.cat\/iessitges\/wp-content\/uploads\/usu1948\/2025\/03\/Ball-professorat-scaled.jpg\"><img loading=\"lazy\" decoding=\"async\" class=\"alignnone size-large wp-image-13981\" src=\"https:\/\/agora.xtec.cat\/iessitges\/wp-content\/uploads\/usu1948\/2025\/03\/Ball-professorat-1024x285.jpg\" alt=\"\" width=\"1024\" height=\"285\" srcset=\"https:\/\/agora.xtec.cat\/iessitges\/wp-content\/uploads\/usu1948\/2025\/03\/Ball-professorat-1024x285.jpg 1024w, https:\/\/agora.xtec.cat\/iessitges\/wp-content\/uploads\/usu1948\/2025\/03\/Ball-professorat-300x84.jpg 300w, https:\/\/agora.xtec.cat\/iessitges\/wp-content\/uploads\/usu1948\/2025\/03\/Ball-professorat-768x214.jpg 768w, https:\/\/agora.xtec.cat\/iessitges\/wp-content\/uploads\/usu1948\/2025\/03\/Ball-professorat-1536x428.jpg 1536w, https:\/\/agora.xtec.cat\/iessitges\/wp-content\/uploads\/usu1948\/2025\/03\/Ball-professorat-2048x571.jpg 2048w\" sizes=\"auto, (max-width: 1024px) 100vw, 1024px\" \/><\/a><\/p>\n<p>Amb aix\u00f2 acabava la jornada. Va durar de les 8:30 fins a les 13\u202fh, per\u00f2 a tots ens va passar volant. L&#8217;institut era ple de color, creativitat, diversi\u00f3 i de ganes de festa. A tothom li agrada aquesta data tan assenyalada i serveix per unificar professorat i alumnat. Sols ens queda esperar fins al Carnaval 2026.<\/p>\n<p>Enlla\u00e7 del v\u00eddeo de la jornada carnavalera al centre: <a href=\"https:\/\/www.youtube.com\/watch?v=QvwT5gPIQJc\">https:\/\/www.youtube.com\/watch?v=QvwT5gPIQJc<\/a><\/p>\n<p style=\"text-align: right\">Un text d\u2019Oriol Borderia, Helga Picas i Vinyet Verbo<\/p>\n","protected":false},"excerpt":{"rendered":"<p>El passat 28 de febrer, l\u2019alumnat de l&#8217;institut Joan Ramon Benapr\u00e8s i el professorat vam poder gaudir de la tradicional i esperada festa de carnaval.\u00a0 Aquest any, la jornada de Carnaval ha estat m\u00e9s especial que mai! Exalumnes, la Colla Enigma, Paperets de Sitges i els reis del Carnaval d&#8217;enguany van omplir el centre d\u2019alegria [&hellip;]<\/p>\n","protected":false},"author":39,"featured_media":13972,"comment_status":"open","ping_status":"closed","sticky":false,"template":"","format":"standard","meta":{"site-sidebar-layout":"default","site-content-layout":"","ast-site-content-layout":"","site-content-style":"default","site-sidebar-style":"default","ast-global-header-display":"","ast-banner-title-visibility":"","ast-main-header-display":"","ast-hfb-above-header-display":"","ast-hfb-below-header-display":"","ast-hfb-mobile-header-display":"","site-post-title":"","ast-breadcrumbs-content":"","ast-featured-img":"","footer-sml-layout":"","theme-transparent-header-meta":"","adv-header-id-meta":"","stick-header-meta":"","header-above-stick-meta":"","header-main-stick-meta":"","header-below-stick-meta":"","astra-migrate-meta-layouts":"default","ast-page-background-enabled":"default","ast-page-background-meta":{"desktop":{"background-color":"var(--ast-global-color-4)","background-image":"","background-repeat":"repeat","background-position":"center center","background-size":"auto","background-attachment":"scroll","background-type":"","background-media":"","overlay-type":"","overlay-color":"","overlay-opacity":"","overlay-gradient":""},"tablet":{"background-color":"","background-image":"","background-repeat":"repeat","background-position":"center center","background-size":"auto","background-attachment":"scroll","background-type":"","background-media":"","overlay-type":"","overlay-color":"","overlay-opacity":"","overlay-gradient":""},"mobile":{"background-color":"","background-image":"","background-repeat":"repeat","background-position":"center center","background-size":"auto","background-attachment":"scroll","background-type":"","background-media":"","overlay-type":"","overlay-color":"","overlay-opacity":"","overlay-gradient":""}},"ast-content-background-meta":{"desktop":{"background-color":"var(--ast-global-color-5)","background-image":"","background-repeat":"repeat","background-position":"center center","background-size":"auto","background-attachment":"scroll","background-type":"","background-media":"","overlay-type":"","overlay-color":"","overlay-opacity":"","overlay-gradient":""},"tablet":{"background-color":"var(--ast-global-color-5)","background-image":"","background-repeat":"repeat","background-position":"center center","background-size":"auto","background-attachment":"scroll","background-type":"","background-media":"","overlay-type":"","overlay-color":"","overlay-opacity":"","overlay-gradient":""},"mobile":{"background-color":"var(--ast-global-color-5)","background-image":"","background-repeat":"repeat","background-position":"center center","background-size":"auto","background-attachment":"scroll","background-type":"","background-media":"","overlay-type":"","overlay-color":"","overlay-opacity":"","overlay-gradient":""}},"footnotes":""},"categories":[103,327,1,120],"tags":[253,308],"class_list":["post-13969","post","type-post","status-publish","format-standard","has-post-thumbnail","hentry","category-bat-1","category-llengues","category-general","category-revista","tag-carnaval","tag-periodisme"],"post_mailing_queue_ids":[],"_links":{"self":[{"href":"https:\/\/agora.xtec.cat\/iessitges\/wp-json\/wp\/v2\/posts\/13969","targetHints":{"allow":["GET"]}}],"collection":[{"href":"https:\/\/agora.xtec.cat\/iessitges\/wp-json\/wp\/v2\/posts"}],"about":[{"href":"https:\/\/agora.xtec.cat\/iessitges\/wp-json\/wp\/v2\/types\/post"}],"author":[{"embeddable":true,"href":"https:\/\/agora.xtec.cat\/iessitges\/wp-json\/wp\/v2\/users\/39"}],"replies":[{"embeddable":true,"href":"https:\/\/agora.xtec.cat\/iessitges\/wp-json\/wp\/v2\/comments?post=13969"}],"version-history":[{"count":6,"href":"https:\/\/agora.xtec.cat\/iessitges\/wp-json\/wp\/v2\/posts\/13969\/revisions"}],"predecessor-version":[{"id":13984,"href":"https:\/\/agora.xtec.cat\/iessitges\/wp-json\/wp\/v2\/posts\/13969\/revisions\/13984"}],"wp:featuredmedia":[{"embeddable":true,"href":"https:\/\/agora.xtec.cat\/iessitges\/wp-json\/wp\/v2\/media\/13972"}],"wp:attachment":[{"href":"https:\/\/agora.xtec.cat\/iessitges\/wp-json\/wp\/v2\/media?parent=13969"}],"wp:term":[{"taxonomy":"category","embeddable":true,"href":"https:\/\/agora.xtec.cat\/iessitges\/wp-json\/wp\/v2\/categories?post=13969"},{"taxonomy":"post_tag","embeddable":true,"href":"https:\/\/agora.xtec.cat\/iessitges\/wp-json\/wp\/v2\/tags?post=13969"}],"curies":[{"name":"wp","href":"https:\/\/api.w.org\/{rel}","templated":true}]}}