{"id":13945,"date":"2025-03-11T08:52:44","date_gmt":"2025-03-11T07:52:44","guid":{"rendered":"https:\/\/agora.xtec.cat\/iessitges\/?p=13945"},"modified":"2025-03-11T08:52:44","modified_gmt":"2025-03-11T07:52:44","slug":"de-la-republica-txeca-a-sitges-lexperiencia-dun-erasmus","status":"publish","type":"post","link":"https:\/\/agora.xtec.cat\/iessitges\/batxillerat\/bat-1\/de-la-republica-txeca-a-sitges-lexperiencia-dun-erasmus\/","title":{"rendered":"DE LA REP\u00daBLICA TXECA A SITGES: L\u2019EXPERI\u00c8NCIA D\u2019UN ERASMUS"},"content":{"rendered":"<p><a href=\"https:\/\/agora.xtec.cat\/iessitges\/wp-content\/uploads\/usu1948\/2025\/03\/Fotos-txeques_assegudes_retallada.jpg\"><img loading=\"lazy\" decoding=\"async\" class=\"alignnone size-full wp-image-13962\" src=\"https:\/\/agora.xtec.cat\/iessitges\/wp-content\/uploads\/usu1948\/2025\/03\/Fotos-txeques_assegudes_retallada.jpg\" alt=\"\" width=\"584\" height=\"414\" srcset=\"https:\/\/agora.xtec.cat\/iessitges\/wp-content\/uploads\/usu1948\/2025\/03\/Fotos-txeques_assegudes_retallada.jpg 584w, https:\/\/agora.xtec.cat\/iessitges\/wp-content\/uploads\/usu1948\/2025\/03\/Fotos-txeques_assegudes_retallada-300x213.jpg 300w\" sizes=\"auto, (max-width: 584px) 100vw, 584px\" \/><\/a><\/p>\n<p><b>L\u2019Helena i la Tess, dues noies de 17 anys procedents de la Rep\u00fablica txeca, han vingut a Sitges aquest passat mes de febrer per viure una experi\u00e8ncia Erasmus de tres setmanes al nostre institut. Amb ganes de millorar el seu espanyol i descobrir la cultura local, s\u2019han enfrontat a nous reptes i viv\u00e8ncies que han marcat el seu viatge. A Periodisme les hem entrevistat perqu\u00e8 ens expliquessin com han viscut aquesta immersi\u00f3 cultural, les seves primeres impressions i les difer\u00e8ncies m\u00e9s sorprenents entre els dos pa\u00efsos.<\/b><\/p>\n<p>&nbsp;<\/p>\n<ul>\n<li><b>Where do you come from?<\/b><\/li>\n<\/ul>\n<p><i>We are from the Czech Republic.<\/i><\/p>\n<p>&nbsp;<\/p>\n<ul>\n<li><b>Why did you decide to go on Erasmus?<\/b><\/li>\n<\/ul>\n<p><i>We both wanted to practice our Spanish and see the ocean since we don&#8217;t have it in our country.<\/i><\/p>\n<p>&nbsp;<\/p>\n<ul>\n<li><b>Was it difficult to get the opportunity to go on Erasmus?\u00a0<\/b><\/li>\n<\/ul>\n<p><i>Our Spanish teacher offered us this opportunity, so it wasn&#8217;t too difficult.<\/i><\/p>\n<p>&nbsp;<\/p>\n<ul>\n<li><b>What are your expectations of Spain?<\/b><\/li>\n<\/ul>\n<p><i>When someone mentions Spain, we picture the beach, parties, food, and the people.<\/i><\/p>\n<p>&nbsp;<\/p>\n<ul>\n<li><b>Are you having a hard time adjusting to your host family?<\/b><\/li>\n<\/ul>\n<p><i>There are differences, like I don&#8217;t have pets, and here I have to live with two cats because of my host family -says Helena.<\/i><\/p>\n<p><i>I don&#8217;t have that little difference. The first few days were a bit strange and difficult since I was separated from my life in the Czech Republic and was nervous, but I finally feel comfortable with my host family -adds Tess.<\/i><\/p>\n<p>&nbsp;<\/p>\n<ul>\n<li><b>What is the biggest difference you have noticed between education in the Czech Republic and in Spain?<\/b><\/li>\n<\/ul>\n<p><i>We find the biggest difference in how you address your teachers. Here you call them by their first name, which we don\u2019t do in the Czech Republic. We call them \u201cMiss\u201d or \u201cMr.\u201d and their last name.<\/i><\/p>\n<p>&nbsp;<\/p>\n<ul>\n<li><b>What do you like most about your experience so far?\u00a0<\/b><\/li>\n<\/ul>\n<p><i>We like walking on the beach, watching the sunsets, nature, and trying Spanish food.<\/i><\/p>\n<p>&nbsp;<\/p>\n<ul>\n<li><b>And what least?<\/b><\/li>\n<\/ul>\n<p><i>We are struggling to understand Catalan -says Helena.<\/i><\/p>\n<p><i>I don\u2019t like seafood much, which is typical here. I am having trouble trying to speak Spanish -says Tess.<\/i><\/p>\n<p>&nbsp;<\/p>\n<ul>\n<li><b>Is there any Spanish custom or tradition that has attracted your special attention?<\/b><\/li>\n<\/ul>\n<p><i>We heard about the festivals, especially Carnaval, before coming, so we are excited about them.<\/i><\/p>\n<p>&nbsp;<\/p>\n<ul>\n<li><b>If you could bring one thing from the Czech culture to Spain and one thing from Spain to the Czech Republic, what would they be?<\/b><\/li>\n<\/ul>\n<p><i>We would bring to the Czech Republic the way you approach people, and we would bring to Spain some things from school, like allowing mobile phones in class, as they do in our country.<\/i>&#8221;<\/p>\n<p>&nbsp;<\/p>\n<ul>\n<li><b>How do you think this experience will change you personally or academically?<\/b><\/li>\n<\/ul>\n<p><i>We hope to improve our Spanish and be more open with people. We also realized the value of our friendships and families.<\/i><\/p>\n<p>&nbsp;<\/p>\n<p>Thank you very much for sharing your experience! It has been very interesting to know your point of view, and we hope you enjoy your stay here to the fullest.<\/p>\n<p>L\u2019experi\u00e8ncia de l\u2019Helena i la Tess a Sitges els ha perm\u00e8s descobrir una nova cultura, millorar el seu espanyol i enfrontar-se a nous reptes. Tot i algunes dificultats d\u2019adaptaci\u00f3, valoren molt positivament aquesta oportunitat i s\u2019enduen records inoblidables i aprenentatges que els serviran en el futur.<\/p>\n<p style=\"text-align: right\">Text: Ainoa \u00c1lvarez i Aroa Barcel\u00f3<\/p>\n","protected":false},"excerpt":{"rendered":"<p>L\u2019Helena i la Tess, dues noies de 17 anys procedents de la Rep\u00fablica txeca, han vingut a Sitges aquest passat mes de febrer per viure una experi\u00e8ncia Erasmus de tres setmanes al nostre institut. Amb ganes de millorar el seu espanyol i descobrir la cultura local, s\u2019han enfrontat a nous reptes i viv\u00e8ncies que han [&hellip;]<\/p>\n","protected":false},"author":39,"featured_media":13962,"comment_status":"open","ping_status":"closed","sticky":false,"template":"","format":"standard","meta":{"site-sidebar-layout":"default","site-content-layout":"","ast-site-content-layout":"","site-content-style":"default","site-sidebar-style":"default","ast-global-header-display":"","ast-banner-title-visibility":"","ast-main-header-display":"","ast-hfb-above-header-display":"","ast-hfb-below-header-display":"","ast-hfb-mobile-header-display":"","site-post-title":"","ast-breadcrumbs-content":"","ast-featured-img":"","footer-sml-layout":"","theme-transparent-header-meta":"","adv-header-id-meta":"","stick-header-meta":"","header-above-stick-meta":"","header-main-stick-meta":"","header-below-stick-meta":"","astra-migrate-meta-layouts":"default","ast-page-background-enabled":"default","ast-page-background-meta":{"desktop":{"background-color":"var(--ast-global-color-4)","background-image":"","background-repeat":"repeat","background-position":"center center","background-size":"auto","background-attachment":"scroll","background-type":"","background-media":"","overlay-type":"","overlay-color":"","overlay-opacity":"","overlay-gradient":""},"tablet":{"background-color":"","background-image":"","background-repeat":"repeat","background-position":"center center","background-size":"auto","background-attachment":"scroll","background-type":"","background-media":"","overlay-type":"","overlay-color":"","overlay-opacity":"","overlay-gradient":""},"mobile":{"background-color":"","background-image":"","background-repeat":"repeat","background-position":"center center","background-size":"auto","background-attachment":"scroll","background-type":"","background-media":"","overlay-type":"","overlay-color":"","overlay-opacity":"","overlay-gradient":""}},"ast-content-background-meta":{"desktop":{"background-color":"var(--ast-global-color-5)","background-image":"","background-repeat":"repeat","background-position":"center center","background-size":"auto","background-attachment":"scroll","background-type":"","background-media":"","overlay-type":"","overlay-color":"","overlay-opacity":"","overlay-gradient":""},"tablet":{"background-color":"var(--ast-global-color-5)","background-image":"","background-repeat":"repeat","background-position":"center center","background-size":"auto","background-attachment":"scroll","background-type":"","background-media":"","overlay-type":"","overlay-color":"","overlay-opacity":"","overlay-gradient":""},"mobile":{"background-color":"var(--ast-global-color-5)","background-image":"","background-repeat":"repeat","background-position":"center center","background-size":"auto","background-attachment":"scroll","background-type":"","background-media":"","overlay-type":"","overlay-color":"","overlay-opacity":"","overlay-gradient":""}},"footnotes":""},"categories":[103,122,120,258],"tags":[249,215,334,167,272,939],"class_list":["post-13945","post","type-post","status-publish","format-standard","has-post-thumbnail","hentry","category-bat-1","category-intercanvis","category-revista","category-mobilitat","tag-benapres","tag-erasmus","tag-institut-joan-ramon-benapres","tag-intercanvi","tag-mobilitat","tag-republica-txeca"],"post_mailing_queue_ids":[],"_links":{"self":[{"href":"https:\/\/agora.xtec.cat\/iessitges\/wp-json\/wp\/v2\/posts\/13945","targetHints":{"allow":["GET"]}}],"collection":[{"href":"https:\/\/agora.xtec.cat\/iessitges\/wp-json\/wp\/v2\/posts"}],"about":[{"href":"https:\/\/agora.xtec.cat\/iessitges\/wp-json\/wp\/v2\/types\/post"}],"author":[{"embeddable":true,"href":"https:\/\/agora.xtec.cat\/iessitges\/wp-json\/wp\/v2\/users\/39"}],"replies":[{"embeddable":true,"href":"https:\/\/agora.xtec.cat\/iessitges\/wp-json\/wp\/v2\/comments?post=13945"}],"version-history":[{"count":3,"href":"https:\/\/agora.xtec.cat\/iessitges\/wp-json\/wp\/v2\/posts\/13945\/revisions"}],"predecessor-version":[{"id":13963,"href":"https:\/\/agora.xtec.cat\/iessitges\/wp-json\/wp\/v2\/posts\/13945\/revisions\/13963"}],"wp:featuredmedia":[{"embeddable":true,"href":"https:\/\/agora.xtec.cat\/iessitges\/wp-json\/wp\/v2\/media\/13962"}],"wp:attachment":[{"href":"https:\/\/agora.xtec.cat\/iessitges\/wp-json\/wp\/v2\/media?parent=13945"}],"wp:term":[{"taxonomy":"category","embeddable":true,"href":"https:\/\/agora.xtec.cat\/iessitges\/wp-json\/wp\/v2\/categories?post=13945"},{"taxonomy":"post_tag","embeddable":true,"href":"https:\/\/agora.xtec.cat\/iessitges\/wp-json\/wp\/v2\/tags?post=13945"}],"curies":[{"name":"wp","href":"https:\/\/api.w.org\/{rel}","templated":true}]}}