{"id":13469,"date":"2024-11-03T18:59:13","date_gmt":"2024-11-03T17:59:13","guid":{"rendered":"https:\/\/agora.xtec.cat\/iessitges\/?p=13469"},"modified":"2024-11-03T19:01:03","modified_gmt":"2024-11-03T18:01:03","slug":"informacio-de-propteccio-civil-per-dema-dilluns-4-de-novembre","status":"publish","type":"post","link":"https:\/\/agora.xtec.cat\/iessitges\/general\/informacio-de-propteccio-civil-per-dema-dilluns-4-de-novembre\/","title":{"rendered":"Informaci\u00f3 de protecci\u00f3 civil per dem\u00e0 dilluns 4 de novembre"},"content":{"rendered":"<p><span style=\"font-weight: 400;\">Benvolgudes fam\u00edlies i alumnat,<\/span><\/p>\n<p><span style=\"font-weight: 400;\">Donada l&#8217;<\/span><b>activaci\u00f3 del pla INUNCAT<\/b><span style=\"font-weight: 400;\"> per les pluges continuades dels darrers dies que han acumulat quantitats importants, i ateses les previsions de precipitacions torrencials la nit de diumenge a dilluns i el mat\u00ed de dilluns, des de <\/span><b>protecci\u00f3 civil<\/b><span style=\"font-weight: 400;\"> es demana restringir la mobilitat que no sigui imprescindible en les comarques del Montsi\u00e0, Baix Ebre, Terra Alta, Ribera d&#8217;Ebre, Tarragon\u00e8s, Priorat, Baix Camp, Alt Camp i Baix Pened\u00e8s, entre les 00 hores i les 14 hores de dilluns.<\/span><\/p>\n<p><span style=\"font-weight: 400;\">Tenint en compte aquest av\u00eds em\u00e8s des de protecci\u00f3 civil, <\/span><b>les persones que viuen en aquestes comarques, no s\u2019han de despla\u00e7ar al nostre centre<\/b><span style=\"font-weight: 400;\">, i amb conseq\u00fc\u00e8ncia, tenen les faltes justificades.<\/span><\/p>\n<p><b>El nostre centre no est\u00e0 en aquesta \u00e0rea afectada<\/b><span style=\"font-weight: 400;\">, i estar\u00e0 obert amb el seg\u00fcent servei:<\/span><\/p>\n<ul>\n<li style=\"font-weight: 400;\" aria-level=\"1\"><span style=\"font-weight: 400;\">Les classes dels ensenyaments d\u2019<\/span><b>ESO i Batxillerat s\u2019oferiran amb normalitat<\/b><span style=\"font-weight: 400;\">.<\/span><\/li>\n<li style=\"font-weight: 400;\" aria-level=\"1\"><span style=\"font-weight: 400;\">Pel que fa a les classes de <\/span><b>PFI i CCFF<\/b><span style=\"font-weight: 400;\">, al mat\u00ed hi haur\u00e0 classe, per\u00f2 no hi haur\u00e0 proves avaluatives.\u00a0<\/span><\/li>\n<\/ul>\n<p><span style=\"font-weight: 400;\">I a la tarda, de moment tampoc. Tot i que farem una actualitzaci\u00f3 del comunicat amb la informaci\u00f3 que ens arribi des de protecci\u00f3 civil al migdia.<\/span><\/p>\n<p><span style=\"font-weight: 400;\">Gr\u00e0cies.<\/span><\/p>\n<p>&nbsp;<\/p>\n","protected":false},"excerpt":{"rendered":"<p>Benvolgudes fam\u00edlies i alumnat, Donada l&#8217;activaci\u00f3 del pla INUNCAT per les pluges continuades dels darrers dies que han acumulat quantitats importants, i ateses les previsions de precipitacions torrencials la nit de diumenge a dilluns i el mat\u00ed de dilluns, des de protecci\u00f3 civil es demana restringir la mobilitat que no sigui imprescindible en les comarques [&hellip;]<\/p>\n","protected":false},"author":4,"featured_media":0,"comment_status":"open","ping_status":"closed","sticky":false,"template":"","format":"standard","meta":{"site-sidebar-layout":"default","site-content-layout":"","ast-site-content-layout":"","site-content-style":"default","site-sidebar-style":"default","ast-global-header-display":"","ast-banner-title-visibility":"","ast-main-header-display":"","ast-hfb-above-header-display":"","ast-hfb-below-header-display":"","ast-hfb-mobile-header-display":"","site-post-title":"","ast-breadcrumbs-content":"","ast-featured-img":"","footer-sml-layout":"","theme-transparent-header-meta":"","adv-header-id-meta":"","stick-header-meta":"","header-above-stick-meta":"","header-main-stick-meta":"","header-below-stick-meta":"","astra-migrate-meta-layouts":"default","ast-page-background-enabled":"default","ast-page-background-meta":{"desktop":{"background-color":"var(--ast-global-color-4)","background-image":"","background-repeat":"repeat","background-position":"center center","background-size":"auto","background-attachment":"scroll","background-type":"","background-media":"","overlay-type":"","overlay-color":"","overlay-opacity":"","overlay-gradient":""},"tablet":{"background-color":"","background-image":"","background-repeat":"repeat","background-position":"center center","background-size":"auto","background-attachment":"scroll","background-type":"","background-media":"","overlay-type":"","overlay-color":"","overlay-opacity":"","overlay-gradient":""},"mobile":{"background-color":"","background-image":"","background-repeat":"repeat","background-position":"center center","background-size":"auto","background-attachment":"scroll","background-type":"","background-media":"","overlay-type":"","overlay-color":"","overlay-opacity":"","overlay-gradient":""}},"ast-content-background-meta":{"desktop":{"background-color":"var(--ast-global-color-5)","background-image":"","background-repeat":"repeat","background-position":"center center","background-size":"auto","background-attachment":"scroll","background-type":"","background-media":"","overlay-type":"","overlay-color":"","overlay-opacity":"","overlay-gradient":""},"tablet":{"background-color":"var(--ast-global-color-5)","background-image":"","background-repeat":"repeat","background-position":"center center","background-size":"auto","background-attachment":"scroll","background-type":"","background-media":"","overlay-type":"","overlay-color":"","overlay-opacity":"","overlay-gradient":""},"mobile":{"background-color":"var(--ast-global-color-5)","background-image":"","background-repeat":"repeat","background-position":"center center","background-size":"auto","background-attachment":"scroll","background-type":"","background-media":"","overlay-type":"","overlay-color":"","overlay-opacity":"","overlay-gradient":""}},"footnotes":""},"categories":[1],"tags":[],"class_list":["post-13469","post","type-post","status-publish","format-standard","hentry","category-general"],"post_mailing_queue_ids":[],"_links":{"self":[{"href":"https:\/\/agora.xtec.cat\/iessitges\/wp-json\/wp\/v2\/posts\/13469","targetHints":{"allow":["GET"]}}],"collection":[{"href":"https:\/\/agora.xtec.cat\/iessitges\/wp-json\/wp\/v2\/posts"}],"about":[{"href":"https:\/\/agora.xtec.cat\/iessitges\/wp-json\/wp\/v2\/types\/post"}],"author":[{"embeddable":true,"href":"https:\/\/agora.xtec.cat\/iessitges\/wp-json\/wp\/v2\/users\/4"}],"replies":[{"embeddable":true,"href":"https:\/\/agora.xtec.cat\/iessitges\/wp-json\/wp\/v2\/comments?post=13469"}],"version-history":[{"count":2,"href":"https:\/\/agora.xtec.cat\/iessitges\/wp-json\/wp\/v2\/posts\/13469\/revisions"}],"predecessor-version":[{"id":13471,"href":"https:\/\/agora.xtec.cat\/iessitges\/wp-json\/wp\/v2\/posts\/13469\/revisions\/13471"}],"wp:attachment":[{"href":"https:\/\/agora.xtec.cat\/iessitges\/wp-json\/wp\/v2\/media?parent=13469"}],"wp:term":[{"taxonomy":"category","embeddable":true,"href":"https:\/\/agora.xtec.cat\/iessitges\/wp-json\/wp\/v2\/categories?post=13469"},{"taxonomy":"post_tag","embeddable":true,"href":"https:\/\/agora.xtec.cat\/iessitges\/wp-json\/wp\/v2\/tags?post=13469"}],"curies":[{"name":"wp","href":"https:\/\/api.w.org\/{rel}","templated":true}]}}