{"id":12140,"date":"2024-02-08T13:44:28","date_gmt":"2024-02-08T12:44:28","guid":{"rendered":"https:\/\/agora.xtec.cat\/iessitges\/?p=12140"},"modified":"2024-02-08T13:44:28","modified_gmt":"2024-02-08T12:44:28","slug":"benestar-digital-normes-de-cente-i-restriccions-de-mobils-a-leso","status":"publish","type":"post","link":"https:\/\/agora.xtec.cat\/iessitges\/general\/benestar-digital-normes-de-cente-i-restriccions-de-mobils-a-leso\/","title":{"rendered":"Benestar digital: normes de cente i restriccions de m\u00f2bils a l&#8217;ESO"},"content":{"rendered":"<p><span style=\"color: #333333;\">La direcci\u00f3 del centre, amb el vistiplau del Consell Escolar, va acordar dur a terme una <b>prova pilot al curs de 1r ESO a partir del 8 de gener. <\/b>Aquesta prova ha sigut positiva, i a partir de dijous 15 de la setmana vinent, aplicarem el mateix procediment a <strong>2n ESO<\/strong>.<\/span><\/p>\n<p><b>Es recomana que l\u2019alumnat de 1r ESO i 2n d&#8217;ESO no porti el m\u00f2bil al centre<\/b>.<\/p>\n<p>En cas que el porti, se seguir\u00e0 la seg\u00fcent norma:<\/p>\n<ul>\n<li><span style=\"color: #333333;\">A 1a hora tot l\u2019alumnat dipositar\u00e0 el m\u00f2bil en una caixa espec\u00edfica per a cada grup. La caixa, l&#8217;anir\u00e0 a buscar el delegat o la delegada al despatx de Cap d&#8217;Estudis.<br \/>\n<\/span><\/li>\n<li><span style=\"color: #333333;\">A darrera hora l\u2019alumnat recollir\u00e0 el m\u00f2bil. Una vegada tot l\u2019alumnat tingui el seu m\u00f2bil, l\u2019alumnat podr\u00e0 sortir de l\u2019aula.<br \/>\n<\/span><\/li>\n<\/ul>\n<p><span style=\"color: #333333;\">Aquest procediment ja s&#8217;ha explicat a l\u2019alumnat durant la classe de projectes d&#8217;ahir.<\/span><\/p>\n<h3>Benestar digital<\/h3>\n<p>Tamb\u00e9 volem fer p\u00fablic les normes de Benestar Digital que es van aprovar per Consell Escolar i que afecten a tota la comunitat educativa:<\/p>\n<ul>\n<li style=\"font-weight: 400;\" aria-level=\"1\"><span style=\"font-weight: 400;\">Els enviaments de correus electr\u00f2nics han de ser de les 8h a les 21h en dies laborables. Els missatges que es vulguin enviar fora d\u2019aquest horari caldr\u00e0 que es programin (<\/span><a href=\"https:\/\/iessitges.xtec.cat\/mod\/glossary\/showentry.php?eid=783\"><span style=\"font-weight: 400;\">COM?<\/span><\/a><span style=\"font-weight: 400;\">). Excepcions: q<\/span><span style=\"font-weight: 400;\">ualsevol notificaci\u00f3 d\u2019urg\u00e8ncia a l\u2019equip directiu.\u00a0<\/span><\/li>\n<\/ul>\n<ul>\n<li style=\"font-weight: 400;\" aria-level=\"1\"><span style=\"font-weight: 400;\">Sempre s\u2019utilitzaran els mitjans de comunicaci\u00f3 que marca la pol\u00edtica de comunicaci\u00f3 de centre: correu corporatiu de centre.<\/span><\/li>\n<li style=\"font-weight: 400;\" aria-level=\"1\"><span style=\"font-weight: 400;\">Si vol, l&#8217;alumnat pot configurar-se les notificacions del Classroom. <\/span><a href=\"https:\/\/iessitges.xtec.cat\/mod\/glossary\/showentry.php?eid=785\"><span style=\"font-weight: 400;\">COM?<\/span><\/a><\/li>\n<li style=\"font-weight: 400;\" aria-level=\"1\"><span style=\"font-weight: 400;\">Els missatges s\u00f3n atemporals, el que vol dir que no tenen per qu\u00e8 ser llegits immediatament. Sempre s\u2019ha de tenir en compte que hem de donar un espai de temps per ser llegit i fer les gestions que calguin.\u00a0<\/span><\/li>\n<li style=\"font-weight: 400;\" aria-level=\"1\"><span style=\"font-weight: 400;\">Es regular\u00e0 l\u2019\u00fas del m\u00f2bil d\u2019acord amb les activitats de centre; per exemple, les col\u00f2nies d\u2019ESO seran un espai sense el m\u00f2bil.\u00a0<\/span><\/li>\n<li style=\"font-weight: 400;\" aria-level=\"1\"><span style=\"font-weight: 400;\">El centre ser\u00e0 un espai on l&#8217;\u00fas del m\u00f2bil ser\u00e0 regulat.\u00a0<\/span><\/li>\n<\/ul>\n<p><span style=\"color: #333333;\">Gr\u00e0cies<br \/>\n<\/span><\/p>\n","protected":false},"excerpt":{"rendered":"<p>La direcci\u00f3 del centre, amb el vistiplau del Consell Escolar, va acordar dur a terme una prova pilot al curs de 1r ESO a partir del 8 de gener. Aquesta prova ha sigut positiva, i a partir de dijous 15 de la setmana vinent, aplicarem el mateix procediment a 2n ESO. Es recomana que l\u2019alumnat [&hellip;]<\/p>\n","protected":false},"author":4,"featured_media":0,"comment_status":"open","ping_status":"closed","sticky":false,"template":"","format":"standard","meta":{"site-sidebar-layout":"default","site-content-layout":"","ast-site-content-layout":"","site-content-style":"default","site-sidebar-style":"default","ast-global-header-display":"","ast-banner-title-visibility":"","ast-main-header-display":"","ast-hfb-above-header-display":"","ast-hfb-below-header-display":"","ast-hfb-mobile-header-display":"","site-post-title":"","ast-breadcrumbs-content":"","ast-featured-img":"","footer-sml-layout":"","theme-transparent-header-meta":"","adv-header-id-meta":"","stick-header-meta":"","header-above-stick-meta":"","header-main-stick-meta":"","header-below-stick-meta":"","astra-migrate-meta-layouts":"default","ast-page-background-enabled":"default","ast-page-background-meta":{"desktop":{"background-color":"var(--ast-global-color-4)","background-image":"","background-repeat":"repeat","background-position":"center center","background-size":"auto","background-attachment":"scroll","background-type":"","background-media":"","overlay-type":"","overlay-color":"","overlay-opacity":"","overlay-gradient":""},"tablet":{"background-color":"","background-image":"","background-repeat":"repeat","background-position":"center center","background-size":"auto","background-attachment":"scroll","background-type":"","background-media":"","overlay-type":"","overlay-color":"","overlay-opacity":"","overlay-gradient":""},"mobile":{"background-color":"","background-image":"","background-repeat":"repeat","background-position":"center center","background-size":"auto","background-attachment":"scroll","background-type":"","background-media":"","overlay-type":"","overlay-color":"","overlay-opacity":"","overlay-gradient":""}},"ast-content-background-meta":{"desktop":{"background-color":"var(--ast-global-color-5)","background-image":"","background-repeat":"repeat","background-position":"center center","background-size":"auto","background-attachment":"scroll","background-type":"","background-media":"","overlay-type":"","overlay-color":"","overlay-opacity":"","overlay-gradient":""},"tablet":{"background-color":"var(--ast-global-color-5)","background-image":"","background-repeat":"repeat","background-position":"center center","background-size":"auto","background-attachment":"scroll","background-type":"","background-media":"","overlay-type":"","overlay-color":"","overlay-opacity":"","overlay-gradient":""},"mobile":{"background-color":"var(--ast-global-color-5)","background-image":"","background-repeat":"repeat","background-position":"center center","background-size":"auto","background-attachment":"scroll","background-type":"","background-media":"","overlay-type":"","overlay-color":"","overlay-opacity":"","overlay-gradient":""}},"footnotes":""},"categories":[1],"tags":[],"class_list":["post-12140","post","type-post","status-publish","format-standard","hentry","category-general"],"post_mailing_queue_ids":[],"_links":{"self":[{"href":"https:\/\/agora.xtec.cat\/iessitges\/wp-json\/wp\/v2\/posts\/12140","targetHints":{"allow":["GET"]}}],"collection":[{"href":"https:\/\/agora.xtec.cat\/iessitges\/wp-json\/wp\/v2\/posts"}],"about":[{"href":"https:\/\/agora.xtec.cat\/iessitges\/wp-json\/wp\/v2\/types\/post"}],"author":[{"embeddable":true,"href":"https:\/\/agora.xtec.cat\/iessitges\/wp-json\/wp\/v2\/users\/4"}],"replies":[{"embeddable":true,"href":"https:\/\/agora.xtec.cat\/iessitges\/wp-json\/wp\/v2\/comments?post=12140"}],"version-history":[{"count":5,"href":"https:\/\/agora.xtec.cat\/iessitges\/wp-json\/wp\/v2\/posts\/12140\/revisions"}],"predecessor-version":[{"id":12156,"href":"https:\/\/agora.xtec.cat\/iessitges\/wp-json\/wp\/v2\/posts\/12140\/revisions\/12156"}],"wp:attachment":[{"href":"https:\/\/agora.xtec.cat\/iessitges\/wp-json\/wp\/v2\/media?parent=12140"}],"wp:term":[{"taxonomy":"category","embeddable":true,"href":"https:\/\/agora.xtec.cat\/iessitges\/wp-json\/wp\/v2\/categories?post=12140"},{"taxonomy":"post_tag","embeddable":true,"href":"https:\/\/agora.xtec.cat\/iessitges\/wp-json\/wp\/v2\/tags?post=12140"}],"curies":[{"name":"wp","href":"https:\/\/api.w.org\/{rel}","templated":true}]}}