{"id":11298,"date":"2023-10-03T10:00:45","date_gmt":"2023-10-03T08:00:45","guid":{"rendered":"https:\/\/agora.xtec.cat\/iessitges\/?p=11298"},"modified":"2023-10-03T10:49:43","modified_gmt":"2023-10-03T08:49:43","slug":"la-meva-experiencia-a-grecia-amb-erasmus","status":"publish","type":"post","link":"https:\/\/agora.xtec.cat\/iessitges\/direccio\/la-meva-experiencia-a-grecia-amb-erasmus\/","title":{"rendered":"La meva experi\u00e8ncia a Gr\u00e8cia amb Erasmus+"},"content":{"rendered":"<p dir=\"auto\">Soc el Bruno i vaig fer la mobilitat Erasmus+ quan era alumne de CFGS 1r Direcci\u00f3 de Cuina i Serveis.<\/p>\n<p>L&#8217;experi\u00e8ncia a Gr\u00e8cia ha sigut un descobriment gegant, hem estat 3 <span class=\"hiddenSpellError\" style=\"padding-bottom: 2px; background-image: url('..\/..\/..\/..\/..\/images\/squiggle_red.png'); background-repeat: repeat-x; background-position: left bottom; cursor: default; color: #000000; font-family: 'Open Sans', Helvetica, Arial, sans-serif; font-size: 16px; font-style: normal; font-variant-ligatures: normal; font-variant-caps: normal; font-weight: 300; letter-spacing: normal; orphans: 2; text-align: start; text-indent: 0px; text-transform: none; widows: 2; word-spacing: 0px; -webkit-text-stroke-width: 0px; white-space: normal; text-decoration-thickness: initial; text-decoration-style: initial; text-decoration-color: initial;\">mesos<\/span>\u00a0a\u00a0<span class=\"hiddenSpellError\" style=\"padding-bottom: 2px; background-image: url('..\/..\/..\/..\/..\/images\/squiggle_red.png'); background-repeat: repeat-x; background-position: left bottom; cursor: default; color: #000000; font-family: 'Open Sans', Helvetica, Arial, sans-serif; font-size: 16px; font-style: normal; font-variant-ligatures: normal; font-variant-caps: normal; font-weight: 300; letter-spacing: normal; orphans: 2; text-align: start; text-indent: 0px; text-transform: none; widows: 2; word-spacing: 0px; -webkit-text-stroke-width: 0px; white-space: normal; text-decoration-thickness: initial; text-decoration-style: initial; text-decoration-color: initial;\">Kalamata<\/span>\u00a0(<span class=\"hiddenSpellError\" style=\"padding-bottom: 2px; background-image: url('..\/..\/..\/..\/..\/images\/squiggle_red.png'); background-repeat: repeat-x; background-position: left bottom; cursor: default; color: #000000; font-family: 'Open Sans', Helvetica, Arial, sans-serif; font-size: 16px; font-style: normal; font-variant-ligatures: normal; font-variant-caps: normal; font-weight: 300; letter-spacing: normal; orphans: 2; text-align: start; text-indent: 0px; text-transform: none; widows: 2; word-spacing: 0px; -webkit-text-stroke-width: 0px; white-space: normal; text-decoration-thickness: initial; text-decoration-style: initial; text-decoration-color: initial;\">Analipsis<\/span>) i ha<br \/>\nsigut com si torn\u00e9ssim a una\u00a0Espanya\u00a0per\u00f2\u00a0com antiga, la gent\u00a0aqu\u00ed\u00a0est\u00e0\u00a0molt\u00a0arrelada\u00a0<span class=\"hiddenGrammarError\" style=\"padding-bottom: 2px; background-image: url('..\/..\/..\/..\/..\/images\/squiggle.png'); background-repeat: repeat-x; background-position: left bottom; cursor: default; color: #000000; font-family: 'Open Sans', Helvetica, Arial, sans-serif; font-size: 16px; font-style: normal; font-variant-ligatures: normal; font-variant-caps: normal; font-weight: 300; letter-spacing: normal; orphans: 2; text-align: start; text-indent: 0px; text-transform: none; widows: 2; word-spacing: 0px; -webkit-text-stroke-width: 0px; white-space: normal; text-decoration-thickness: initial; text-decoration-style: initial; text-decoration-color: initial;\">a<\/span><br \/>\nl&#8217;agricultura i a la ca\u00e7a, a part que tenen molta tradici\u00f3.<\/p>\n<p dir=\"auto\">Per altra banda, tamb\u00e9 hem pogut veure que la llengua \u00e9s molt complicada, tant per entendre com per parlar-la i escriure-la, \u00e9s una llengua totalment \u00fanica, per aquesta ra\u00f3 tamb\u00e9 ha sigut una barrera a l&#8217;hora de comunicar-se i entendre&#8217;s. Apart, com deia abans, sembla com una Espanya antiga, aix\u00f2 tamb\u00e9 es reflecteix a l&#8217;hora de la comunicaci\u00f3. Molta gent grega, sobretot la gent gran o de mitjana edat, de trenta cap a amunt, no parla angl\u00e8s o el parla molt poc. Per\u00f2 finalment, tots som humans, i d&#8217;una manera o altra la gent s&#8217;entenia i a m\u00e9s aix\u00f2 ens obligava a aprendre s\u00ed o s\u00ed paraules gregues, que no \u00e9s gaire f\u00e0cil. A part entenent la situaci\u00f3 acabes entenent paraules. O sigui, que la llengua grega ha sigut una barrera per\u00f2 res que no\u00a0es pugui\u00a0superar i acabar acostumant-se.<\/p>\n<p dir=\"auto\">Per altra banda, la gent a Gr\u00e8cia \u00e9s molt c\u00e0lida<span class=\"hiddenSpellError\" style=\"padding-bottom: 2px; background-image: url('..\/..\/..\/..\/..\/images\/squiggle_red.png'); background-repeat: repeat-x; background-position: left bottom; cursor: default; color: #000000; font-family: 'Open Sans', Helvetica, Arial, sans-serif; font-size: 16px; font-style: normal; font-variant-ligatures: normal; font-variant-caps: normal; font-weight: 300; letter-spacing: normal; orphans: 2; text-align: start; text-indent: 0px; text-transform: none; widows: 2; word-spacing: 0px; -webkit-text-stroke-width: 0px; white-space: normal; text-decoration-thickness: initial; text-decoration-style: initial; text-decoration-color: initial;\">,<\/span> \u00e9s incre\u00efble com la gent, encara que no et conegui de res, mostra molta amabilitat o ajuda a l&#8217;hora del dia adia en tots els aspectes, molta gent que<br \/>\nhem conegut aquests\u00a0<span class=\"hiddenGreenError\" style=\"padding-bottom: 2px; background-image: url('..\/..\/..\/..\/..\/images\/squiggle_green.png'); background-repeat: repeat-x; background-position: left bottom; cursor: default; color: #000000; font-family: 'Open Sans', Helvetica, Arial, sans-serif; font-size: 16px; font-style: normal; font-variant-ligatures: normal; font-variant-caps: normal; font-weight: 300; letter-spacing: normal; orphans: 2; text-align: start; text-indent: 0px; text-transform: none; widows: 2; word-spacing: 0px; -webkit-text-stroke-width: 0px; white-space: normal; text-decoration-thickness: initial; text-decoration-style: initial; text-decoration-color: initial;\">3<\/span> mesos i que trobarem a faltar, perqu\u00e8 semblava com si la conegu\u00e9ssim de sempre, com si estigu\u00e9ssim a Espanya.<\/p>\n<p dir=\"auto\">Finalment, l&#8217;experiencia ha sigut molt divertida i amb aventures que recordarem tots, hem pogut veure de prop el que \u00e9s la gent grega, la cultura, els menjars, els tants llocs que t\u00e9 i tot l&#8217;ambient, a part dels innombrables plats de la gastronomia grega.<\/p>\n<p dir=\"auto\">La veritat \u00e9s que hem gaudit d&#8217;aquest Erasmus i sobretot hem crescut com persones, i ens ha ajudat a millorar l&#8217;angl\u00e8s gr\u00e0cies a parlar-lo di\u00e0riament. De la cuina no m&#8217;emporto tant, per\u00f2 s\u00ed que de tot el que s&#8217;apr\u00e8n, o sigui, que les experi\u00e8ncies\u00a0sumen\u00a0en tots els aspectes.<\/p>\n<p dir=\"auto\">A la fotografia, Kastraki (vistes de tota la Messinia), Kalamata, Gr\u00e8cia<br \/>\nhttps:\/\/kastraki-meteoro.gr\/en\/food\/<\/p>\n<div dir=\"auto\"><\/div>\n<div dir=\"auto\"><a href=\"https:\/\/agora.xtec.cat\/iessitges\/wp-content\/uploads\/usu1948\/2023\/09\/Captura-de-pantalla-2023-09-28-a-les-13.19.01.png\"><img loading=\"lazy\" decoding=\"async\" class=\"alignnone size-full wp-image-11299\" src=\"https:\/\/agora.xtec.cat\/iessitges\/wp-content\/uploads\/usu1948\/2023\/09\/Captura-de-pantalla-2023-09-28-a-les-13.19.01.png\" alt=\"\" width=\"790\" height=\"910\" srcset=\"https:\/\/agora.xtec.cat\/iessitges\/wp-content\/uploads\/usu1948\/2023\/09\/Captura-de-pantalla-2023-09-28-a-les-13.19.01.png 790w, https:\/\/agora.xtec.cat\/iessitges\/wp-content\/uploads\/usu1948\/2023\/09\/Captura-de-pantalla-2023-09-28-a-les-13.19.01-260x300.png 260w, https:\/\/agora.xtec.cat\/iessitges\/wp-content\/uploads\/usu1948\/2023\/09\/Captura-de-pantalla-2023-09-28-a-les-13.19.01-768x885.png 768w\" sizes=\"auto, (max-width: 790px) 100vw, 790px\" \/><\/a><\/div>\n","protected":false},"excerpt":{"rendered":"<p>Soc el Bruno i vaig fer la mobilitat Erasmus+ quan era alumne de CFGS 1r Direcci\u00f3 de Cuina i Serveis. L&#8217;experi\u00e8ncia a Gr\u00e8cia ha sigut un descobriment gegant, hem estat 3 mesos\u00a0a\u00a0Kalamata\u00a0(Analipsis) i ha sigut com si torn\u00e9ssim a una\u00a0Espanya\u00a0per\u00f2\u00a0com antiga, la gent\u00a0aqu\u00ed\u00a0est\u00e0\u00a0molt\u00a0arrelada\u00a0a l&#8217;agricultura i a la ca\u00e7a, a part que tenen molta tradici\u00f3. Per [&hellip;]<\/p>\n","protected":false},"author":19,"featured_media":11299,"comment_status":"open","ping_status":"closed","sticky":false,"template":"","format":"standard","meta":{"site-sidebar-layout":"default","site-content-layout":"","ast-site-content-layout":"","site-content-style":"default","site-sidebar-style":"default","ast-global-header-display":"","ast-banner-title-visibility":"","ast-main-header-display":"","ast-hfb-above-header-display":"","ast-hfb-below-header-display":"","ast-hfb-mobile-header-display":"","site-post-title":"","ast-breadcrumbs-content":"","ast-featured-img":"","footer-sml-layout":"","theme-transparent-header-meta":"","adv-header-id-meta":"","stick-header-meta":"","header-above-stick-meta":"","header-main-stick-meta":"","header-below-stick-meta":"","astra-migrate-meta-layouts":"default","ast-page-background-enabled":"default","ast-page-background-meta":{"desktop":{"background-color":"var(--ast-global-color-4)","background-image":"","background-repeat":"repeat","background-position":"center center","background-size":"auto","background-attachment":"scroll","background-type":"","background-media":"","overlay-type":"","overlay-color":"","overlay-opacity":"","overlay-gradient":""},"tablet":{"background-color":"","background-image":"","background-repeat":"repeat","background-position":"center center","background-size":"auto","background-attachment":"scroll","background-type":"","background-media":"","overlay-type":"","overlay-color":"","overlay-opacity":"","overlay-gradient":""},"mobile":{"background-color":"","background-image":"","background-repeat":"repeat","background-position":"center center","background-size":"auto","background-attachment":"scroll","background-type":"","background-media":"","overlay-type":"","overlay-color":"","overlay-opacity":"","overlay-gradient":""}},"ast-content-background-meta":{"desktop":{"background-color":"var(--ast-global-color-5)","background-image":"","background-repeat":"repeat","background-position":"center center","background-size":"auto","background-attachment":"scroll","background-type":"","background-media":"","overlay-type":"","overlay-color":"","overlay-opacity":"","overlay-gradient":""},"tablet":{"background-color":"var(--ast-global-color-5)","background-image":"","background-repeat":"repeat","background-position":"center center","background-size":"auto","background-attachment":"scroll","background-type":"","background-media":"","overlay-type":"","overlay-color":"","overlay-opacity":"","overlay-gradient":""},"mobile":{"background-color":"var(--ast-global-color-5)","background-image":"","background-repeat":"repeat","background-position":"center center","background-size":"auto","background-attachment":"scroll","background-type":"","background-media":"","overlay-type":"","overlay-color":"","overlay-opacity":"","overlay-gradient":""}},"footnotes":""},"categories":[112,258],"tags":[249,183,239,250,215,233,334],"class_list":["post-11298","post","type-post","status-publish","format-standard","has-post-thumbnail","hentry","category-direccio","category-mobilitat","tag-benapres","tag-ccff","tag-cicles","tag-cicles-formatius","tag-erasmus","tag-grau-superior","tag-institut-joan-ramon-benapres"],"post_mailing_queue_ids":[],"_links":{"self":[{"href":"https:\/\/agora.xtec.cat\/iessitges\/wp-json\/wp\/v2\/posts\/11298","targetHints":{"allow":["GET"]}}],"collection":[{"href":"https:\/\/agora.xtec.cat\/iessitges\/wp-json\/wp\/v2\/posts"}],"about":[{"href":"https:\/\/agora.xtec.cat\/iessitges\/wp-json\/wp\/v2\/types\/post"}],"author":[{"embeddable":true,"href":"https:\/\/agora.xtec.cat\/iessitges\/wp-json\/wp\/v2\/users\/19"}],"replies":[{"embeddable":true,"href":"https:\/\/agora.xtec.cat\/iessitges\/wp-json\/wp\/v2\/comments?post=11298"}],"version-history":[{"count":4,"href":"https:\/\/agora.xtec.cat\/iessitges\/wp-json\/wp\/v2\/posts\/11298\/revisions"}],"predecessor-version":[{"id":11314,"href":"https:\/\/agora.xtec.cat\/iessitges\/wp-json\/wp\/v2\/posts\/11298\/revisions\/11314"}],"wp:featuredmedia":[{"embeddable":true,"href":"https:\/\/agora.xtec.cat\/iessitges\/wp-json\/wp\/v2\/media\/11299"}],"wp:attachment":[{"href":"https:\/\/agora.xtec.cat\/iessitges\/wp-json\/wp\/v2\/media?parent=11298"}],"wp:term":[{"taxonomy":"category","embeddable":true,"href":"https:\/\/agora.xtec.cat\/iessitges\/wp-json\/wp\/v2\/categories?post=11298"},{"taxonomy":"post_tag","embeddable":true,"href":"https:\/\/agora.xtec.cat\/iessitges\/wp-json\/wp\/v2\/tags?post=11298"}],"curies":[{"name":"wp","href":"https:\/\/api.w.org\/{rel}","templated":true}]}}