{"id":11236,"date":"2023-09-04T11:46:27","date_gmt":"2023-09-04T09:46:27","guid":{"rendered":"https:\/\/agora.xtec.cat\/iessitges\/?p=11236"},"modified":"2023-09-04T11:46:27","modified_gmt":"2023-09-04T09:46:27","slug":"estudiar-alemany-a-leoi-del-garraf","status":"publish","type":"post","link":"https:\/\/agora.xtec.cat\/iessitges\/eso\/eso-4\/estudiar-alemany-a-leoi-del-garraf\/","title":{"rendered":"Estudiar Alemany a l&#8217;EOI del Garraf"},"content":{"rendered":"<p><span style=\"color: #333333;\"><span id=\"m_7674503855108902672ih9dy\"><span id=\"m_7674503855108902672isrlv\">Benvolguts \/ Benvolgudes,<\/span><\/span><span id=\"m_7674503855108902672itonk\"><\/span><br \/>\n<span id=\"m_7674503855108902672igrlx\"><span id=\"m_7674503855108902672iio3g\">Des de l&#8217;Escola Oficial d\u2019Idiomes Garraf us volem comentar que, si estudieu\u00a0<b>angl\u00e8s<\/b>\u00a0com a llengua estrangera obligat\u00f2ria al vostre centre, podeu gaudir d&#8217;una bonificaci\u00f3 del 50% del preu de matr\u00edcula si decidiu estudiar\u00a0<b>alemany<\/b>\u00a0a l\u2019EOI Garraf. Aquesta bonificaci\u00f3, a m\u00e9s, \u00e9s acumulable a altres bonificacions que pugueu tenir, com ara la de pert\u00e0nyer a una fam\u00edlia nombrosa o monoparental.<\/span><\/span><span id=\"m_7674503855108902672i6c6w\"><\/span><br \/>\n<span id=\"m_7674503855108902672ip90b\"><span id=\"m_7674503855108902672iod1l\">En aquest\u00a0<a href=\"https:\/\/agora-eoi.xtec.cat\/eoigarraf\/portada\/matricula-de-nou-alumnat\/\" target=\"_blank\" rel=\"noopener\" data-saferedirecturl=\"https:\/\/www.google.com\/url?q=https:\/\/agora-eoi.xtec.cat\/eoigarraf\/portada\/matricula-de-nou-alumnat\/&amp;source=gmail&amp;ust=1693906151597000&amp;usg=AOvVaw0-aclf0BiALvkNzF8d2Oea\">enlla\u00e7<\/a>\u00a0disposeu de m\u00e9s informaci\u00f3 sobre la matr\u00edcula de nou alumnat al nostre centre.<\/span><\/span><span id=\"m_7674503855108902672izi8h\"><\/span><\/span><\/p>\n<p><span id=\"m_7674503855108902672io5x3\"><span id=\"m_7674503855108902672i6lg9\">Gr\u00e0cies per la vostra atenci\u00f3.<\/span><\/span><span id=\"m_7674503855108902672iyoby\"><\/span><\/p>\n<p><span id=\"m_7674503855108902672ilbe2\"><span id=\"m_7674503855108902672ix2zt\">Salutacions.<\/span><\/span><span id=\"m_7674503855108902672i4q7i\"><\/span><\/p>\n<p><b><span id=\"m_7674503855108902672ismt3\">Escola Oficial d\u2019Idiomes Garraf<\/span><\/b><span id=\"m_7674503855108902672ibu6w\"><\/span><\/p>\n<p><span id=\"m_7674503855108902672i3a8k\">Secretaria \u2013 Departament d\u2019alumnat<\/span><\/p>\n<p><span style=\"color: #444444;\"><span id=\"m_7674503855108902672ic6ba\"><span id=\"m_7674503855108902672i0hcq\">\u00c0ncora, 29 | 08800 Vilanova i la Geltr\u00fa<\/span><\/span><\/span><span id=\"m_7674503855108902672illqm\"><span id=\"m_7674503855108902672ixlof\"><\/span><\/span><span style=\"color: #333333;\"><br \/>\n<\/span><span style=\"color: #444444;\"><span id=\"m_7674503855108902672if2ih\"><span id=\"m_7674503855108902672i47xi\">Tel. 93 816 59 92| Fax 93 816 59 93<\/span><\/span><\/span><span id=\"m_7674503855108902672is4mx\"><span id=\"m_7674503855108902672iv2am\"><\/span><\/span><span style=\"color: #333333;\"><br \/>\n<\/span><a href=\"mailto:eoigarraf@xtec.cat\" target=\"_blank\" rel=\"noopener\"><span style=\"color: #444444;\"><span id=\"m_7674503855108902672i3044\"><span id=\"m_7674503855108902672iyktd\">eoigarraf@xtec.cat<\/span><\/span><\/span><\/a><span id=\"m_7674503855108902672ixa27\"><span id=\"m_7674503855108902672ic7kk\"><span style=\"color: #444444;\">\u00a0|\u00a0<a href=\"http:\/\/www.eoigarraf.cat\/\" target=\"_blank\" rel=\"noopener\" data-saferedirecturl=\"https:\/\/www.google.com\/url?q=http:\/\/www.eoigarraf.cat\/&amp;source=gmail&amp;ust=1693906151598000&amp;usg=AOvVaw1J9nZitYHQQcCMCt_vW1UP\">www.<wbr \/>eoigarraf.cat<\/a><\/span><\/span><\/span><\/p>\n","protected":false},"excerpt":{"rendered":"<p>Benvolguts \/ Benvolgudes, Des de l&#8217;Escola Oficial d\u2019Idiomes Garraf us volem comentar que, si estudieu\u00a0angl\u00e8s\u00a0com a llengua estrangera obligat\u00f2ria al vostre centre, podeu gaudir d&#8217;una bonificaci\u00f3 del 50% del preu de matr\u00edcula si decidiu estudiar\u00a0alemany\u00a0a l\u2019EOI Garraf. Aquesta bonificaci\u00f3, a m\u00e9s, \u00e9s acumulable a altres bonificacions que pugueu tenir, com ara la de pert\u00e0nyer a [&hellip;]<\/p>\n","protected":false},"author":19,"featured_media":0,"comment_status":"open","ping_status":"closed","sticky":false,"template":"","format":"standard","meta":{"site-sidebar-layout":"default","site-content-layout":"","ast-site-content-layout":"","site-content-style":"default","site-sidebar-style":"default","ast-global-header-display":"","ast-banner-title-visibility":"","ast-main-header-display":"","ast-hfb-above-header-display":"","ast-hfb-below-header-display":"","ast-hfb-mobile-header-display":"","site-post-title":"","ast-breadcrumbs-content":"","ast-featured-img":"","footer-sml-layout":"","theme-transparent-header-meta":"","adv-header-id-meta":"","stick-header-meta":"","header-above-stick-meta":"","header-main-stick-meta":"","header-below-stick-meta":"","astra-migrate-meta-layouts":"default","ast-page-background-enabled":"default","ast-page-background-meta":{"desktop":{"background-color":"var(--ast-global-color-4)","background-image":"","background-repeat":"repeat","background-position":"center center","background-size":"auto","background-attachment":"scroll","background-type":"","background-media":"","overlay-type":"","overlay-color":"","overlay-opacity":"","overlay-gradient":""},"tablet":{"background-color":"","background-image":"","background-repeat":"repeat","background-position":"center center","background-size":"auto","background-attachment":"scroll","background-type":"","background-media":"","overlay-type":"","overlay-color":"","overlay-opacity":"","overlay-gradient":""},"mobile":{"background-color":"","background-image":"","background-repeat":"repeat","background-position":"center center","background-size":"auto","background-attachment":"scroll","background-type":"","background-media":"","overlay-type":"","overlay-color":"","overlay-opacity":"","overlay-gradient":""}},"ast-content-background-meta":{"desktop":{"background-color":"var(--ast-global-color-5)","background-image":"","background-repeat":"repeat","background-position":"center center","background-size":"auto","background-attachment":"scroll","background-type":"","background-media":"","overlay-type":"","overlay-color":"","overlay-opacity":"","overlay-gradient":""},"tablet":{"background-color":"var(--ast-global-color-5)","background-image":"","background-repeat":"repeat","background-position":"center center","background-size":"auto","background-attachment":"scroll","background-type":"","background-media":"","overlay-type":"","overlay-color":"","overlay-opacity":"","overlay-gradient":""},"mobile":{"background-color":"var(--ast-global-color-5)","background-image":"","background-repeat":"repeat","background-position":"center center","background-size":"auto","background-attachment":"scroll","background-type":"","background-media":"","overlay-type":"","overlay-color":"","overlay-opacity":"","overlay-gradient":""}},"footnotes":""},"categories":[8,30,478,327,744,112,7,117,113,509,258,156],"tags":[201,182,249,183,239,250,136,215,232,238,233,334],"class_list":["post-11236","post","type-post","status-publish","format-standard","hentry","category-batxillerat","category-cfgm","category-consell-de-delegats-i-delegades","category-llengues","category-dietetica","category-direccio","category-eso-4","category-gep","category-allotjaments","category-guia-informacio-i-asistencies-turistiques","category-mobilitat","category-pfi","tag-1r-batxillerat","tag-batxillerat","tag-benapres","tag-ccff","tag-cicles","tag-cicles-formatius","tag-cuina","tag-erasmus","tag-gep","tag-grau-mitja","tag-grau-superior","tag-institut-joan-ramon-benapres"],"post_mailing_queue_ids":[],"_links":{"self":[{"href":"https:\/\/agora.xtec.cat\/iessitges\/wp-json\/wp\/v2\/posts\/11236","targetHints":{"allow":["GET"]}}],"collection":[{"href":"https:\/\/agora.xtec.cat\/iessitges\/wp-json\/wp\/v2\/posts"}],"about":[{"href":"https:\/\/agora.xtec.cat\/iessitges\/wp-json\/wp\/v2\/types\/post"}],"author":[{"embeddable":true,"href":"https:\/\/agora.xtec.cat\/iessitges\/wp-json\/wp\/v2\/users\/19"}],"replies":[{"embeddable":true,"href":"https:\/\/agora.xtec.cat\/iessitges\/wp-json\/wp\/v2\/comments?post=11236"}],"version-history":[{"count":3,"href":"https:\/\/agora.xtec.cat\/iessitges\/wp-json\/wp\/v2\/posts\/11236\/revisions"}],"predecessor-version":[{"id":11239,"href":"https:\/\/agora.xtec.cat\/iessitges\/wp-json\/wp\/v2\/posts\/11236\/revisions\/11239"}],"wp:attachment":[{"href":"https:\/\/agora.xtec.cat\/iessitges\/wp-json\/wp\/v2\/media?parent=11236"}],"wp:term":[{"taxonomy":"category","embeddable":true,"href":"https:\/\/agora.xtec.cat\/iessitges\/wp-json\/wp\/v2\/categories?post=11236"},{"taxonomy":"post_tag","embeddable":true,"href":"https:\/\/agora.xtec.cat\/iessitges\/wp-json\/wp\/v2\/tags?post=11236"}],"curies":[{"name":"wp","href":"https:\/\/api.w.org\/{rel}","templated":true}]}}