{"id":9921,"date":"2025-02-03T12:42:57","date_gmt":"2025-02-03T11:42:57","guid":{"rendered":"https:\/\/agora.xtec.cat\/iessert\/?p=9921"},"modified":"2025-03-21T09:54:18","modified_gmt":"2025-03-21T08:54:18","slug":"portes-obertes-eso-25-26","status":"publish","type":"post","link":"https:\/\/agora.xtec.cat\/iessert\/portada\/portes-obertes-eso-25-26\/","title":{"rendered":"PORTES OBERTES ESO 25-26"},"content":{"rendered":"\n<p>Estimades fam\u00edlies,<\/p>\n\n\n\n<p>\u00c9s un plaer convidar-vos a les portes obertes de l&#8217;ESO a l&#8217;Institut Josep Lluis Sert, on tindreu l&#8217;oportunitat de con\u00e8ixer m\u00e9s de prop la nostra proposta educativa.<\/p>\n\n\n\n<p>Les <strong>visites guiades<\/strong> s\u00f3n aproximadament d&#8217;una hora i estan programades per:<\/p>\n\n\n\n<ul class=\"wp-block-list\">\n<li>Dissabte 22 de febrer, de 10 a 13h<\/li>\n\n\n\n<li>Dimarts 11 de mar\u00e7, de 16 a 19h.<\/li>\n<\/ul>\n\n\n\n<p><strong>Cada fam\u00edlia <\/strong>que vingui a aquestes visites ha de registrar-se en el q\u00fcestionari (una persona per fam\u00edlia):<\/p>\n\n\n\n<p><a href=\"https:\/\/aplicacions.gestioeducativa.gencat.cat\/ords\/pls\/apex\/f?p=CITA_PREVIA:4::::4:P4_TIPUS_CALENDARI,P4_DOMINI:01_JPO_O,08045537\">REGISTRE VISITES<\/a><\/p>\n\n\n\n<p>A m\u00e9s, us convidem a participar en una reuni\u00f3 <strong>telem\u00e0tica el dia 6 de mar\u00e7 a les 17:30<\/strong>, on explicarem en detall el nostre projecte educatiu. L&#8217;enlla\u00e7 per a aquesta reuni\u00f3 \u00e9s: <\/p>\n\n\n\n<p><a href=\"https:\/\/meet.google.com\/sqn-iyos-ubg?hs=224\" target=\"_blank\" rel=\"noreferrer noopener\">meet.google.com\/sqn-iyos-ubg<\/a><\/p>\n\n\n\n<p>Tamb\u00e9 podeu consultar la presentaci\u00f3 de la reuni\u00f3 telem\u00e0tica al seg\u00fcent enlla\u00e7:<\/p>\n\n\n\n<p><a href=\"https:\/\/view.genially.com\/67b2e9a8f97875864e45df98\/presentation-portes-obertes-febrer-24\">PRESENTACI\u00d3 PORTES OBERTES<\/a><\/p>\n\n\n\n<p><br><\/p>\n\n\n\n<p>Gr\u00e0cies<\/p>\n\n\n\n<p>Juan Manuel Cazorla<\/p>\n\n\n\n<p>Director&nbsp;<\/p>\n\n\n\n<p>Institut Josep Llu\u00eds Sert.&nbsp;<\/p>\n\n\n\n<figure class=\"wp-block-image is-resized\"><img decoding=\"async\" src=\"https:\/\/ci3.googleusercontent.com\/mail-sig\/AIorK4yEVW5_EOw4A17gEXxDpFDASJ_tt5Dx_X3-IsIJSKE0qvDboKFYrZw6HX74fkQj68V7X-oG1v9qEorN\" alt=\"\" style=\"width:159px;height:auto\"\/><\/figure>\n","protected":false},"excerpt":{"rendered":"<p>Estimades fam\u00edlies,<\/p>\n<p>\u00c9s un plaer convidar-vos a les portes obertes de l&#8217;ESO a l&#8217;Institut Josep Lluis Sert, on tindreu l&#8217;oportunitat de con\u00e8ixer m\u00e9s de prop la nostra proposta educativa<\/p>\n","protected":false},"author":1,"featured_media":7977,"comment_status":"closed","ping_status":"open","sticky":false,"template":"","format":"standard","meta":{"_bbp_topic_count":0,"_bbp_reply_count":0,"_bbp_total_topic_count":0,"_bbp_total_reply_count":0,"_bbp_voice_count":0,"_bbp_anonymous_reply_count":0,"_bbp_topic_count_hidden":0,"_bbp_reply_count_hidden":0,"_bbp_forum_subforum_count":0,"site-sidebar-layout":"default","site-content-layout":"","ast-site-content-layout":"","site-content-style":"default","site-sidebar-style":"default","ast-global-header-display":"","ast-banner-title-visibility":"","ast-main-header-display":"","ast-hfb-above-header-display":"","ast-hfb-below-header-display":"","ast-hfb-mobile-header-display":"","site-post-title":"","ast-breadcrumbs-content":"","ast-featured-img":"","footer-sml-layout":"","theme-transparent-header-meta":"","adv-header-id-meta":"","stick-header-meta":"","header-above-stick-meta":"","header-main-stick-meta":"","header-below-stick-meta":"","astra-migrate-meta-layouts":"default","ast-page-background-enabled":"default","ast-page-background-meta":{"desktop":{"background-color":"var(--ast-global-color-4)","background-image":"","background-repeat":"repeat","background-position":"center center","background-size":"auto","background-attachment":"scroll","background-type":"","background-media":"","overlay-type":"","overlay-color":"","overlay-opacity":"","overlay-gradient":""},"tablet":{"background-color":"","background-image":"","background-repeat":"repeat","background-position":"center center","background-size":"auto","background-attachment":"scroll","background-type":"","background-media":"","overlay-type":"","overlay-color":"","overlay-opacity":"","overlay-gradient":""},"mobile":{"background-color":"","background-image":"","background-repeat":"repeat","background-position":"center center","background-size":"auto","background-attachment":"scroll","background-type":"","background-media":"","overlay-type":"","overlay-color":"","overlay-opacity":"","overlay-gradient":""}},"ast-content-background-meta":{"desktop":{"background-color":"var(--ast-global-color-5)","background-image":"","background-repeat":"repeat","background-position":"center center","background-size":"auto","background-attachment":"scroll","background-type":"","background-media":"","overlay-type":"","overlay-color":"","overlay-opacity":"","overlay-gradient":""},"tablet":{"background-color":"var(--ast-global-color-5)","background-image":"","background-repeat":"repeat","background-position":"center center","background-size":"auto","background-attachment":"scroll","background-type":"","background-media":"","overlay-type":"","overlay-color":"","overlay-opacity":"","overlay-gradient":""},"mobile":{"background-color":"var(--ast-global-color-5)","background-image":"","background-repeat":"repeat","background-position":"center center","background-size":"auto","background-attachment":"scroll","background-type":"","background-media":"","overlay-type":"","overlay-color":"","overlay-opacity":"","overlay-gradient":""}},"footnotes":""},"categories":[29,146],"tags":[],"class_list":["post-9921","post","type-post","status-publish","format-standard","has-post-thumbnail","hentry","category-portada","category-portes-obertes"],"post_mailing_queue_ids":[],"_links":{"self":[{"href":"https:\/\/agora.xtec.cat\/iessert\/wp-json\/wp\/v2\/posts\/9921","targetHints":{"allow":["GET"]}}],"collection":[{"href":"https:\/\/agora.xtec.cat\/iessert\/wp-json\/wp\/v2\/posts"}],"about":[{"href":"https:\/\/agora.xtec.cat\/iessert\/wp-json\/wp\/v2\/types\/post"}],"author":[{"embeddable":true,"href":"https:\/\/agora.xtec.cat\/iessert\/wp-json\/wp\/v2\/users\/1"}],"replies":[{"embeddable":true,"href":"https:\/\/agora.xtec.cat\/iessert\/wp-json\/wp\/v2\/comments?post=9921"}],"version-history":[{"count":5,"href":"https:\/\/agora.xtec.cat\/iessert\/wp-json\/wp\/v2\/posts\/9921\/revisions"}],"predecessor-version":[{"id":10038,"href":"https:\/\/agora.xtec.cat\/iessert\/wp-json\/wp\/v2\/posts\/9921\/revisions\/10038"}],"wp:featuredmedia":[{"embeddable":true,"href":"https:\/\/agora.xtec.cat\/iessert\/wp-json\/wp\/v2\/media\/7977"}],"wp:attachment":[{"href":"https:\/\/agora.xtec.cat\/iessert\/wp-json\/wp\/v2\/media?parent=9921"}],"wp:term":[{"taxonomy":"category","embeddable":true,"href":"https:\/\/agora.xtec.cat\/iessert\/wp-json\/wp\/v2\/categories?post=9921"},{"taxonomy":"post_tag","embeddable":true,"href":"https:\/\/agora.xtec.cat\/iessert\/wp-json\/wp\/v2\/tags?post=9921"}],"curies":[{"name":"wp","href":"https:\/\/api.w.org\/{rel}","templated":true}]}}