{"id":9867,"date":"2025-01-15T10:09:58","date_gmt":"2025-01-15T09:09:58","guid":{"rendered":"https:\/\/agora.xtec.cat\/iessert\/?p=9867"},"modified":"2025-01-21T11:49:19","modified_gmt":"2025-01-21T10:49:19","slug":"projecte-europa-es-escoles-ambaixadores","status":"publish","type":"post","link":"https:\/\/agora.xtec.cat\/iessert\/portada\/projecte-europa-es-escoles-ambaixadores\/","title":{"rendered":"PROJECTE &#8220;EUROPA \u00c9S&#8221;, ESCOLES AMBAIXADORES"},"content":{"rendered":"\n<p>La nostra escola mentora del Parlament Europeu, la Fundaci\u00f3 Llor, ens ha proposat a les Escoles Ambaixadores el projecte &#8220;Europa \u00e9s&#8230;&#8221; per conscienciar sobre els beneficis de pert\u00e0nyer a la Uni\u00f3 Europea mitjan\u00e7ant l&#8217;exposici\u00f3 d&#8217;uns p\u00f2sters als nostres centres. Cada escola ha triat un benefici i nosaltres hem escollit l&#8217;espai Schengen. Aqu\u00ed podeu veure alguns dels p\u00f2sters creats pels nostres ambaixadors j\u00faniors sobre l&#8217;espai Schengen i el panell expositor sobre el projecte. Esperem que us agradi!!&nbsp;<\/p>\n\n\n\n<figure class=\"wp-block-image size-large\"><a href=\"https:\/\/agora.xtec.cat\/iessert\/wp-content\/uploads\/usu642\/2025\/01\/Espai-Shengen.jpg\"><img loading=\"lazy\" decoding=\"async\" width=\"724\" height=\"1024\" src=\"https:\/\/agora.xtec.cat\/iessert\/wp-content\/uploads\/usu642\/2025\/01\/Espai-Shengen-724x1024.jpg\" alt=\"\" class=\"wp-image-9868\" srcset=\"https:\/\/agora.xtec.cat\/iessert\/wp-content\/uploads\/usu642\/2025\/01\/Espai-Shengen-724x1024.jpg 724w, https:\/\/agora.xtec.cat\/iessert\/wp-content\/uploads\/usu642\/2025\/01\/Espai-Shengen-212x300.jpg 212w, https:\/\/agora.xtec.cat\/iessert\/wp-content\/uploads\/usu642\/2025\/01\/Espai-Shengen-768x1086.jpg 768w, https:\/\/agora.xtec.cat\/iessert\/wp-content\/uploads\/usu642\/2025\/01\/Espai-Shengen-1086x1536.jpg 1086w, https:\/\/agora.xtec.cat\/iessert\/wp-content\/uploads\/usu642\/2025\/01\/Espai-Shengen-1448x2048.jpg 1448w, https:\/\/agora.xtec.cat\/iessert\/wp-content\/uploads\/usu642\/2025\/01\/Espai-Shengen.jpg 1587w\" sizes=\"auto, (max-width: 724px) 100vw, 724px\" \/><\/a><\/figure>\n\n\n\n<figure class=\"wp-block-image size-large\"><a href=\"https:\/\/agora.xtec.cat\/iessert\/wp-content\/uploads\/usu642\/2025\/01\/Europa-es-Espacio-Schengen.jpg\"><img loading=\"lazy\" decoding=\"async\" width=\"724\" height=\"1024\" src=\"https:\/\/agora.xtec.cat\/iessert\/wp-content\/uploads\/usu642\/2025\/01\/Europa-es-Espacio-Schengen-724x1024.jpg\" alt=\"\" class=\"wp-image-9869\" srcset=\"https:\/\/agora.xtec.cat\/iessert\/wp-content\/uploads\/usu642\/2025\/01\/Europa-es-Espacio-Schengen-724x1024.jpg 724w, https:\/\/agora.xtec.cat\/iessert\/wp-content\/uploads\/usu642\/2025\/01\/Europa-es-Espacio-Schengen-212x300.jpg 212w, https:\/\/agora.xtec.cat\/iessert\/wp-content\/uploads\/usu642\/2025\/01\/Europa-es-Espacio-Schengen-768x1086.jpg 768w, https:\/\/agora.xtec.cat\/iessert\/wp-content\/uploads\/usu642\/2025\/01\/Europa-es-Espacio-Schengen-1086x1536.jpg 1086w, https:\/\/agora.xtec.cat\/iessert\/wp-content\/uploads\/usu642\/2025\/01\/Europa-es-Espacio-Schengen.jpg 1414w\" sizes=\"auto, (max-width: 724px) 100vw, 724px\" \/><\/a><\/figure>\n\n\n\n<figure class=\"wp-block-image size-large\"><a href=\"https:\/\/agora.xtec.cat\/iessert\/wp-content\/uploads\/usu642\/2025\/01\/IMG_7217.jpg\"><img loading=\"lazy\" decoding=\"async\" width=\"735\" height=\"1024\" src=\"https:\/\/agora.xtec.cat\/iessert\/wp-content\/uploads\/usu642\/2025\/01\/IMG_7217-735x1024.jpg\" alt=\"\" class=\"wp-image-9871\" srcset=\"https:\/\/agora.xtec.cat\/iessert\/wp-content\/uploads\/usu642\/2025\/01\/IMG_7217-735x1024.jpg 735w, https:\/\/agora.xtec.cat\/iessert\/wp-content\/uploads\/usu642\/2025\/01\/IMG_7217-215x300.jpg 215w, https:\/\/agora.xtec.cat\/iessert\/wp-content\/uploads\/usu642\/2025\/01\/IMG_7217.jpg 750w\" sizes=\"auto, (max-width: 735px) 100vw, 735px\" \/><\/a><\/figure>\n\n\n\n<figure class=\"wp-block-image size-large\"><a href=\"https:\/\/agora.xtec.cat\/iessert\/wp-content\/uploads\/usu642\/2025\/01\/IMG_7218.jpg\"><img loading=\"lazy\" decoding=\"async\" width=\"733\" height=\"1024\" src=\"https:\/\/agora.xtec.cat\/iessert\/wp-content\/uploads\/usu642\/2025\/01\/IMG_7218-733x1024.jpg\" alt=\"\" class=\"wp-image-9872\" srcset=\"https:\/\/agora.xtec.cat\/iessert\/wp-content\/uploads\/usu642\/2025\/01\/IMG_7218-733x1024.jpg 733w, https:\/\/agora.xtec.cat\/iessert\/wp-content\/uploads\/usu642\/2025\/01\/IMG_7218-215x300.jpg 215w, https:\/\/agora.xtec.cat\/iessert\/wp-content\/uploads\/usu642\/2025\/01\/IMG_7218.jpg 749w\" sizes=\"auto, (max-width: 733px) 100vw, 733px\" \/><\/a><\/figure>\n\n\n\n<figure class=\"wp-block-image size-full\"><a href=\"https:\/\/agora.xtec.cat\/iessert\/wp-content\/uploads\/usu642\/2025\/01\/c50b1f3b-de54-4f9d-9abb-b88b381b39c7.jpg\"><img loading=\"lazy\" decoding=\"async\" width=\"480\" height=\"640\" src=\"https:\/\/agora.xtec.cat\/iessert\/wp-content\/uploads\/usu642\/2025\/01\/c50b1f3b-de54-4f9d-9abb-b88b381b39c7.jpg\" alt=\"\" class=\"wp-image-9879\" srcset=\"https:\/\/agora.xtec.cat\/iessert\/wp-content\/uploads\/usu642\/2025\/01\/c50b1f3b-de54-4f9d-9abb-b88b381b39c7.jpg 480w, https:\/\/agora.xtec.cat\/iessert\/wp-content\/uploads\/usu642\/2025\/01\/c50b1f3b-de54-4f9d-9abb-b88b381b39c7-225x300.jpg 225w\" sizes=\"auto, (max-width: 480px) 100vw, 480px\" \/><\/a><\/figure>\n","protected":false},"excerpt":{"rendered":"<p>La nostra escola mentora del Parlament Europeu, la Fundaci\u00f3 Llor, ens ha proposat a les Escoles Ambaixadores el projecte &#8220;Europa \u00e9s&#8230;&#8221; per conscienciar sobre els beneficis de pert\u00e0nyer a la Uni\u00f3 Europea<\/p>\n","protected":false},"author":1,"featured_media":9873,"comment_status":"closed","ping_status":"open","sticky":false,"template":"","format":"standard","meta":{"_bbp_topic_count":0,"_bbp_reply_count":0,"_bbp_total_topic_count":0,"_bbp_total_reply_count":0,"_bbp_voice_count":0,"_bbp_anonymous_reply_count":0,"_bbp_topic_count_hidden":0,"_bbp_reply_count_hidden":0,"_bbp_forum_subforum_count":0,"site-sidebar-layout":"default","site-content-layout":"","ast-site-content-layout":"","site-content-style":"default","site-sidebar-style":"default","ast-global-header-display":"","ast-banner-title-visibility":"","ast-main-header-display":"","ast-hfb-above-header-display":"","ast-hfb-below-header-display":"","ast-hfb-mobile-header-display":"","site-post-title":"","ast-breadcrumbs-content":"","ast-featured-img":"","footer-sml-layout":"","theme-transparent-header-meta":"","adv-header-id-meta":"","stick-header-meta":"","header-above-stick-meta":"","header-main-stick-meta":"","header-below-stick-meta":"","astra-migrate-meta-layouts":"default","ast-page-background-enabled":"default","ast-page-background-meta":{"desktop":{"background-color":"var(--ast-global-color-4)","background-image":"","background-repeat":"repeat","background-position":"center center","background-size":"auto","background-attachment":"scroll","background-type":"","background-media":"","overlay-type":"","overlay-color":"","overlay-opacity":"","overlay-gradient":""},"tablet":{"background-color":"","background-image":"","background-repeat":"repeat","background-position":"center center","background-size":"auto","background-attachment":"scroll","background-type":"","background-media":"","overlay-type":"","overlay-color":"","overlay-opacity":"","overlay-gradient":""},"mobile":{"background-color":"","background-image":"","background-repeat":"repeat","background-position":"center center","background-size":"auto","background-attachment":"scroll","background-type":"","background-media":"","overlay-type":"","overlay-color":"","overlay-opacity":"","overlay-gradient":""}},"ast-content-background-meta":{"desktop":{"background-color":"var(--ast-global-color-5)","background-image":"","background-repeat":"repeat","background-position":"center center","background-size":"auto","background-attachment":"scroll","background-type":"","background-media":"","overlay-type":"","overlay-color":"","overlay-opacity":"","overlay-gradient":""},"tablet":{"background-color":"var(--ast-global-color-5)","background-image":"","background-repeat":"repeat","background-position":"center center","background-size":"auto","background-attachment":"scroll","background-type":"","background-media":"","overlay-type":"","overlay-color":"","overlay-opacity":"","overlay-gradient":""},"mobile":{"background-color":"var(--ast-global-color-5)","background-image":"","background-repeat":"repeat","background-position":"center center","background-size":"auto","background-attachment":"scroll","background-type":"","background-media":"","overlay-type":"","overlay-color":"","overlay-opacity":"","overlay-gradient":""}},"footnotes":""},"categories":[244,29],"tags":[],"class_list":["post-9867","post","type-post","status-publish","format-standard","has-post-thumbnail","hentry","category-escoles-ambaixadores-del-parlament-europeu","category-portada"],"post_mailing_queue_ids":[],"_links":{"self":[{"href":"https:\/\/agora.xtec.cat\/iessert\/wp-json\/wp\/v2\/posts\/9867","targetHints":{"allow":["GET"]}}],"collection":[{"href":"https:\/\/agora.xtec.cat\/iessert\/wp-json\/wp\/v2\/posts"}],"about":[{"href":"https:\/\/agora.xtec.cat\/iessert\/wp-json\/wp\/v2\/types\/post"}],"author":[{"embeddable":true,"href":"https:\/\/agora.xtec.cat\/iessert\/wp-json\/wp\/v2\/users\/1"}],"replies":[{"embeddable":true,"href":"https:\/\/agora.xtec.cat\/iessert\/wp-json\/wp\/v2\/comments?post=9867"}],"version-history":[{"count":2,"href":"https:\/\/agora.xtec.cat\/iessert\/wp-json\/wp\/v2\/posts\/9867\/revisions"}],"predecessor-version":[{"id":9880,"href":"https:\/\/agora.xtec.cat\/iessert\/wp-json\/wp\/v2\/posts\/9867\/revisions\/9880"}],"wp:featuredmedia":[{"embeddable":true,"href":"https:\/\/agora.xtec.cat\/iessert\/wp-json\/wp\/v2\/media\/9873"}],"wp:attachment":[{"href":"https:\/\/agora.xtec.cat\/iessert\/wp-json\/wp\/v2\/media?parent=9867"}],"wp:term":[{"taxonomy":"category","embeddable":true,"href":"https:\/\/agora.xtec.cat\/iessert\/wp-json\/wp\/v2\/categories?post=9867"},{"taxonomy":"post_tag","embeddable":true,"href":"https:\/\/agora.xtec.cat\/iessert\/wp-json\/wp\/v2\/tags?post=9867"}],"curies":[{"name":"wp","href":"https:\/\/api.w.org\/{rel}","templated":true}]}}