{"id":9638,"date":"2024-12-10T10:52:53","date_gmt":"2024-12-10T09:52:53","guid":{"rendered":"https:\/\/agora.xtec.cat\/iessert\/?p=9638"},"modified":"2024-12-17T11:59:47","modified_gmt":"2024-12-17T10:59:47","slug":"simulacio-del-parlament-europeu","status":"publish","type":"post","link":"https:\/\/agora.xtec.cat\/iessert\/portada\/simulacio-del-parlament-europeu\/","title":{"rendered":"SIMULACI\u00d3 DEL PARLAMENT EUROPEU"},"content":{"rendered":"\n<p>L\u2019alumnat de 1r batxillerat ha participat en una simulaci\u00f3 del Parlament Europeu organitzada per l\u2019Ajuntament de Castelldefels amb el suport de la Diputaci\u00f3 de Barcelona. Gr\u00e0cies a aquesta simulaci\u00f3 els nostres alumnes han pogut gaudir de la gran experi\u00e8ncia i coneixements de la Uni\u00f3 Europea de Pau Solanilla i Joaqu\u00edm Mill\u00e1n (consultora EUROLOCAL), referents en l\u2019\u00e0mbit europeu.<\/p>\n\n\n\n<p>Durant aquestes tres sessions els alumnes han ent\u00e8s com funciona la Uni\u00f3 Europea, quines s\u00f3n les institucions i sobretot quin \u00e9s el funcionament del Parlament Europeu.<\/p>\n\n\n\n<p>Els alumnes han creat quatre partits pol\u00edtics i quatre comissions parlament\u00e0ries on els alumnes han fet un joc de rol amb doble funci\u00f3: representar un partit pol\u00edtic i alhora participar en els treballs d\u2019una comissi\u00f3 parlament\u00e0ria per portar les propostes al plenari del Parlament Europeu simulat.<\/p>\n\n\n\n<p>Les dues primeres sessions van tenir lloc el 3 de desembre i el 10 de desembre es va celebrar la simulaci\u00f3 del Plenari del Parlament, on els diferents portaveus de les comissions van exposar les seves propostes, que van ser votades pels quatre partits pol\u00edtics. Al plenari han assistit &nbsp;els seg\u00fcents representants de l&#8217;Ajuntament de Castelldefels: la Sra. Marian Ortega, consellera delegada de Presid\u00e8ncia, Comunicaci\u00f3, Participaci\u00f3 Ciutadana, Pol\u00edtica d&#8217;Habitatge i Projectes transversals, que va exercir la tasca de Presidenta del Parlament Europeu, i el Sr. Ramon Amador, regidor d&#8217;Educaci\u00f3, Cooperaci\u00f3 i Solidaritat i la Sra. Marta Oriol, Coordinadora d&#8217;Internacionalitzaci\u00f3 UE i ODS.&nbsp;<\/p>\n\n\n\n<p>Des de l&#8217;Ins Josep Llu\u00eds Sert donem les gr\u00e0cies tant a organitzadors com a participants per transmetre el valor de la democr\u00e0cia i institucions europees.<\/p>\n\n\n\n<p><a href=\"https:\/\/photos.app.goo.gl\/i3hMFLv1cPAxi2uQA\">SIMULACI\u00d3 PARLAMENT EUROPEU<\/a><\/p>\n","protected":false},"excerpt":{"rendered":"<p>L\u2019alumnat de 1r batxillerat ha participat en una simulaci\u00f3 del Parlament Europeu organitzada per l\u2019Ajuntament de Castelldefels amb la Diputaci\u00f3 de Barcelona<\/p>\n","protected":false},"author":1,"featured_media":9639,"comment_status":"closed","ping_status":"open","sticky":false,"template":"","format":"standard","meta":{"_bbp_topic_count":0,"_bbp_reply_count":0,"_bbp_total_topic_count":0,"_bbp_total_reply_count":0,"_bbp_voice_count":0,"_bbp_anonymous_reply_count":0,"_bbp_topic_count_hidden":0,"_bbp_reply_count_hidden":0,"_bbp_forum_subforum_count":0,"site-sidebar-layout":"default","site-content-layout":"","ast-site-content-layout":"","site-content-style":"default","site-sidebar-style":"default","ast-global-header-display":"","ast-banner-title-visibility":"","ast-main-header-display":"","ast-hfb-above-header-display":"","ast-hfb-below-header-display":"","ast-hfb-mobile-header-display":"","site-post-title":"","ast-breadcrumbs-content":"","ast-featured-img":"","footer-sml-layout":"","theme-transparent-header-meta":"","adv-header-id-meta":"","stick-header-meta":"","header-above-stick-meta":"","header-main-stick-meta":"","header-below-stick-meta":"","astra-migrate-meta-layouts":"default","ast-page-background-enabled":"default","ast-page-background-meta":{"desktop":{"background-color":"var(--ast-global-color-4)","background-image":"","background-repeat":"repeat","background-position":"center center","background-size":"auto","background-attachment":"scroll","background-type":"","background-media":"","overlay-type":"","overlay-color":"","overlay-opacity":"","overlay-gradient":""},"tablet":{"background-color":"","background-image":"","background-repeat":"repeat","background-position":"center center","background-size":"auto","background-attachment":"scroll","background-type":"","background-media":"","overlay-type":"","overlay-color":"","overlay-opacity":"","overlay-gradient":""},"mobile":{"background-color":"","background-image":"","background-repeat":"repeat","background-position":"center center","background-size":"auto","background-attachment":"scroll","background-type":"","background-media":"","overlay-type":"","overlay-color":"","overlay-opacity":"","overlay-gradient":""}},"ast-content-background-meta":{"desktop":{"background-color":"var(--ast-global-color-5)","background-image":"","background-repeat":"repeat","background-position":"center center","background-size":"auto","background-attachment":"scroll","background-type":"","background-media":"","overlay-type":"","overlay-color":"","overlay-opacity":"","overlay-gradient":""},"tablet":{"background-color":"var(--ast-global-color-5)","background-image":"","background-repeat":"repeat","background-position":"center center","background-size":"auto","background-attachment":"scroll","background-type":"","background-media":"","overlay-type":"","overlay-color":"","overlay-opacity":"","overlay-gradient":""},"mobile":{"background-color":"var(--ast-global-color-5)","background-image":"","background-repeat":"repeat","background-position":"center center","background-size":"auto","background-attachment":"scroll","background-type":"","background-media":"","overlay-type":"","overlay-color":"","overlay-opacity":"","overlay-gradient":""}},"footnotes":""},"categories":[114,240,244,29],"tags":[],"class_list":["post-9638","post","type-post","status-publish","format-standard","has-post-thumbnail","hentry","category-erasmus","category-erasmus-2021-27","category-escoles-ambaixadores-del-parlament-europeu","category-portada"],"post_mailing_queue_ids":[],"_links":{"self":[{"href":"https:\/\/agora.xtec.cat\/iessert\/wp-json\/wp\/v2\/posts\/9638","targetHints":{"allow":["GET"]}}],"collection":[{"href":"https:\/\/agora.xtec.cat\/iessert\/wp-json\/wp\/v2\/posts"}],"about":[{"href":"https:\/\/agora.xtec.cat\/iessert\/wp-json\/wp\/v2\/types\/post"}],"author":[{"embeddable":true,"href":"https:\/\/agora.xtec.cat\/iessert\/wp-json\/wp\/v2\/users\/1"}],"replies":[{"embeddable":true,"href":"https:\/\/agora.xtec.cat\/iessert\/wp-json\/wp\/v2\/comments?post=9638"}],"version-history":[{"count":2,"href":"https:\/\/agora.xtec.cat\/iessert\/wp-json\/wp\/v2\/posts\/9638\/revisions"}],"predecessor-version":[{"id":9641,"href":"https:\/\/agora.xtec.cat\/iessert\/wp-json\/wp\/v2\/posts\/9638\/revisions\/9641"}],"wp:featuredmedia":[{"embeddable":true,"href":"https:\/\/agora.xtec.cat\/iessert\/wp-json\/wp\/v2\/media\/9639"}],"wp:attachment":[{"href":"https:\/\/agora.xtec.cat\/iessert\/wp-json\/wp\/v2\/media?parent=9638"}],"wp:term":[{"taxonomy":"category","embeddable":true,"href":"https:\/\/agora.xtec.cat\/iessert\/wp-json\/wp\/v2\/categories?post=9638"},{"taxonomy":"post_tag","embeddable":true,"href":"https:\/\/agora.xtec.cat\/iessert\/wp-json\/wp\/v2\/tags?post=9638"}],"curies":[{"name":"wp","href":"https:\/\/api.w.org\/{rel}","templated":true}]}}