{"id":9341,"date":"2024-07-06T18:40:33","date_gmt":"2024-07-06T16:40:33","guid":{"rendered":"https:\/\/agora.xtec.cat\/iessert\/?p=9341"},"modified":"2024-07-17T21:39:54","modified_gmt":"2024-07-17T19:39:54","slug":"arnau-sanchez-al-forum-de-joves-talents-de-catalunya","status":"publish","type":"post","link":"https:\/\/agora.xtec.cat\/iessert\/portada\/arnau-sanchez-al-forum-de-joves-talents-de-catalunya\/","title":{"rendered":"L&#8217;ARNAU S\u00c1NCHEZ AL F\u00d2RUM DE JOVES TALENTS DE CATALUNYA"},"content":{"rendered":"<div class=\"sppb-row\">\n<div id=\"column-wrap-id-1651569851099\" class=\"sppb-col-md-8\">\n<div id=\"column-id-1651569851099\" class=\"sppb-column\">\n<div class=\"sppb-column-addons\">\n<div id=\"sppb-addon-wrapper-1651569851104\" class=\"sppb-addon-wrapper\">\n<div id=\"sppb-addon-1651569851104\" class=\"clearfix\">\n<div class=\"sppb-addon sppb-addon-text-block sppb-text-left\">\n<div class=\"sppb-addon-content\">\n<p>Del 26 al 29 de juny de 2024 es va celebrar la 9a edici\u00f3 del F\u00f2rum de Joves Talents de Catalunya a l\u2019Exploratori de Recursos de la Natura de Berga, organitzat per la Universitat Polit\u00e8cnica de Catalunya i que, un any m\u00e9s va comptar amb el suport del Departament d\u2019Educaci\u00f3.<\/p>\n<\/div>\n<\/div>\n<\/div>\n<\/div>\n<\/div>\n<\/div>\n<\/div>\n<\/div>\n<p dir=\"ltr\">40 joves de 4t d\u2019ESO i 1r de Batxillerat de tota Catalunya van participar en l&#8217;edici\u00f3 d&#8217;enguany i, entre ells es trobava el nostre alumne de 1r de Batxillerat, l&#8217;Arnau S\u00e1nchez, seleccionat despr\u00e9s que el professorat del departament de Tecnologia del nostre institut present\u00e9s la seva candidatura.<\/p>\n<p dir=\"ltr\">L&#8217;objectiu principal d&#8217;aquest F\u00f2rum \u00e9s premiar els millors estudiants pre-universitaris de Catalunya i objectiu final \u00e9s la incentivaci\u00f3 de la ci\u00e8ncia i la tecnologia entre els joves de Secund\u00e0ria, mitjan\u00e7ant la repercussi\u00f3 medi\u00e0tica que t\u00e9 aquesta acci\u00f3, en els diferents Centres dels joves participants.<\/p>\n<p>El tema central d&#8217;aquesta edici\u00f3 va ser \u201c<strong>Tu i el Canvi clim\u00e0tic\u201d\u00a0<\/strong>i els nois i noies van assistir a varies pon\u00e8ncies a c\u00e0rrec de cient\u00edfics rellevants experts en el tema i van participar en sessions de debat per grups i moderades per joves investigadors sobre una tem\u00e0tica relacionada amb els recursos de l\u2019AIGUA.<\/p>\n<p>Per a cada tem\u00e0tica hi va haver una pon\u00e8ncia relacionada:<\/p>\n<ol>\n<li>L\u2019aire i el canvi clim\u00e0tic<\/li>\n<li>L\u2019aigua i el canvi clim\u00e0tic<em><br \/>\n<\/em><\/li>\n<li>Els aliments i el canvi clim\u00e0tic<\/li>\n<li>Els residus i el canvi clim\u00e0tic<\/li>\n<li>La societat i el canvi clim\u00e0tic<\/li>\n<\/ol>\n<p>Podeu llegir m\u00e9s sobre el F\u00f2rum <a href=\"https:\/\/exploratori.upc.edu\/ca\/forum-de-joves-talents-de-catalunya\/forum-de-joves-talents-de-catalunya-2024\">AQU\u00cd<\/a>.<\/p>\n<p>Tamb\u00e9 podeu veure algunes fotografies <a href=\"https:\/\/photos.app.goo.gl\/adHvrHH6JyQp6j4d7\">AQU\u00cd<\/a>.<\/p>\n<p>Enhorabona Arnau per la teva participaci\u00f3 en aquesta trobada! Estem segurs que ha estat una experi\u00e8ncia molt enriquidora!<\/p>\n<p>&nbsp;<\/p>\n","protected":false},"excerpt":{"rendered":"<p>Del 26 al 29 de juny de 2024 es va celebrar la 9a edici\u00f3 del F\u00f2rum de Joves Talents de Catalunya<\/p>\n","protected":false},"author":1,"featured_media":9342,"comment_status":"closed","ping_status":"closed","sticky":false,"template":"","format":"standard","meta":{"_bbp_topic_count":0,"_bbp_reply_count":0,"_bbp_total_topic_count":0,"_bbp_total_reply_count":0,"_bbp_voice_count":0,"_bbp_anonymous_reply_count":0,"_bbp_topic_count_hidden":0,"_bbp_reply_count_hidden":0,"_bbp_forum_subforum_count":0,"site-sidebar-layout":"default","site-content-layout":"","ast-site-content-layout":"","site-content-style":"default","site-sidebar-style":"default","ast-global-header-display":"","ast-banner-title-visibility":"","ast-main-header-display":"","ast-hfb-above-header-display":"","ast-hfb-below-header-display":"","ast-hfb-mobile-header-display":"","site-post-title":"","ast-breadcrumbs-content":"","ast-featured-img":"","footer-sml-layout":"","theme-transparent-header-meta":"","adv-header-id-meta":"","stick-header-meta":"","header-above-stick-meta":"","header-main-stick-meta":"","header-below-stick-meta":"","astra-migrate-meta-layouts":"default","ast-page-background-enabled":"default","ast-page-background-meta":{"desktop":{"background-color":"var(--ast-global-color-4)","background-image":"","background-repeat":"repeat","background-position":"center center","background-size":"auto","background-attachment":"scroll","background-type":"","background-media":"","overlay-type":"","overlay-color":"","overlay-opacity":"","overlay-gradient":""},"tablet":{"background-color":"","background-image":"","background-repeat":"repeat","background-position":"center center","background-size":"auto","background-attachment":"scroll","background-type":"","background-media":"","overlay-type":"","overlay-color":"","overlay-opacity":"","overlay-gradient":""},"mobile":{"background-color":"","background-image":"","background-repeat":"repeat","background-position":"center center","background-size":"auto","background-attachment":"scroll","background-type":"","background-media":"","overlay-type":"","overlay-color":"","overlay-opacity":"","overlay-gradient":""}},"ast-content-background-meta":{"desktop":{"background-color":"var(--ast-global-color-5)","background-image":"","background-repeat":"repeat","background-position":"center center","background-size":"auto","background-attachment":"scroll","background-type":"","background-media":"","overlay-type":"","overlay-color":"","overlay-opacity":"","overlay-gradient":""},"tablet":{"background-color":"var(--ast-global-color-5)","background-image":"","background-repeat":"repeat","background-position":"center center","background-size":"auto","background-attachment":"scroll","background-type":"","background-media":"","overlay-type":"","overlay-color":"","overlay-opacity":"","overlay-gradient":""},"mobile":{"background-color":"var(--ast-global-color-5)","background-image":"","background-repeat":"repeat","background-position":"center center","background-size":"auto","background-attachment":"scroll","background-type":"","background-media":"","overlay-type":"","overlay-color":"","overlay-opacity":"","overlay-gradient":""}},"footnotes":""},"categories":[218,228,29,153],"tags":[],"class_list":["post-9341","post","type-post","status-publish","format-standard","has-post-thumbnail","hentry","category-1r-batxillerat","category-ciencia","category-portada","category-tecnologia"],"post_mailing_queue_ids":[],"_links":{"self":[{"href":"https:\/\/agora.xtec.cat\/iessert\/wp-json\/wp\/v2\/posts\/9341","targetHints":{"allow":["GET"]}}],"collection":[{"href":"https:\/\/agora.xtec.cat\/iessert\/wp-json\/wp\/v2\/posts"}],"about":[{"href":"https:\/\/agora.xtec.cat\/iessert\/wp-json\/wp\/v2\/types\/post"}],"author":[{"embeddable":true,"href":"https:\/\/agora.xtec.cat\/iessert\/wp-json\/wp\/v2\/users\/1"}],"replies":[{"embeddable":true,"href":"https:\/\/agora.xtec.cat\/iessert\/wp-json\/wp\/v2\/comments?post=9341"}],"version-history":[{"count":3,"href":"https:\/\/agora.xtec.cat\/iessert\/wp-json\/wp\/v2\/posts\/9341\/revisions"}],"predecessor-version":[{"id":9345,"href":"https:\/\/agora.xtec.cat\/iessert\/wp-json\/wp\/v2\/posts\/9341\/revisions\/9345"}],"wp:featuredmedia":[{"embeddable":true,"href":"https:\/\/agora.xtec.cat\/iessert\/wp-json\/wp\/v2\/media\/9342"}],"wp:attachment":[{"href":"https:\/\/agora.xtec.cat\/iessert\/wp-json\/wp\/v2\/media?parent=9341"}],"wp:term":[{"taxonomy":"category","embeddable":true,"href":"https:\/\/agora.xtec.cat\/iessert\/wp-json\/wp\/v2\/categories?post=9341"},{"taxonomy":"post_tag","embeddable":true,"href":"https:\/\/agora.xtec.cat\/iessert\/wp-json\/wp\/v2\/tags?post=9341"}],"curies":[{"name":"wp","href":"https:\/\/api.w.org\/{rel}","templated":true}]}}