{"id":9171,"date":"2024-05-14T11:21:51","date_gmt":"2024-05-14T09:21:51","guid":{"rendered":"https:\/\/agora.xtec.cat\/iessert\/?p=9171"},"modified":"2024-05-14T11:21:51","modified_gmt":"2024-05-14T09:21:51","slug":"3a-jornada-comarcal-baix-dance","status":"publish","type":"post","link":"https:\/\/agora.xtec.cat\/iessert\/portada\/3a-jornada-comarcal-baix-dance\/","title":{"rendered":"3a JORNADA COMARCAL BAIX DANCE"},"content":{"rendered":"<p>El\u00a0<strong><u>proper dissabte 1 de juny de 2024<\/u><\/strong>, a partir de les 10.30h, tindr\u00e0 lloc al CEM Can Roca la 3\u00aa Jornada Comarcal Baix Dance.<\/p>\n<p>Aquesta jornada organitzada per l\u2019Ajuntament de Castelldefels i el Consell Esportiu del Baix Llobregat, est\u00e0 inclosa al calendari de jocs escolars, i ens agradaria que els\/les vostres fills\/es formessin part de la participaci\u00f3 d\u2019aquesta. La jornada va dirigida tant a infants<strong>\u00a0entre els 5 i 12 anys<\/strong>, com a\u00a0<strong>adolescents entre els 13 i 18\u00a0<\/strong>anys i on els i les participants podran mostrar el seu treball creatiu a trav\u00e9s de l\u2019expressi\u00f3 corporal, el moviment i la dansa.<\/p>\n<p>L\u2019enlla\u00e7 web on podeu trobar tota la informaci\u00f3 de la jornada \u00e9s el seg\u00fcent: <a href=\"https:\/\/eur05.safelinks.protection.outlook.com\/?url=https%3A%2F%2Fcebllob.cat%2F3a-jornada-comarcal-baix-dance-castelldefels-01-06-24%2F&amp;data=05%7C02%7Caleix.terreo%40extern.castelldefels.org%7C9af33254ce554d438b7508dc6b5c347e%7C51613cf8776b4f2fa5d7a83abfd4f0aa%7C0%7C0%7C638503290993928685%7CUnknown%7CTWFpbGZsb3d8eyJWIjoiMC4wLjAwMDAiLCJQIjoiV2luMzIiLCJBTiI6Ik1haWwiLCJXVCI6Mn0%3D%7C0%7C%7C%7C&amp;sdata=u0ZFQjVQ8Y7zfTbeQHMRAAYtTM22uBBu8b6zPvdKKMI%3D&amp;reserved=0\" target=\"_blank\" rel=\"noopener\" data-saferedirecturl=\"https:\/\/www.google.com\/url?q=https:\/\/eur05.safelinks.protection.outlook.com\/?url%3Dhttps%253A%252F%252Fcebllob.cat%252F3a-jornada-comarcal-baix-dance-castelldefels-01-06-24%252F%26data%3D05%257C02%257Caleix.terreo%2540extern.castelldefels.org%257C9af33254ce554d438b7508dc6b5c347e%257C51613cf8776b4f2fa5d7a83abfd4f0aa%257C0%257C0%257C638503290993928685%257CUnknown%257CTWFpbGZsb3d8eyJWIjoiMC4wLjAwMDAiLCJQIjoiV2luMzIiLCJBTiI6Ik1haWwiLCJXVCI6Mn0%253D%257C0%257C%257C%257C%26sdata%3Du0ZFQjVQ8Y7zfTbeQHMRAAYtTM22uBBu8b6zPvdKKMI%253D%26reserved%3D0&amp;source=gmail&amp;ust=1715764131538000&amp;usg=AOvVaw2zsCNA4DAyfnk39fuC0gcw\">https:\/\/cebllob.cat\/3a-<wbr \/>jornada-comarcal-baix-dance-<wbr \/>castelldefels-01-06-24\/<\/a><\/p>\n<p>Tamb\u00e9 adjuntem l\u2019enlla\u00e7 on podeu formalitzar la vostra inscripci\u00f3 <a href=\"https:\/\/eur05.safelinks.protection.outlook.com\/?url=https%3A%2F%2Fdocs.google.com%2Fforms%2Fd%2Fe%2F1FAIpQLScoRdBMqXcjHABkySgSpLciLmFJoQIEUB1vVMk1OQqw8M5v7g%2Fviewform&amp;data=05%7C02%7Caleix.terreo%40extern.castelldefels.org%7C9af33254ce554d438b7508dc6b5c347e%7C51613cf8776b4f2fa5d7a83abfd4f0aa%7C0%7C0%7C638503290993928685%7CUnknown%7CTWFpbGZsb3d8eyJWIjoiMC4wLjAwMDAiLCJQIjoiV2luMzIiLCJBTiI6Ik1haWwiLCJXVCI6Mn0%3D%7C0%7C%7C%7C&amp;sdata=zge5wp9PL78ZhVfBV7aJLEGMcT2FMIM2ZyJCCl8YggY%3D&amp;reserved=0\" target=\"_blank\" rel=\"noopener\" data-saferedirecturl=\"https:\/\/www.google.com\/url?q=https:\/\/eur05.safelinks.protection.outlook.com\/?url%3Dhttps%253A%252F%252Fdocs.google.com%252Fforms%252Fd%252Fe%252F1FAIpQLScoRdBMqXcjHABkySgSpLciLmFJoQIEUB1vVMk1OQqw8M5v7g%252Fviewform%26data%3D05%257C02%257Caleix.terreo%2540extern.castelldefels.org%257C9af33254ce554d438b7508dc6b5c347e%257C51613cf8776b4f2fa5d7a83abfd4f0aa%257C0%257C0%257C638503290993928685%257CUnknown%257CTWFpbGZsb3d8eyJWIjoiMC4wLjAwMDAiLCJQIjoiV2luMzIiLCJBTiI6Ik1haWwiLCJXVCI6Mn0%253D%257C0%257C%257C%257C%26sdata%3Dzge5wp9PL78ZhVfBV7aJLEGMcT2FMIM2ZyJCCl8YggY%253D%26reserved%3D0&amp;source=gmail&amp;ust=1715764131538000&amp;usg=AOvVaw3HDjJrUBYmbkdces6xhQpc\">https:\/\/docs.google.com\/forms\/<wbr \/>d\/e\/<wbr \/>1FAIpQLScoRdBMqXcjHABkySgSpLci<wbr \/>LmFJoQIEUB1vVMk1OQqw8M5v7g\/<wbr \/>viewform<\/a>\u00a0i que com a molt tard s\u2019haur\u00e0 d\u2019omplir el\u00a0<strong><u>dijous 23 de maig de 2024 incl\u00f2s<\/u><\/strong>.<\/p>\n<p><strong>La participaci\u00f3 en aquesta jornada \u00e9s gratu\u00efta tot i que per aquells esportistes d\u2019entitats o escoles de Castelldefels es tramitar\u00e0 una asseguran\u00e7a puntual<\/strong><strong>.<\/strong><\/p>\n<p>&nbsp;<\/p>\n","protected":false},"excerpt":{"rendered":"<p>El\u00a0proper dissabte 1 de juny de 2024, a partir de les 10.30h, tindr\u00e0 lloc al CEM Can Roca la 3\u00aa Jornada Comarcal Baix Dance<\/p>\n","protected":false},"author":1,"featured_media":9172,"comment_status":"closed","ping_status":"closed","sticky":false,"template":"","format":"standard","meta":{"_bbp_topic_count":0,"_bbp_reply_count":0,"_bbp_total_topic_count":0,"_bbp_total_reply_count":0,"_bbp_voice_count":0,"_bbp_anonymous_reply_count":0,"_bbp_topic_count_hidden":0,"_bbp_reply_count_hidden":0,"_bbp_forum_subforum_count":0,"site-sidebar-layout":"default","site-content-layout":"","ast-site-content-layout":"","site-content-style":"default","site-sidebar-style":"default","ast-global-header-display":"","ast-banner-title-visibility":"","ast-main-header-display":"","ast-hfb-above-header-display":"","ast-hfb-below-header-display":"","ast-hfb-mobile-header-display":"","site-post-title":"","ast-breadcrumbs-content":"","ast-featured-img":"","footer-sml-layout":"","theme-transparent-header-meta":"","adv-header-id-meta":"","stick-header-meta":"","header-above-stick-meta":"","header-main-stick-meta":"","header-below-stick-meta":"","astra-migrate-meta-layouts":"default","ast-page-background-enabled":"default","ast-page-background-meta":{"desktop":{"background-color":"var(--ast-global-color-4)","background-image":"","background-repeat":"repeat","background-position":"center center","background-size":"auto","background-attachment":"scroll","background-type":"","background-media":"","overlay-type":"","overlay-color":"","overlay-opacity":"","overlay-gradient":""},"tablet":{"background-color":"","background-image":"","background-repeat":"repeat","background-position":"center center","background-size":"auto","background-attachment":"scroll","background-type":"","background-media":"","overlay-type":"","overlay-color":"","overlay-opacity":"","overlay-gradient":""},"mobile":{"background-color":"","background-image":"","background-repeat":"repeat","background-position":"center center","background-size":"auto","background-attachment":"scroll","background-type":"","background-media":"","overlay-type":"","overlay-color":"","overlay-opacity":"","overlay-gradient":""}},"ast-content-background-meta":{"desktop":{"background-color":"var(--ast-global-color-5)","background-image":"","background-repeat":"repeat","background-position":"center center","background-size":"auto","background-attachment":"scroll","background-type":"","background-media":"","overlay-type":"","overlay-color":"","overlay-opacity":"","overlay-gradient":""},"tablet":{"background-color":"var(--ast-global-color-5)","background-image":"","background-repeat":"repeat","background-position":"center center","background-size":"auto","background-attachment":"scroll","background-type":"","background-media":"","overlay-type":"","overlay-color":"","overlay-opacity":"","overlay-gradient":""},"mobile":{"background-color":"var(--ast-global-color-5)","background-image":"","background-repeat":"repeat","background-position":"center center","background-size":"auto","background-attachment":"scroll","background-type":"","background-media":"","overlay-type":"","overlay-color":"","overlay-opacity":"","overlay-gradient":""}},"footnotes":""},"categories":[29],"tags":[],"class_list":["post-9171","post","type-post","status-publish","format-standard","has-post-thumbnail","hentry","category-portada"],"post_mailing_queue_ids":[],"_links":{"self":[{"href":"https:\/\/agora.xtec.cat\/iessert\/wp-json\/wp\/v2\/posts\/9171","targetHints":{"allow":["GET"]}}],"collection":[{"href":"https:\/\/agora.xtec.cat\/iessert\/wp-json\/wp\/v2\/posts"}],"about":[{"href":"https:\/\/agora.xtec.cat\/iessert\/wp-json\/wp\/v2\/types\/post"}],"author":[{"embeddable":true,"href":"https:\/\/agora.xtec.cat\/iessert\/wp-json\/wp\/v2\/users\/1"}],"replies":[{"embeddable":true,"href":"https:\/\/agora.xtec.cat\/iessert\/wp-json\/wp\/v2\/comments?post=9171"}],"version-history":[{"count":1,"href":"https:\/\/agora.xtec.cat\/iessert\/wp-json\/wp\/v2\/posts\/9171\/revisions"}],"predecessor-version":[{"id":9173,"href":"https:\/\/agora.xtec.cat\/iessert\/wp-json\/wp\/v2\/posts\/9171\/revisions\/9173"}],"wp:featuredmedia":[{"embeddable":true,"href":"https:\/\/agora.xtec.cat\/iessert\/wp-json\/wp\/v2\/media\/9172"}],"wp:attachment":[{"href":"https:\/\/agora.xtec.cat\/iessert\/wp-json\/wp\/v2\/media?parent=9171"}],"wp:term":[{"taxonomy":"category","embeddable":true,"href":"https:\/\/agora.xtec.cat\/iessert\/wp-json\/wp\/v2\/categories?post=9171"},{"taxonomy":"post_tag","embeddable":true,"href":"https:\/\/agora.xtec.cat\/iessert\/wp-json\/wp\/v2\/tags?post=9171"}],"curies":[{"name":"wp","href":"https:\/\/api.w.org\/{rel}","templated":true}]}}