{"id":9167,"date":"2024-05-13T10:00:42","date_gmt":"2024-05-13T08:00:42","guid":{"rendered":"https:\/\/agora.xtec.cat\/iessert\/?p=9167"},"modified":"2024-05-13T10:04:56","modified_gmt":"2024-05-13T08:04:56","slug":"el-sert-de-nou-a-radio-castelldefels","status":"publish","type":"post","link":"https:\/\/agora.xtec.cat\/iessert\/general\/el-sert-de-nou-a-radio-castelldefels\/","title":{"rendered":"EL SERT, DE NOU, A R\u00c0DIO CASTELLDEFELS"},"content":{"rendered":"<p>El dia 7 de maig, alumnat de 3r d\u2019ESO de l\u2019optativa i alternativa de programaci\u00f3 radiof\u00f2nica va participar en la gravaci\u00f3 d\u2019un programa que es va emetre el dia 11 de maig a R\u00e0dio Castelldefels.<\/p>\n<p>Els alumnes que hi participaren van ser: l\u2019Ainhoa Aguilar, la Daniela\u00a0Bujalance, el Mauro\u00a0Cocaro, el Sim\u00f3n D\u00edez, la Sara Sof\u00eda Franco, l\u2019Aitana Garc\u00eda, la Claudia Jim\u00e9nez, l\u2019Aleix Mart\u00edn, el Marc Planas, el Pedro Ruiz, el Daniel S\u00e1nchez, l\u2019Alex V\u00e1zquez i l\u2019Hugo Vega.<\/p>\n<p>Van tractar de temes diversos: les guerres d\u2019Ucra\u00efna i R\u00fassia\u00a0i\u00a0la de Palestina i Israel, les armes nuclears, la pobresa a l\u2019Am\u00e8rica del Sud, el comer\u00e7 il\u00b7legal d\u2019animals, els gossos PPP, la formaci\u00f3 de les gal\u00e0xies, el grup musical\u00a0Maneskin,\u00a0una\u00a0entrevis<wbr \/>ta al professor \u00a0i m\u00fasic Jes\u00fas Corral,\u00a0alguns\u00a0esports\u00a0(<wbr \/>criquet, NBA i gimn\u00e0stica art\u00edstica), el\u00a0tik-tok\u00a0i\u00a0les dificultats dels invidents a la ciutat de Castelldefels.<\/p>\n<p>Podeu veure fotografies a continuaci\u00f3:<\/p>\n<p><a href=\"https:\/\/photos.app.goo.gl\/kHWHD5x9MGVXKiiC7\"><strong>R\u00c0DIO ESCOLA<\/strong><\/a><\/p>\n<p>Podeu escoltar el programa a continuaci\u00f3:<\/p>\n<p><a href=\"https:\/\/www.radiocastelldefels.org\/embed\/podcast?id=radiocastelldefels_podcast_10791\">https:\/\/www.radiocastelldefels.org\/embed\/podcast?id=radiocastelldefels_podcast_10791<\/a><\/p>\n<p>&nbsp;<\/p>\n","protected":false},"excerpt":{"rendered":"<p>El dia 7 de maig, alumnat de 3r d\u2019ESO de l\u2019optativa i alternativa de programaci\u00f3 radiof\u00f2nica va participar en la gravaci\u00f3 d\u2019un programa a R\u00e0dio Castelldefels<\/p>\n","protected":false},"author":1,"featured_media":9169,"comment_status":"closed","ping_status":"closed","sticky":false,"template":"","format":"standard","meta":{"_bbp_topic_count":0,"_bbp_reply_count":0,"_bbp_total_topic_count":0,"_bbp_total_reply_count":0,"_bbp_voice_count":0,"_bbp_anonymous_reply_count":0,"_bbp_topic_count_hidden":0,"_bbp_reply_count_hidden":0,"_bbp_forum_subforum_count":0,"site-sidebar-layout":"default","site-content-layout":"","ast-site-content-layout":"","site-content-style":"default","site-sidebar-style":"default","ast-global-header-display":"","ast-banner-title-visibility":"","ast-main-header-display":"","ast-hfb-above-header-display":"","ast-hfb-below-header-display":"","ast-hfb-mobile-header-display":"","site-post-title":"","ast-breadcrumbs-content":"","ast-featured-img":"","footer-sml-layout":"","theme-transparent-header-meta":"","adv-header-id-meta":"","stick-header-meta":"","header-above-stick-meta":"","header-main-stick-meta":"","header-below-stick-meta":"","astra-migrate-meta-layouts":"default","ast-page-background-enabled":"default","ast-page-background-meta":{"desktop":{"background-color":"var(--ast-global-color-4)","background-image":"","background-repeat":"repeat","background-position":"center center","background-size":"auto","background-attachment":"scroll","background-type":"","background-media":"","overlay-type":"","overlay-color":"","overlay-opacity":"","overlay-gradient":""},"tablet":{"background-color":"","background-image":"","background-repeat":"repeat","background-position":"center center","background-size":"auto","background-attachment":"scroll","background-type":"","background-media":"","overlay-type":"","overlay-color":"","overlay-opacity":"","overlay-gradient":""},"mobile":{"background-color":"","background-image":"","background-repeat":"repeat","background-position":"center center","background-size":"auto","background-attachment":"scroll","background-type":"","background-media":"","overlay-type":"","overlay-color":"","overlay-opacity":"","overlay-gradient":""}},"ast-content-background-meta":{"desktop":{"background-color":"var(--ast-global-color-5)","background-image":"","background-repeat":"repeat","background-position":"center center","background-size":"auto","background-attachment":"scroll","background-type":"","background-media":"","overlay-type":"","overlay-color":"","overlay-opacity":"","overlay-gradient":""},"tablet":{"background-color":"var(--ast-global-color-5)","background-image":"","background-repeat":"repeat","background-position":"center center","background-size":"auto","background-attachment":"scroll","background-type":"","background-media":"","overlay-type":"","overlay-color":"","overlay-opacity":"","overlay-gradient":""},"mobile":{"background-color":"var(--ast-global-color-5)","background-image":"","background-repeat":"repeat","background-position":"center center","background-size":"auto","background-attachment":"scroll","background-type":"","background-media":"","overlay-type":"","overlay-color":"","overlay-opacity":"","overlay-gradient":""}},"footnotes":""},"categories":[6,1,138,29,226],"tags":[],"class_list":["post-9167","post","type-post","status-publish","format-standard","has-post-thumbnail","hentry","category-eso-3","category-general","category-llengua-i-literatura-catalana","category-portada","category-radio-sert"],"post_mailing_queue_ids":[],"_links":{"self":[{"href":"https:\/\/agora.xtec.cat\/iessert\/wp-json\/wp\/v2\/posts\/9167","targetHints":{"allow":["GET"]}}],"collection":[{"href":"https:\/\/agora.xtec.cat\/iessert\/wp-json\/wp\/v2\/posts"}],"about":[{"href":"https:\/\/agora.xtec.cat\/iessert\/wp-json\/wp\/v2\/types\/post"}],"author":[{"embeddable":true,"href":"https:\/\/agora.xtec.cat\/iessert\/wp-json\/wp\/v2\/users\/1"}],"replies":[{"embeddable":true,"href":"https:\/\/agora.xtec.cat\/iessert\/wp-json\/wp\/v2\/comments?post=9167"}],"version-history":[{"count":2,"href":"https:\/\/agora.xtec.cat\/iessert\/wp-json\/wp\/v2\/posts\/9167\/revisions"}],"predecessor-version":[{"id":9170,"href":"https:\/\/agora.xtec.cat\/iessert\/wp-json\/wp\/v2\/posts\/9167\/revisions\/9170"}],"wp:featuredmedia":[{"embeddable":true,"href":"https:\/\/agora.xtec.cat\/iessert\/wp-json\/wp\/v2\/media\/9169"}],"wp:attachment":[{"href":"https:\/\/agora.xtec.cat\/iessert\/wp-json\/wp\/v2\/media?parent=9167"}],"wp:term":[{"taxonomy":"category","embeddable":true,"href":"https:\/\/agora.xtec.cat\/iessert\/wp-json\/wp\/v2\/categories?post=9167"},{"taxonomy":"post_tag","embeddable":true,"href":"https:\/\/agora.xtec.cat\/iessert\/wp-json\/wp\/v2\/tags?post=9167"}],"curies":[{"name":"wp","href":"https:\/\/api.w.org\/{rel}","templated":true}]}}