{"id":8992,"date":"2024-03-05T11:59:00","date_gmt":"2024-03-05T10:59:00","guid":{"rendered":"https:\/\/agora.xtec.cat\/iessert\/?p=8992"},"modified":"2024-06-10T10:14:25","modified_gmt":"2024-06-10T08:14:25","slug":"preinscripcio-eso-2024-2025","status":"publish","type":"post","link":"https:\/\/agora.xtec.cat\/iessert\/general\/preinscripcio-eso-2024-2025\/","title":{"rendered":"PREINSCRIPCI\u00d3 ESO 2024-2025"},"content":{"rendered":"<p>Als seg\u00fcents enlla\u00e7os trobareu tota la informaci\u00f3 sobre el proc\u00e9s de preinscripci\u00f3:<\/p>\n<table style=\"height: 278px; width: 94.1233%; border-collapse: collapse; border-color: #070708; border-style: solid;\">\n<tbody>\n<tr>\n<td style=\"width: 50%; background-color: #edd15f; text-align: center;\" colspan=\"2\">\n<h4><strong>CALENDARI PREINSCRIPCI\u00d3 ESO<\/strong><\/h4>\n<\/td>\n<\/tr>\n<tr style=\"border-style: solid;\">\n<td style=\"width: 50%; height: 31px;\"><a href=\"https:\/\/agora.xtec.cat\/iessert\/wp-content\/uploads\/usu642\/2024\/03\/INFORME_OFERTA.pdf\">Oferta inicial de places<\/a><\/td>\n<td style=\"width: 50%; height: 31px;\">5 de mar\u00e7<\/td>\n<\/tr>\n<tr style=\"border-style: solid;\">\n<td style=\"width: 50%; height: 31px;\"><strong>Preinscripci\u00f3<\/strong><\/p>\n<p><em>presentaci\u00f3 de sol.licituds telem\u00e0tiques:<\/em><\/p>\n<p><a href=\"https:\/\/preinscripcio.gencat.cat\/ca\/estudis\/eso\/preinscriute\/sollicitud\/\">https:\/\/preinscripcio.gencat.cat\/ca\/estudis\/eso\/preinscriute\/sollicitud\/<\/a><\/p>\n<p>Codi de centre de l&#8217;institut Josep Llu\u00eds Sert: <strong>08045537<\/strong><\/td>\n<td style=\"width: 50%; height: 31px;\">del 8 al 20 de mar\u00e7<\/td>\n<\/tr>\n<tr style=\"border-style: solid;\">\n<td style=\"width: 50%; height: 31px;\">Preinscripci\u00f3: presentaci\u00f3 de documentaci\u00f3<\/td>\n<td style=\"width: 50%; height: 31px;\">Fins al 22 de mar\u00e7<\/td>\n<\/tr>\n<tr style=\"border-style: solid;\">\n<td style=\"width: 50%; height: 31px;\"><a href=\"https:\/\/agora.xtec.cat\/iessert\/wp-content\/uploads\/usu642\/2024\/03\/INFORME_BAREM_PROVISIONAL_BAREM.pdf\">Llista de sol.licituds amb la puntuaci\u00f3 provisional<\/a><\/td>\n<td style=\"width: 50%; height: 31px;\">17 d&#8217;abril<\/td>\n<\/tr>\n<tr style=\"border-style: solid;\">\n<td style=\"width: 50%; height: 31px;\">Presentaci\u00f3 de reclamacions a la llista amb puntuaci\u00f3 provisional<\/td>\n<td style=\"width: 50%; height: 31px;\">del 17 al 22 d&#8217;abril<\/td>\n<\/tr>\n<tr style=\"border-style: solid;\">\n<td style=\"width: 50%; height: 31px;\"><a href=\"https:\/\/agora.xtec.cat\/iessert\/wp-content\/uploads\/usu642\/2024\/03\/Llistat-reclamacions-resoltes.pdf\">Llistat amb la puntuaci\u00f3, resoltes les reclamacions<\/a><\/td>\n<td style=\"width: 50%; height: 31px;\">25 d&#8217;abril<\/td>\n<\/tr>\n<tr style=\"border-style: solid;\">\n<td style=\"width: 50%; height: 31px;\">Sorteig<\/td>\n<td style=\"width: 50%; height: 31px;\">30 d&#8217;abril<\/td>\n<\/tr>\n<tr style=\"border-style: solid;\">\n<td style=\"width: 50%; height: 31px;\"><a href=\"https:\/\/agora.xtec.cat\/iessert\/wp-content\/uploads\/usu642\/2024\/03\/INFORME_BAREM_DEFINITIU_BAREM.pdf\">Llista de sol.licituds ordenada<\/a><\/td>\n<td style=\"width: 50%; height: 31px;\">2 de maig<\/td>\n<\/tr>\n<tr style=\"border-style: solid;\">\n<td style=\"width: 50%; height: 31px;\">\n<ul>\n<li><a href=\"https:\/\/agora.xtec.cat\/iessert\/wp-content\/uploads\/usu642\/2024\/03\/INFORME_ASSIGNADES_INFORME_ASSIGNADES-1.pdf\">Alumnes assignats al centre en\u00a0 primera petici\u00f3<\/a><\/li>\n<li><a href=\"https:\/\/agora.xtec.cat\/iessert\/wp-content\/uploads\/usu642\/2024\/03\/INFORME_LLISTA_ESPERA_OME_LLISTA_ESPERA.pdf\">Llista d&#8217;espera<\/a><\/li>\n<\/ul>\n<\/td>\n<td style=\"width: 50%; height: 31px;\">10 de juny<\/td>\n<\/tr>\n<tr style=\"border-style: solid;\">\n<td style=\"width: 50%; height: 31px;\">Per\u00edode de matr\u00edcula<\/td>\n<td style=\"width: 50%; height: 31px;\">del 18 al 26 de juny<\/td>\n<\/tr>\n<\/tbody>\n<\/table>\n<ul>\n<li>P\u00e0gina del Departament d&#8217;Educaci\u00f3: <a href=\"https:\/\/preinscripcio.gencat.cat\/ca\/inici\/\">https:\/\/preinscripcio.gencat.cat\/ca\/inici\/<\/a><\/li>\n<\/ul>\n<p>Codi de centre de l&#8217;institut Josep Llu\u00eds Sert: <strong>08045537<\/strong><\/p>\n","protected":false},"excerpt":{"rendered":"<p>Als seg\u00fcents enlla\u00e7os trobareu tota la informaci\u00f3 sobre el proc\u00e9s de preinscripci\u00f3: CALENDARI PREINSCRIPCI\u00d3 ESO Oferta inicial de places 5 de mar\u00e7 Preinscripci\u00f3 presentaci\u00f3 de sol.licituds telem\u00e0tiques: https:\/\/preinscripcio.gencat.cat\/ca\/estudis\/eso\/preinscriute\/sollicitud\/ Codi de centre de l&#8217;institut Josep Llu\u00eds Sert: 08045537 del 8 al 20 de mar\u00e7 Preinscripci\u00f3: presentaci\u00f3 de documentaci\u00f3 Fins al 22 de mar\u00e7 Llista de sol.licituds [&hellip;]<\/p>\n","protected":false},"author":1,"featured_media":0,"comment_status":"closed","ping_status":"closed","sticky":false,"template":"","format":"standard","meta":{"_bbp_topic_count":0,"_bbp_reply_count":0,"_bbp_total_topic_count":0,"_bbp_total_reply_count":0,"_bbp_voice_count":0,"_bbp_anonymous_reply_count":0,"_bbp_topic_count_hidden":0,"_bbp_reply_count_hidden":0,"_bbp_forum_subforum_count":0,"site-sidebar-layout":"default","site-content-layout":"","ast-site-content-layout":"","site-content-style":"default","site-sidebar-style":"default","ast-global-header-display":"","ast-banner-title-visibility":"","ast-main-header-display":"","ast-hfb-above-header-display":"","ast-hfb-below-header-display":"","ast-hfb-mobile-header-display":"","site-post-title":"","ast-breadcrumbs-content":"","ast-featured-img":"","footer-sml-layout":"","theme-transparent-header-meta":"","adv-header-id-meta":"","stick-header-meta":"","header-above-stick-meta":"","header-main-stick-meta":"","header-below-stick-meta":"","astra-migrate-meta-layouts":"default","ast-page-background-enabled":"default","ast-page-background-meta":{"desktop":{"background-color":"var(--ast-global-color-4)","background-image":"","background-repeat":"repeat","background-position":"center center","background-size":"auto","background-attachment":"scroll","background-type":"","background-media":"","overlay-type":"","overlay-color":"","overlay-opacity":"","overlay-gradient":""},"tablet":{"background-color":"","background-image":"","background-repeat":"repeat","background-position":"center center","background-size":"auto","background-attachment":"scroll","background-type":"","background-media":"","overlay-type":"","overlay-color":"","overlay-opacity":"","overlay-gradient":""},"mobile":{"background-color":"","background-image":"","background-repeat":"repeat","background-position":"center center","background-size":"auto","background-attachment":"scroll","background-type":"","background-media":"","overlay-type":"","overlay-color":"","overlay-opacity":"","overlay-gradient":""}},"ast-content-background-meta":{"desktop":{"background-color":"var(--ast-global-color-5)","background-image":"","background-repeat":"repeat","background-position":"center center","background-size":"auto","background-attachment":"scroll","background-type":"","background-media":"","overlay-type":"","overlay-color":"","overlay-opacity":"","overlay-gradient":""},"tablet":{"background-color":"var(--ast-global-color-5)","background-image":"","background-repeat":"repeat","background-position":"center center","background-size":"auto","background-attachment":"scroll","background-type":"","background-media":"","overlay-type":"","overlay-color":"","overlay-opacity":"","overlay-gradient":""},"mobile":{"background-color":"var(--ast-global-color-5)","background-image":"","background-repeat":"repeat","background-position":"center center","background-size":"auto","background-attachment":"scroll","background-type":"","background-media":"","overlay-type":"","overlay-color":"","overlay-opacity":"","overlay-gradient":""}},"footnotes":""},"categories":[1],"tags":[],"class_list":["post-8992","post","type-post","status-publish","format-standard","hentry","category-general"],"post_mailing_queue_ids":[],"_links":{"self":[{"href":"https:\/\/agora.xtec.cat\/iessert\/wp-json\/wp\/v2\/posts\/8992","targetHints":{"allow":["GET"]}}],"collection":[{"href":"https:\/\/agora.xtec.cat\/iessert\/wp-json\/wp\/v2\/posts"}],"about":[{"href":"https:\/\/agora.xtec.cat\/iessert\/wp-json\/wp\/v2\/types\/post"}],"author":[{"embeddable":true,"href":"https:\/\/agora.xtec.cat\/iessert\/wp-json\/wp\/v2\/users\/1"}],"replies":[{"embeddable":true,"href":"https:\/\/agora.xtec.cat\/iessert\/wp-json\/wp\/v2\/comments?post=8992"}],"version-history":[{"count":5,"href":"https:\/\/agora.xtec.cat\/iessert\/wp-json\/wp\/v2\/posts\/8992\/revisions"}],"predecessor-version":[{"id":9244,"href":"https:\/\/agora.xtec.cat\/iessert\/wp-json\/wp\/v2\/posts\/8992\/revisions\/9244"}],"wp:attachment":[{"href":"https:\/\/agora.xtec.cat\/iessert\/wp-json\/wp\/v2\/media?parent=8992"}],"wp:term":[{"taxonomy":"category","embeddable":true,"href":"https:\/\/agora.xtec.cat\/iessert\/wp-json\/wp\/v2\/categories?post=8992"},{"taxonomy":"post_tag","embeddable":true,"href":"https:\/\/agora.xtec.cat\/iessert\/wp-json\/wp\/v2\/tags?post=8992"}],"curies":[{"name":"wp","href":"https:\/\/api.w.org\/{rel}","templated":true}]}}