{"id":8422,"date":"2023-05-23T11:31:47","date_gmt":"2023-05-23T09:31:47","guid":{"rendered":"https:\/\/agora.xtec.cat\/iessert\/?p=8422"},"modified":"2023-05-30T11:43:19","modified_gmt":"2023-05-30T09:43:19","slug":"viatge-a-paris-4t-eso","status":"publish","type":"post","link":"https:\/\/agora.xtec.cat\/iessert\/eso\/eso-4\/viatge-a-paris-4t-eso\/","title":{"rendered":"VIATGE A PAR\u00cdS 4T ESO"},"content":{"rendered":"<p><a href=\"https:\/\/agora.xtec.cat\/iessert\/wp-content\/uploads\/usu642\/2023\/04\/PARIS-2023.png\"><img loading=\"lazy\" decoding=\"async\" class=\"wp-image-8361 aligncenter\" src=\"https:\/\/agora.xtec.cat\/iessert\/wp-content\/uploads\/usu642\/2023\/04\/PARIS-2023-1024x1024.png\" alt=\"\" width=\"471\" height=\"471\" srcset=\"https:\/\/agora.xtec.cat\/iessert\/wp-content\/uploads\/usu642\/2023\/04\/PARIS-2023-1024x1024.png 1024w, https:\/\/agora.xtec.cat\/iessert\/wp-content\/uploads\/usu642\/2023\/04\/PARIS-2023-300x300.png 300w, https:\/\/agora.xtec.cat\/iessert\/wp-content\/uploads\/usu642\/2023\/04\/PARIS-2023-150x150.png 150w, https:\/\/agora.xtec.cat\/iessert\/wp-content\/uploads\/usu642\/2023\/04\/PARIS-2023-768x768.png 768w, https:\/\/agora.xtec.cat\/iessert\/wp-content\/uploads\/usu642\/2023\/04\/PARIS-2023.png 1080w\" sizes=\"auto, (max-width: 471px) 100vw, 471px\" \/><\/a><\/p>\n<p>L&#8217;alumnat de 4t ja ha arribat a Par\u00eds! A partir d&#8217;avui i fins el dissabte 27 gaudiran del seu viatge de final d&#8217;etapa a la capital francesa. Al seg\u00fcent enlla\u00e7 anirem penjant totes les fotografies de la seva estada. Tamb\u00e9 podreu veure-les al nostre instagram. Amusez-vous bien!!!<\/p>\n<h4><a href=\"https:\/\/photos.app.goo.gl\/En8Z9ia3Wfmmvr6y8\">PAR\u00cdS 2023<\/a><\/h4>\n<p><strong><a href=\"https:\/\/photos.app.goo.gl\/qRYYkLTCi4AEfZTEA\">Concurs de fotografies<\/a><\/strong><\/p>\n","protected":false},"excerpt":{"rendered":"<p>L&#8217;alumnat de 4t ja ha arribat a Par\u00eds! A partir d&#8217;avui i fins el dissabte 27 gaudiran del seu viatge de final d&#8217;etapa a la capital francesa. Al seg\u00fcent enlla\u00e7 anirem penjant totes les fotografies de la seva estada. Tamb\u00e9 podreu veure-les al nostre instagram.<\/p>\n<p>Amusez-vous bien!!!<\/p>\n<p>PAR\u00cdS 2023<\/p>\n","protected":false},"author":1,"featured_media":8361,"comment_status":"closed","ping_status":"closed","sticky":false,"template":"","format":"standard","meta":{"_bbp_topic_count":0,"_bbp_reply_count":0,"_bbp_total_topic_count":0,"_bbp_total_reply_count":0,"_bbp_voice_count":0,"_bbp_anonymous_reply_count":0,"_bbp_topic_count_hidden":0,"_bbp_reply_count_hidden":0,"_bbp_forum_subforum_count":0,"site-sidebar-layout":"default","site-content-layout":"","ast-site-content-layout":"","site-content-style":"default","site-sidebar-style":"default","ast-global-header-display":"","ast-banner-title-visibility":"","ast-main-header-display":"","ast-hfb-above-header-display":"","ast-hfb-below-header-display":"","ast-hfb-mobile-header-display":"","site-post-title":"","ast-breadcrumbs-content":"","ast-featured-img":"","footer-sml-layout":"","theme-transparent-header-meta":"","adv-header-id-meta":"","stick-header-meta":"","header-above-stick-meta":"","header-main-stick-meta":"","header-below-stick-meta":"","astra-migrate-meta-layouts":"default","ast-page-background-enabled":"default","ast-page-background-meta":{"desktop":{"background-color":"var(--ast-global-color-4)","background-image":"","background-repeat":"repeat","background-position":"center center","background-size":"auto","background-attachment":"scroll","background-type":"","background-media":"","overlay-type":"","overlay-color":"","overlay-opacity":"","overlay-gradient":""},"tablet":{"background-color":"","background-image":"","background-repeat":"repeat","background-position":"center center","background-size":"auto","background-attachment":"scroll","background-type":"","background-media":"","overlay-type":"","overlay-color":"","overlay-opacity":"","overlay-gradient":""},"mobile":{"background-color":"","background-image":"","background-repeat":"repeat","background-position":"center center","background-size":"auto","background-attachment":"scroll","background-type":"","background-media":"","overlay-type":"","overlay-color":"","overlay-opacity":"","overlay-gradient":""}},"ast-content-background-meta":{"desktop":{"background-color":"var(--ast-global-color-5)","background-image":"","background-repeat":"repeat","background-position":"center center","background-size":"auto","background-attachment":"scroll","background-type":"","background-media":"","overlay-type":"","overlay-color":"","overlay-opacity":"","overlay-gradient":""},"tablet":{"background-color":"var(--ast-global-color-5)","background-image":"","background-repeat":"repeat","background-position":"center center","background-size":"auto","background-attachment":"scroll","background-type":"","background-media":"","overlay-type":"","overlay-color":"","overlay-opacity":"","overlay-gradient":""},"mobile":{"background-color":"var(--ast-global-color-5)","background-image":"","background-repeat":"repeat","background-position":"center center","background-size":"auto","background-attachment":"scroll","background-type":"","background-media":"","overlay-type":"","overlay-color":"","overlay-opacity":"","overlay-gradient":""}},"footnotes":""},"categories":[7,29,215,230],"tags":[],"class_list":["post-8422","post","type-post","status-publish","format-standard","has-post-thumbnail","hentry","category-eso-4","category-portada","category-sortides-2022-23","category-viatge-fi-de-curs"],"post_mailing_queue_ids":[],"_links":{"self":[{"href":"https:\/\/agora.xtec.cat\/iessert\/wp-json\/wp\/v2\/posts\/8422","targetHints":{"allow":["GET"]}}],"collection":[{"href":"https:\/\/agora.xtec.cat\/iessert\/wp-json\/wp\/v2\/posts"}],"about":[{"href":"https:\/\/agora.xtec.cat\/iessert\/wp-json\/wp\/v2\/types\/post"}],"author":[{"embeddable":true,"href":"https:\/\/agora.xtec.cat\/iessert\/wp-json\/wp\/v2\/users\/1"}],"replies":[{"embeddable":true,"href":"https:\/\/agora.xtec.cat\/iessert\/wp-json\/wp\/v2\/comments?post=8422"}],"version-history":[{"count":3,"href":"https:\/\/agora.xtec.cat\/iessert\/wp-json\/wp\/v2\/posts\/8422\/revisions"}],"predecessor-version":[{"id":8446,"href":"https:\/\/agora.xtec.cat\/iessert\/wp-json\/wp\/v2\/posts\/8422\/revisions\/8446"}],"wp:featuredmedia":[{"embeddable":true,"href":"https:\/\/agora.xtec.cat\/iessert\/wp-json\/wp\/v2\/media\/8361"}],"wp:attachment":[{"href":"https:\/\/agora.xtec.cat\/iessert\/wp-json\/wp\/v2\/media?parent=8422"}],"wp:term":[{"taxonomy":"category","embeddable":true,"href":"https:\/\/agora.xtec.cat\/iessert\/wp-json\/wp\/v2\/categories?post=8422"},{"taxonomy":"post_tag","embeddable":true,"href":"https:\/\/agora.xtec.cat\/iessert\/wp-json\/wp\/v2\/tags?post=8422"}],"curies":[{"name":"wp","href":"https:\/\/api.w.org\/{rel}","templated":true}]}}