{"id":825,"date":"2016-03-01T11:42:36","date_gmt":"2016-03-01T10:42:36","guid":{"rendered":"http:\/\/agora.xtec.cat\/iessert\/?p=825"},"modified":"2017-10-16T12:19:29","modified_gmt":"2017-10-16T10:19:29","slug":"la-lliga-verda","status":"publish","type":"post","link":"https:\/\/agora.xtec.cat\/iessert\/eso\/eso-1\/la-lliga-verda\/","title":{"rendered":"LA LLIGA VERDA"},"content":{"rendered":"<h3 style=\"text-align: justify;\">L\u2019INS Josep Llu\u00eds Sert de Castelldefels porta a terme una acci\u00f3 per promoure la recollida selectiva en les aules<\/h3>\n<p style=\"text-align: justify;\">El medi ambient \u00e9s un dels eixos prioritaris dintre de l\u2019estrat\u00e8gia educativa de qualsevol centre educatiu i, encara m\u00e9s, si aquest est\u00e0 inscrit en el programa d\u2019Escoles Verdes. En l\u2019Institut Josep Llu\u00eds Sert de Castelldefels es va veure la necessitat de cercar alguna acci\u00f3 per tal de potenciar la recollida selectiva en el centre.<\/p>\n<p style=\"text-align: justify;\">La Lliga Verda \u00e9s una iniciativa que va engegar la Comissi\u00f3 d\u2019Escoles Verdes de l\u2019Institut Josep Llu\u00eds Sert de Castelldefels el passat curs 14\/15 i forma part del programa d\u2019accions anuals d\u2019aquest centre d\u2019educaci\u00f3 secund\u00e0ria.<\/p>\n<p style=\"text-align: justify;\">En el projecte, en aquest segon any d\u2019aplicaci\u00f3, participen els alumnes de primer, segon i tercer d\u2019ESO. Ara b\u00e9, l\u2019objectiu \u00e9s involucrar progressivament a tots els grups del centre per tal de fomentar el respecte al medi ambient mitjan\u00e7ant la recollida selectiva. Al mateix temps, es vol promoure el respecte per els espais i materials escolars que compartim en el centre.<\/p>\n","protected":false},"excerpt":{"rendered":"<p>L\u2019INS Josep Llu\u00eds Sert de Castelldefels porta a terme una acci\u00f3 per promoure la recollida selectiva en les aules El medi ambient \u00e9s un dels eixos prioritaris dintre de l\u2019estrat\u00e8gia educativa de qualsevol centre educatiu i, encara m\u00e9s, si aquest est\u00e0 inscrit en el programa d\u2019Escoles Verdes. En l\u2019Institut Josep Llu\u00eds Sert de Castelldefels es [&hellip;]<\/p>\n","protected":false},"author":1,"featured_media":826,"comment_status":"open","ping_status":"closed","sticky":false,"template":"","format":"standard","meta":{"_bbp_topic_count":0,"_bbp_reply_count":0,"_bbp_total_topic_count":0,"_bbp_total_reply_count":0,"_bbp_voice_count":0,"_bbp_anonymous_reply_count":0,"_bbp_topic_count_hidden":0,"_bbp_reply_count_hidden":0,"_bbp_forum_subforum_count":0,"site-sidebar-layout":"default","site-content-layout":"","ast-site-content-layout":"","site-content-style":"default","site-sidebar-style":"default","ast-global-header-display":"","ast-banner-title-visibility":"","ast-main-header-display":"","ast-hfb-above-header-display":"","ast-hfb-below-header-display":"","ast-hfb-mobile-header-display":"","site-post-title":"","ast-breadcrumbs-content":"","ast-featured-img":"","footer-sml-layout":"","theme-transparent-header-meta":"","adv-header-id-meta":"","stick-header-meta":"","header-above-stick-meta":"","header-main-stick-meta":"","header-below-stick-meta":"","astra-migrate-meta-layouts":"default","ast-page-background-enabled":"default","ast-page-background-meta":{"desktop":{"background-color":"var(--ast-global-color-4)","background-image":"","background-repeat":"repeat","background-position":"center center","background-size":"auto","background-attachment":"scroll","background-type":"","background-media":"","overlay-type":"","overlay-color":"","overlay-opacity":"","overlay-gradient":""},"tablet":{"background-color":"","background-image":"","background-repeat":"repeat","background-position":"center center","background-size":"auto","background-attachment":"scroll","background-type":"","background-media":"","overlay-type":"","overlay-color":"","overlay-opacity":"","overlay-gradient":""},"mobile":{"background-color":"","background-image":"","background-repeat":"repeat","background-position":"center center","background-size":"auto","background-attachment":"scroll","background-type":"","background-media":"","overlay-type":"","overlay-color":"","overlay-opacity":"","overlay-gradient":""}},"ast-content-background-meta":{"desktop":{"background-color":"var(--ast-global-color-5)","background-image":"","background-repeat":"repeat","background-position":"center center","background-size":"auto","background-attachment":"scroll","background-type":"","background-media":"","overlay-type":"","overlay-color":"","overlay-opacity":"","overlay-gradient":""},"tablet":{"background-color":"var(--ast-global-color-5)","background-image":"","background-repeat":"repeat","background-position":"center center","background-size":"auto","background-attachment":"scroll","background-type":"","background-media":"","overlay-type":"","overlay-color":"","overlay-opacity":"","overlay-gradient":""},"mobile":{"background-color":"var(--ast-global-color-5)","background-image":"","background-repeat":"repeat","background-position":"center center","background-size":"auto","background-attachment":"scroll","background-type":"","background-media":"","overlay-type":"","overlay-color":"","overlay-opacity":"","overlay-gradient":""}},"footnotes":""},"categories":[128,4,5,6,29],"tags":[66],"class_list":["post-825","post","type-post","status-publish","format-standard","has-post-thumbnail","hentry","category-escoles-verdes","category-eso-1","category-eso-2","category-eso-3","category-portada","tag-escoles-verdes"],"post_mailing_queue_ids":[],"_links":{"self":[{"href":"https:\/\/agora.xtec.cat\/iessert\/wp-json\/wp\/v2\/posts\/825","targetHints":{"allow":["GET"]}}],"collection":[{"href":"https:\/\/agora.xtec.cat\/iessert\/wp-json\/wp\/v2\/posts"}],"about":[{"href":"https:\/\/agora.xtec.cat\/iessert\/wp-json\/wp\/v2\/types\/post"}],"author":[{"embeddable":true,"href":"https:\/\/agora.xtec.cat\/iessert\/wp-json\/wp\/v2\/users\/1"}],"replies":[{"embeddable":true,"href":"https:\/\/agora.xtec.cat\/iessert\/wp-json\/wp\/v2\/comments?post=825"}],"version-history":[{"count":2,"href":"https:\/\/agora.xtec.cat\/iessert\/wp-json\/wp\/v2\/posts\/825\/revisions"}],"predecessor-version":[{"id":871,"href":"https:\/\/agora.xtec.cat\/iessert\/wp-json\/wp\/v2\/posts\/825\/revisions\/871"}],"wp:featuredmedia":[{"embeddable":true,"href":"https:\/\/agora.xtec.cat\/iessert\/wp-json\/wp\/v2\/media\/826"}],"wp:attachment":[{"href":"https:\/\/agora.xtec.cat\/iessert\/wp-json\/wp\/v2\/media?parent=825"}],"wp:term":[{"taxonomy":"category","embeddable":true,"href":"https:\/\/agora.xtec.cat\/iessert\/wp-json\/wp\/v2\/categories?post=825"},{"taxonomy":"post_tag","embeddable":true,"href":"https:\/\/agora.xtec.cat\/iessert\/wp-json\/wp\/v2\/tags?post=825"}],"curies":[{"name":"wp","href":"https:\/\/api.w.org\/{rel}","templated":true}]}}