{"id":822,"date":"2016-03-02T11:39:19","date_gmt":"2016-03-02T10:39:19","guid":{"rendered":"http:\/\/agora.xtec.cat\/iessert\/?p=822"},"modified":"2016-05-17T11:41:13","modified_gmt":"2016-05-17T10:41:13","slug":"mart-xxi","status":"publish","type":"post","link":"https:\/\/agora.xtec.cat\/iessert\/eso\/eso-3\/mart-xxi\/","title":{"rendered":"MART XXI"},"content":{"rendered":"<p style=\"text-align: justify;\">El Teatre Plaza va acollir el passat 2 de mar\u00e7 la cloenda del Projecte Mart XXI, que enguany celebrava la seva setena edici\u00f3 del projecte i en la que han participat 123 alumnes. Durant l&#8217;acte, l&#8217;alumnat va exposar els diferents treballs i es van lliurar diplomes als centres i als estudiants participants. Aquest any han participat 22 centres de Castelldefels, Gav\u00e0 i Viladecans, i concretament de Castelldefels han estat els Instituts Josep Llu\u00eds Sert, Les Marines, Mediterr\u00e0nia, Castelldefels i l&#8217;Escola Felisa Bastida-Petit M\u00f3n.<\/p>\n<p style=\"text-align: justify;\" align=\"left\">L&#8217;acte de cloenda, celebrada per primer cop al teatre Plaza, ca comptar amb l&#8217;assist\u00e8ncia de m\u00e9s d&#8217;un centenar d&#8217;alumnes i la participaci\u00f3, entre d&#8217;altres autoritats, de l&#8217;alcaldessa de Castelldefels, <strong>Candela L\u00f3pez<\/strong>, la regidora d&#8217;Educaci\u00f3, Pau i Solidaritat, <strong>Ivana Traves\u00ed<\/strong>, el delegat del rector de la UPC, <strong>Jos\u00e9 Manuel Y\u00fafera<\/strong>, l&#8217;alcalde de Viladecans, <strong>Carles Ruiz<\/strong>, l&#8217;alcaldessa de Gav\u00e0, <strong>Raquel S\u00e1nchez<\/strong>, la inspectora d&#8217;Educaci\u00f3, <strong>Carme Ortonoves<\/strong> i el gerent dels serveis d&#8217;Educaci\u00f3 de la Diputaci\u00f3 de Barcelona, <strong>Jordi Plana<\/strong>.<\/p>\n","protected":false},"excerpt":{"rendered":"<p>El Teatre Plaza va acollir el passat 2 de mar\u00e7 la cloenda del Projecte Mart XXI, que enguany celebrava la seva setena edici\u00f3 del projecte i en la que han participat 123 alumnes. Durant l&#8217;acte, l&#8217;alumnat va exposar els diferents treballs i es van lliurar diplomes als centres i als estudiants participants. Aquest any han [&hellip;]<\/p>\n","protected":false},"author":1,"featured_media":823,"comment_status":"open","ping_status":"open","sticky":false,"template":"","format":"standard","meta":{"_bbp_topic_count":0,"_bbp_reply_count":0,"_bbp_total_topic_count":0,"_bbp_total_reply_count":0,"_bbp_voice_count":0,"_bbp_anonymous_reply_count":0,"_bbp_topic_count_hidden":0,"_bbp_reply_count_hidden":0,"_bbp_forum_subforum_count":0,"site-sidebar-layout":"default","site-content-layout":"","ast-site-content-layout":"","site-content-style":"default","site-sidebar-style":"default","ast-global-header-display":"","ast-banner-title-visibility":"","ast-main-header-display":"","ast-hfb-above-header-display":"","ast-hfb-below-header-display":"","ast-hfb-mobile-header-display":"","site-post-title":"","ast-breadcrumbs-content":"","ast-featured-img":"","footer-sml-layout":"","theme-transparent-header-meta":"","adv-header-id-meta":"","stick-header-meta":"","header-above-stick-meta":"","header-main-stick-meta":"","header-below-stick-meta":"","astra-migrate-meta-layouts":"default","ast-page-background-enabled":"default","ast-page-background-meta":{"desktop":{"background-color":"var(--ast-global-color-4)","background-image":"","background-repeat":"repeat","background-position":"center center","background-size":"auto","background-attachment":"scroll","background-type":"","background-media":"","overlay-type":"","overlay-color":"","overlay-opacity":"","overlay-gradient":""},"tablet":{"background-color":"","background-image":"","background-repeat":"repeat","background-position":"center center","background-size":"auto","background-attachment":"scroll","background-type":"","background-media":"","overlay-type":"","overlay-color":"","overlay-opacity":"","overlay-gradient":""},"mobile":{"background-color":"","background-image":"","background-repeat":"repeat","background-position":"center center","background-size":"auto","background-attachment":"scroll","background-type":"","background-media":"","overlay-type":"","overlay-color":"","overlay-opacity":"","overlay-gradient":""}},"ast-content-background-meta":{"desktop":{"background-color":"var(--ast-global-color-5)","background-image":"","background-repeat":"repeat","background-position":"center center","background-size":"auto","background-attachment":"scroll","background-type":"","background-media":"","overlay-type":"","overlay-color":"","overlay-opacity":"","overlay-gradient":""},"tablet":{"background-color":"var(--ast-global-color-5)","background-image":"","background-repeat":"repeat","background-position":"center center","background-size":"auto","background-attachment":"scroll","background-type":"","background-media":"","overlay-type":"","overlay-color":"","overlay-opacity":"","overlay-gradient":""},"mobile":{"background-color":"var(--ast-global-color-5)","background-image":"","background-repeat":"repeat","background-position":"center center","background-size":"auto","background-attachment":"scroll","background-type":"","background-media":"","overlay-type":"","overlay-color":"","overlay-opacity":"","overlay-gradient":""}},"footnotes":""},"categories":[6,7,29],"tags":[64,65,63],"class_list":["post-822","post","type-post","status-publish","format-standard","has-post-thumbnail","hentry","category-eso-3","category-eso-4","category-portada","tag-3r-eso","tag-4rt-eso","tag-mart-xxi"],"post_mailing_queue_ids":[],"_links":{"self":[{"href":"https:\/\/agora.xtec.cat\/iessert\/wp-json\/wp\/v2\/posts\/822","targetHints":{"allow":["GET"]}}],"collection":[{"href":"https:\/\/agora.xtec.cat\/iessert\/wp-json\/wp\/v2\/posts"}],"about":[{"href":"https:\/\/agora.xtec.cat\/iessert\/wp-json\/wp\/v2\/types\/post"}],"author":[{"embeddable":true,"href":"https:\/\/agora.xtec.cat\/iessert\/wp-json\/wp\/v2\/users\/1"}],"replies":[{"embeddable":true,"href":"https:\/\/agora.xtec.cat\/iessert\/wp-json\/wp\/v2\/comments?post=822"}],"version-history":[{"count":1,"href":"https:\/\/agora.xtec.cat\/iessert\/wp-json\/wp\/v2\/posts\/822\/revisions"}],"predecessor-version":[{"id":824,"href":"https:\/\/agora.xtec.cat\/iessert\/wp-json\/wp\/v2\/posts\/822\/revisions\/824"}],"wp:featuredmedia":[{"embeddable":true,"href":"https:\/\/agora.xtec.cat\/iessert\/wp-json\/wp\/v2\/media\/823"}],"wp:attachment":[{"href":"https:\/\/agora.xtec.cat\/iessert\/wp-json\/wp\/v2\/media?parent=822"}],"wp:term":[{"taxonomy":"category","embeddable":true,"href":"https:\/\/agora.xtec.cat\/iessert\/wp-json\/wp\/v2\/categories?post=822"},{"taxonomy":"post_tag","embeddable":true,"href":"https:\/\/agora.xtec.cat\/iessert\/wp-json\/wp\/v2\/tags?post=822"}],"curies":[{"name":"wp","href":"https:\/\/api.w.org\/{rel}","templated":true}]}}