{"id":8180,"date":"2023-03-21T09:25:48","date_gmt":"2023-03-21T08:25:48","guid":{"rendered":"https:\/\/agora.xtec.cat\/iessert\/?p=8180"},"modified":"2023-03-21T09:25:48","modified_gmt":"2023-03-21T08:25:48","slug":"sortida-al-teatre-la-fundacion-de-buero-vallejo","status":"publish","type":"post","link":"https:\/\/agora.xtec.cat\/iessert\/portada\/sortida-al-teatre-la-fundacion-de-buero-vallejo\/","title":{"rendered":"SORTIDA AL TEATRE: &#8220;LA FUNDACI\u00d3N&#8221; de BUERO VALLEJO"},"content":{"rendered":"<p style=\"text-align: justify;\">El passat dia 10 de mar\u00e7 els alumnes de 2n de Batxillerat van anar a veure l&#8217;obra de Buero Vallejo &#8220;La Fundaci\u00f3n&#8221;. Segons els seus testimonis, van sortir &#8220;encantats&#8221;; l&#8217;obra els va entusiasmar i van poder parlar d&#8217;ella quan despr\u00e9s de la funci\u00f3 es van reunir al &#8220;Caf\u00e9 de la \u00d3pera&#8221;, un dels locals m\u00e9s antics i intel\u00b7lectuals que tenim a Barcelona. Van continuar el dia anant a alguns espais de la ciutat en mem\u00f2ria de Garc\u00eda Lorca, i aquells indrets que el poeta va visitar durant la seva est\u00e0ncia a la nostra ciutat. La literatura va ser la protagonista del dia.<\/p>\n<p><a href=\"https:\/\/agora.xtec.cat\/iessert\/wp-content\/uploads\/usu642\/2023\/03\/ac6e7f08-b5a1-45c8-81a0-7705fec66201.jpg\"><img loading=\"lazy\" decoding=\"async\" class=\"wp-image-8182 aligncenter\" src=\"https:\/\/agora.xtec.cat\/iessert\/wp-content\/uploads\/usu642\/2023\/03\/ac6e7f08-b5a1-45c8-81a0-7705fec66201-1024x768.jpg\" alt=\"\" width=\"587\" height=\"440\" srcset=\"https:\/\/agora.xtec.cat\/iessert\/wp-content\/uploads\/usu642\/2023\/03\/ac6e7f08-b5a1-45c8-81a0-7705fec66201-1024x768.jpg 1024w, https:\/\/agora.xtec.cat\/iessert\/wp-content\/uploads\/usu642\/2023\/03\/ac6e7f08-b5a1-45c8-81a0-7705fec66201-300x225.jpg 300w, https:\/\/agora.xtec.cat\/iessert\/wp-content\/uploads\/usu642\/2023\/03\/ac6e7f08-b5a1-45c8-81a0-7705fec66201-768x576.jpg 768w, https:\/\/agora.xtec.cat\/iessert\/wp-content\/uploads\/usu642\/2023\/03\/ac6e7f08-b5a1-45c8-81a0-7705fec66201-1536x1152.jpg 1536w, https:\/\/agora.xtec.cat\/iessert\/wp-content\/uploads\/usu642\/2023\/03\/ac6e7f08-b5a1-45c8-81a0-7705fec66201-200x150.jpg 200w, https:\/\/agora.xtec.cat\/iessert\/wp-content\/uploads\/usu642\/2023\/03\/ac6e7f08-b5a1-45c8-81a0-7705fec66201.jpg 1600w\" sizes=\"auto, (max-width: 587px) 100vw, 587px\" \/><\/a><\/p>\n<p><a href=\"https:\/\/agora.xtec.cat\/iessert\/wp-content\/uploads\/usu642\/2023\/03\/fe7659aa-82cb-4552-98ea-c7f24f197a03.jpg\"><img loading=\"lazy\" decoding=\"async\" class=\"wp-image-8181 aligncenter\" src=\"https:\/\/agora.xtec.cat\/iessert\/wp-content\/uploads\/usu642\/2023\/03\/fe7659aa-82cb-4552-98ea-c7f24f197a03-1024x695.jpg\" alt=\"\" width=\"589\" height=\"400\" srcset=\"https:\/\/agora.xtec.cat\/iessert\/wp-content\/uploads\/usu642\/2023\/03\/fe7659aa-82cb-4552-98ea-c7f24f197a03-1024x695.jpg 1024w, https:\/\/agora.xtec.cat\/iessert\/wp-content\/uploads\/usu642\/2023\/03\/fe7659aa-82cb-4552-98ea-c7f24f197a03-300x204.jpg 300w, https:\/\/agora.xtec.cat\/iessert\/wp-content\/uploads\/usu642\/2023\/03\/fe7659aa-82cb-4552-98ea-c7f24f197a03-768x521.jpg 768w, https:\/\/agora.xtec.cat\/iessert\/wp-content\/uploads\/usu642\/2023\/03\/fe7659aa-82cb-4552-98ea-c7f24f197a03-1536x1043.jpg 1536w, https:\/\/agora.xtec.cat\/iessert\/wp-content\/uploads\/usu642\/2023\/03\/fe7659aa-82cb-4552-98ea-c7f24f197a03.jpg 1600w\" sizes=\"auto, (max-width: 589px) 100vw, 589px\" \/><\/a><\/p>\n","protected":false},"excerpt":{"rendered":"<p>El passat dia 10 de mar\u00e7 els alumnes de 2n de Batxillerat van anar a veure l&#8217;obra de Buero Vallejo &#8220;La Fundaci\u00f3n&#8221;<\/p>\n","protected":false},"author":1,"featured_media":8183,"comment_status":"closed","ping_status":"closed","sticky":false,"template":"","format":"standard","meta":{"_bbp_topic_count":0,"_bbp_reply_count":0,"_bbp_total_topic_count":0,"_bbp_total_reply_count":0,"_bbp_voice_count":0,"_bbp_anonymous_reply_count":0,"_bbp_topic_count_hidden":0,"_bbp_reply_count_hidden":0,"_bbp_forum_subforum_count":0,"site-sidebar-layout":"default","site-content-layout":"","ast-site-content-layout":"","site-content-style":"default","site-sidebar-style":"default","ast-global-header-display":"","ast-banner-title-visibility":"","ast-main-header-display":"","ast-hfb-above-header-display":"","ast-hfb-below-header-display":"","ast-hfb-mobile-header-display":"","site-post-title":"","ast-breadcrumbs-content":"","ast-featured-img":"","footer-sml-layout":"","theme-transparent-header-meta":"","adv-header-id-meta":"","stick-header-meta":"","header-above-stick-meta":"","header-main-stick-meta":"","header-below-stick-meta":"","astra-migrate-meta-layouts":"default","ast-page-background-enabled":"default","ast-page-background-meta":{"desktop":{"background-color":"var(--ast-global-color-4)","background-image":"","background-repeat":"repeat","background-position":"center center","background-size":"auto","background-attachment":"scroll","background-type":"","background-media":"","overlay-type":"","overlay-color":"","overlay-opacity":"","overlay-gradient":""},"tablet":{"background-color":"","background-image":"","background-repeat":"repeat","background-position":"center center","background-size":"auto","background-attachment":"scroll","background-type":"","background-media":"","overlay-type":"","overlay-color":"","overlay-opacity":"","overlay-gradient":""},"mobile":{"background-color":"","background-image":"","background-repeat":"repeat","background-position":"center center","background-size":"auto","background-attachment":"scroll","background-type":"","background-media":"","overlay-type":"","overlay-color":"","overlay-opacity":"","overlay-gradient":""}},"ast-content-background-meta":{"desktop":{"background-color":"var(--ast-global-color-5)","background-image":"","background-repeat":"repeat","background-position":"center center","background-size":"auto","background-attachment":"scroll","background-type":"","background-media":"","overlay-type":"","overlay-color":"","overlay-opacity":"","overlay-gradient":""},"tablet":{"background-color":"var(--ast-global-color-5)","background-image":"","background-repeat":"repeat","background-position":"center center","background-size":"auto","background-attachment":"scroll","background-type":"","background-media":"","overlay-type":"","overlay-color":"","overlay-opacity":"","overlay-gradient":""},"mobile":{"background-color":"var(--ast-global-color-5)","background-image":"","background-repeat":"repeat","background-position":"center center","background-size":"auto","background-attachment":"scroll","background-type":"","background-media":"","overlay-type":"","overlay-color":"","overlay-opacity":"","overlay-gradient":""}},"footnotes":""},"categories":[207,136,29,215,144],"tags":[],"class_list":["post-8180","post","type-post","status-publish","format-standard","has-post-thumbnail","hentry","category-2n-batxillerat","category-llengua-i-literatura-castellana","category-portada","category-sortides-2022-23","category-teatre"],"post_mailing_queue_ids":[],"_links":{"self":[{"href":"https:\/\/agora.xtec.cat\/iessert\/wp-json\/wp\/v2\/posts\/8180","targetHints":{"allow":["GET"]}}],"collection":[{"href":"https:\/\/agora.xtec.cat\/iessert\/wp-json\/wp\/v2\/posts"}],"about":[{"href":"https:\/\/agora.xtec.cat\/iessert\/wp-json\/wp\/v2\/types\/post"}],"author":[{"embeddable":true,"href":"https:\/\/agora.xtec.cat\/iessert\/wp-json\/wp\/v2\/users\/1"}],"replies":[{"embeddable":true,"href":"https:\/\/agora.xtec.cat\/iessert\/wp-json\/wp\/v2\/comments?post=8180"}],"version-history":[{"count":1,"href":"https:\/\/agora.xtec.cat\/iessert\/wp-json\/wp\/v2\/posts\/8180\/revisions"}],"predecessor-version":[{"id":8184,"href":"https:\/\/agora.xtec.cat\/iessert\/wp-json\/wp\/v2\/posts\/8180\/revisions\/8184"}],"wp:featuredmedia":[{"embeddable":true,"href":"https:\/\/agora.xtec.cat\/iessert\/wp-json\/wp\/v2\/media\/8183"}],"wp:attachment":[{"href":"https:\/\/agora.xtec.cat\/iessert\/wp-json\/wp\/v2\/media?parent=8180"}],"wp:term":[{"taxonomy":"category","embeddable":true,"href":"https:\/\/agora.xtec.cat\/iessert\/wp-json\/wp\/v2\/categories?post=8180"},{"taxonomy":"post_tag","embeddable":true,"href":"https:\/\/agora.xtec.cat\/iessert\/wp-json\/wp\/v2\/tags?post=8180"}],"curies":[{"name":"wp","href":"https:\/\/api.w.org\/{rel}","templated":true}]}}