{"id":8083,"date":"2023-03-06T06:57:56","date_gmt":"2023-03-06T05:57:56","guid":{"rendered":"https:\/\/agora.xtec.cat\/iessert\/?p=8083"},"modified":"2023-06-12T09:51:13","modified_gmt":"2023-06-12T07:51:13","slug":"preinscripcio-curs-2023-24","status":"publish","type":"post","link":"https:\/\/agora.xtec.cat\/iessert\/general\/preinscripcio-curs-2023-24\/","title":{"rendered":"PREINSCRIPCI\u00d3 ESO CURS 2023-24"},"content":{"rendered":"<p>&nbsp;<\/p>\n<p>Als seg\u00fcents enlla\u00e7os trobareu tota la informaci\u00f3 sobre el proc\u00e9s de preinscripci\u00f3:<\/p>\n<table style=\"height: 278px; width: 94.1233%; border-collapse: collapse; border-color: #070708; border-style: solid;\">\n<tbody>\n<tr>\n<td style=\"width: 50%; background-color: #edd15f; text-align: center;\" colspan=\"2\">\n<h4><strong>CALENDARI PREINSCRIPCI\u00d3 ESO<\/strong><\/h4>\n<\/td>\n<\/tr>\n<tr style=\"border-style: solid;\">\n<td style=\"width: 50%; height: 31px;\"><a href=\"https:\/\/agora.xtec.cat\/iessert\/wp-content\/uploads\/usu642\/2023\/03\/INFORME_OFERTA_OME_INFORME_OFERTA-2023-2023.pdf\">Oferta inicial de places<\/a><\/td>\n<td style=\"width: 50%; height: 31px;\">3 de mar\u00e7<\/td>\n<\/tr>\n<tr style=\"border-style: solid;\">\n<td style=\"width: 50%; height: 31px;\"><strong>Preinscripci\u00f3<\/strong><\/p>\n<p>presentaci\u00f3 de sol.licituds telem\u00e0tiques:<\/p>\n<p><a href=\"https:\/\/preinscripcio.gencat.cat\/ca\/estudis\/eso\/preinscriute\/sollicitud\/\">https:\/\/preinscripcio.gencat.cat\/ca\/estudis\/eso\/preinscriute\/sollicitud\/<\/a><\/p>\n<p>Codi de centre de l&#8217;institut Josep Llu\u00eds Sert: <strong>08045537<\/strong><\/td>\n<td style=\"width: 50%; height: 31px;\">del 8 al 20 de mar\u00e7<\/td>\n<\/tr>\n<tr style=\"border-style: solid;\">\n<td style=\"width: 50%; height: 31px;\">Preinscripci\u00f3: presentaci\u00f3 de documentaci\u00f3<\/td>\n<td style=\"width: 50%; height: 31px;\">21 i 22 de mar\u00e7<\/td>\n<\/tr>\n<tr style=\"border-style: solid;\">\n<td style=\"width: 50%; height: 31px;\"><a href=\"https:\/\/agora.xtec.cat\/iessert\/wp-content\/uploads\/usu642\/2023\/03\/BAREM-PROVISIONAL-2023-24.pdf\">Llista de sol.licituds amb la puntuaci\u00f3 provisional<\/a><\/td>\n<td style=\"width: 50%; height: 31px;\">21 d&#8217;abril<\/td>\n<\/tr>\n<tr style=\"border-style: solid;\">\n<td style=\"width: 50%; height: 31px;\">Presentaci\u00f3 de reclamacions a la llista amb puntuaci\u00f3 provisional<\/td>\n<td style=\"width: 50%; height: 31px;\">del 21 al 27 d&#8217;abril<\/td>\n<\/tr>\n<tr style=\"border-style: solid;\">\n<td style=\"width: 50%; height: 31px;\"><a href=\"https:\/\/agora.xtec.cat\/iessert\/wp-content\/uploads\/usu642\/2023\/03\/Llistes-Resolucio-Reclamacio-i-Num-Desempat.pdf\">Llista amb la puntuaci\u00f3, resoltes les reclamacions\u00a0<\/a><\/td>\n<td style=\"width: 50%; height: 31px;\">3 de maig<\/td>\n<\/tr>\n<tr style=\"border-style: solid;\">\n<td style=\"width: 50%; height: 31px;\">Sorteig<\/td>\n<td style=\"width: 50%; height: 31px;\">9 de maig<\/td>\n<\/tr>\n<tr style=\"border-style: solid;\">\n<td style=\"width: 50%; height: 31px;\"><a href=\"https:\/\/agora.xtec.cat\/iessert\/wp-content\/uploads\/usu642\/2023\/03\/Llista-ordenada-2023-24.pdf\">Llista ordenada<\/a><\/td>\n<td style=\"width: 50%; height: 31px;\">11 de maig<\/td>\n<\/tr>\n<tr style=\"border-style: solid;\">\n<td style=\"width: 50%; height: 31px;\">\n<ul>\n<li><a href=\"https:\/\/agora.xtec.cat\/iessert\/wp-content\/uploads\/usu642\/2023\/03\/ALUMNES-ASSIGNATS.pdf\">ALUMNES ASSIGNATS AL CENTRE EN PRIMERA PETICI\u00d3<\/a><\/li>\n<li><a href=\"https:\/\/agora.xtec.cat\/iessert\/wp-content\/uploads\/usu642\/2023\/03\/LLISTA-DESPERA.pdf\">LLISTA D&#8217;ESPERA<\/a><\/li>\n<\/ul>\n<\/td>\n<td style=\"width: 50%; height: 31px;\">12 de juny<\/td>\n<\/tr>\n<tr style=\"border-style: solid;\">\n<td style=\"width: 50%; height: 31px;\">Per\u00edode de matr\u00edcula<\/td>\n<td style=\"width: 50%; height: 31px;\">del 20 al 28 de juny<\/td>\n<\/tr>\n<\/tbody>\n<\/table>\n<ul>\n<li>P\u00e0gina del Departament d&#8217;Educaci\u00f3: <a href=\"https:\/\/preinscripcio.gencat.cat\/ca\/inici\/\">https:\/\/preinscripcio.gencat.cat\/ca\/inici\/<\/a><\/li>\n<\/ul>\n<p>Codi de centre de l&#8217;institut Josep Llu\u00eds Sert: <strong>08045537<\/strong><\/p>\n<p>&nbsp;<\/p>\n<p>&nbsp;<\/p>\n","protected":false},"excerpt":{"rendered":"<p>&nbsp; Als seg\u00fcents enlla\u00e7os trobareu tota la informaci\u00f3 sobre el proc\u00e9s de preinscripci\u00f3: CALENDARI PREINSCRIPCI\u00d3 ESO Oferta inicial de places 3 de mar\u00e7 Preinscripci\u00f3 presentaci\u00f3 de sol.licituds telem\u00e0tiques: https:\/\/preinscripcio.gencat.cat\/ca\/estudis\/eso\/preinscriute\/sollicitud\/ Codi de centre de l&#8217;institut Josep Llu\u00eds Sert: 08045537 del 8 al 20 de mar\u00e7 Preinscripci\u00f3: presentaci\u00f3 de documentaci\u00f3 21 i 22 de mar\u00e7 Llista de [&hellip;]<\/p>\n","protected":false},"author":1,"featured_media":8094,"comment_status":"closed","ping_status":"closed","sticky":false,"template":"","format":"standard","meta":{"_bbp_topic_count":0,"_bbp_reply_count":0,"_bbp_total_topic_count":0,"_bbp_total_reply_count":0,"_bbp_voice_count":0,"_bbp_anonymous_reply_count":0,"_bbp_topic_count_hidden":0,"_bbp_reply_count_hidden":0,"_bbp_forum_subforum_count":0,"site-sidebar-layout":"default","site-content-layout":"","ast-site-content-layout":"","site-content-style":"default","site-sidebar-style":"default","ast-global-header-display":"","ast-banner-title-visibility":"","ast-main-header-display":"","ast-hfb-above-header-display":"","ast-hfb-below-header-display":"","ast-hfb-mobile-header-display":"","site-post-title":"","ast-breadcrumbs-content":"","ast-featured-img":"","footer-sml-layout":"","theme-transparent-header-meta":"","adv-header-id-meta":"","stick-header-meta":"","header-above-stick-meta":"","header-main-stick-meta":"","header-below-stick-meta":"","astra-migrate-meta-layouts":"default","ast-page-background-enabled":"default","ast-page-background-meta":{"desktop":{"background-color":"var(--ast-global-color-4)","background-image":"","background-repeat":"repeat","background-position":"center center","background-size":"auto","background-attachment":"scroll","background-type":"","background-media":"","overlay-type":"","overlay-color":"","overlay-opacity":"","overlay-gradient":""},"tablet":{"background-color":"","background-image":"","background-repeat":"repeat","background-position":"center center","background-size":"auto","background-attachment":"scroll","background-type":"","background-media":"","overlay-type":"","overlay-color":"","overlay-opacity":"","overlay-gradient":""},"mobile":{"background-color":"","background-image":"","background-repeat":"repeat","background-position":"center center","background-size":"auto","background-attachment":"scroll","background-type":"","background-media":"","overlay-type":"","overlay-color":"","overlay-opacity":"","overlay-gradient":""}},"ast-content-background-meta":{"desktop":{"background-color":"var(--ast-global-color-5)","background-image":"","background-repeat":"repeat","background-position":"center center","background-size":"auto","background-attachment":"scroll","background-type":"","background-media":"","overlay-type":"","overlay-color":"","overlay-opacity":"","overlay-gradient":""},"tablet":{"background-color":"var(--ast-global-color-5)","background-image":"","background-repeat":"repeat","background-position":"center center","background-size":"auto","background-attachment":"scroll","background-type":"","background-media":"","overlay-type":"","overlay-color":"","overlay-opacity":"","overlay-gradient":""},"mobile":{"background-color":"var(--ast-global-color-5)","background-image":"","background-repeat":"repeat","background-position":"center center","background-size":"auto","background-attachment":"scroll","background-type":"","background-media":"","overlay-type":"","overlay-color":"","overlay-opacity":"","overlay-gradient":""}},"footnotes":""},"categories":[3,1,160],"tags":[],"class_list":["post-8083","post","type-post","status-publish","format-standard","has-post-thumbnail","hentry","category-eso","category-general","category-preinscripcio"],"post_mailing_queue_ids":[],"_links":{"self":[{"href":"https:\/\/agora.xtec.cat\/iessert\/wp-json\/wp\/v2\/posts\/8083","targetHints":{"allow":["GET"]}}],"collection":[{"href":"https:\/\/agora.xtec.cat\/iessert\/wp-json\/wp\/v2\/posts"}],"about":[{"href":"https:\/\/agora.xtec.cat\/iessert\/wp-json\/wp\/v2\/types\/post"}],"author":[{"embeddable":true,"href":"https:\/\/agora.xtec.cat\/iessert\/wp-json\/wp\/v2\/users\/1"}],"replies":[{"embeddable":true,"href":"https:\/\/agora.xtec.cat\/iessert\/wp-json\/wp\/v2\/comments?post=8083"}],"version-history":[{"count":4,"href":"https:\/\/agora.xtec.cat\/iessert\/wp-json\/wp\/v2\/posts\/8083\/revisions"}],"predecessor-version":[{"id":8508,"href":"https:\/\/agora.xtec.cat\/iessert\/wp-json\/wp\/v2\/posts\/8083\/revisions\/8508"}],"wp:featuredmedia":[{"embeddable":true,"href":"https:\/\/agora.xtec.cat\/iessert\/wp-json\/wp\/v2\/media\/8094"}],"wp:attachment":[{"href":"https:\/\/agora.xtec.cat\/iessert\/wp-json\/wp\/v2\/media?parent=8083"}],"wp:term":[{"taxonomy":"category","embeddable":true,"href":"https:\/\/agora.xtec.cat\/iessert\/wp-json\/wp\/v2\/categories?post=8083"},{"taxonomy":"post_tag","embeddable":true,"href":"https:\/\/agora.xtec.cat\/iessert\/wp-json\/wp\/v2\/tags?post=8083"}],"curies":[{"name":"wp","href":"https:\/\/api.w.org\/{rel}","templated":true}]}}