{"id":7940,"date":"2023-02-26T07:15:16","date_gmt":"2023-02-26T06:15:16","guid":{"rendered":"https:\/\/agora.xtec.cat\/iessert\/?p=7940"},"modified":"2023-03-06T09:14:34","modified_gmt":"2023-03-06T08:14:34","slug":"portes-obertes-2023","status":"publish","type":"post","link":"https:\/\/agora.xtec.cat\/iessert\/general\/portes-obertes-2023\/","title":{"rendered":"V\u00cdDEOS PORTES OBERTES 2023"},"content":{"rendered":"<p style=\"text-align: center;\"><a href=\"https:\/\/agora.xtec.cat\/iessert\/wp-content\/uploads\/usu642\/2023\/02\/Portes-obertes-2.png\"><img loading=\"lazy\" decoding=\"async\" class=\"alignnone wp-image-7982\" src=\"https:\/\/agora.xtec.cat\/iessert\/wp-content\/uploads\/usu642\/2023\/02\/Portes-obertes-2-1024x1024.png\" alt=\"\" width=\"532\" height=\"532\" srcset=\"https:\/\/agora.xtec.cat\/iessert\/wp-content\/uploads\/usu642\/2023\/02\/Portes-obertes-2-1024x1024.png 1024w, https:\/\/agora.xtec.cat\/iessert\/wp-content\/uploads\/usu642\/2023\/02\/Portes-obertes-2-300x300.png 300w, https:\/\/agora.xtec.cat\/iessert\/wp-content\/uploads\/usu642\/2023\/02\/Portes-obertes-2-150x150.png 150w, https:\/\/agora.xtec.cat\/iessert\/wp-content\/uploads\/usu642\/2023\/02\/Portes-obertes-2-768x768.png 768w, https:\/\/agora.xtec.cat\/iessert\/wp-content\/uploads\/usu642\/2023\/02\/Portes-obertes-2.png 1080w\" sizes=\"auto, (max-width: 532px) 100vw, 532px\" \/><\/a><\/p>\n<p>Us presentem dos v\u00eddeos amb els que podreu con\u00e8ixer una mica m\u00e9s el nostre centre. Al primer v\u00eddeo escoltareu unes entrevistes a l&#8217;alumnat de 1r d&#8217;ESO d&#8217;enguany on ens expliquen les seves experi\u00e8ncies durant el primer curs al Sert. Al segon, podreu veure un recorregut per les instal.lacions del nostre institut. Esperem que us agradin!<\/p>\n<p><a href=\"https:\/\/www.youtube.com\/watch?v=hGWR8NwzfAI\">ENTREVISTES ALUMNAT 1r ESO <\/a><\/p>\n<p><a href=\"https:\/\/www.youtube.com\/watch?v=N6YvQDmsgys&amp;t=39s\">UN PASSEIG PEL SERT<\/a><\/p>\n","protected":false},"excerpt":{"rendered":"<p>Us presentem dos v\u00eddeos amb els que podreu con\u00e8ixer una mica m\u00e9s el nostre centre. Al primer v\u00eddeo escoltareu unes entrevistes a l&#8217;alumnat de 1r d&#8217;ESO d&#8217;enguany on ens expliquen les seves experi\u00e8ncies durant el primer curs al Sert. Al segon, podreu veure un recorregut per les instal.lacions del nostre institut. Esperem que us agradin! [&hellip;]<\/p>\n","protected":false},"author":1,"featured_media":8028,"comment_status":"closed","ping_status":"closed","sticky":false,"template":"","format":"standard","meta":{"_bbp_topic_count":0,"_bbp_reply_count":0,"_bbp_total_topic_count":0,"_bbp_total_reply_count":0,"_bbp_voice_count":0,"_bbp_anonymous_reply_count":0,"_bbp_topic_count_hidden":0,"_bbp_reply_count_hidden":0,"_bbp_forum_subforum_count":0,"site-sidebar-layout":"default","site-content-layout":"","ast-site-content-layout":"","site-content-style":"default","site-sidebar-style":"default","ast-global-header-display":"","ast-banner-title-visibility":"","ast-main-header-display":"","ast-hfb-above-header-display":"","ast-hfb-below-header-display":"","ast-hfb-mobile-header-display":"","site-post-title":"","ast-breadcrumbs-content":"","ast-featured-img":"","footer-sml-layout":"","theme-transparent-header-meta":"","adv-header-id-meta":"","stick-header-meta":"","header-above-stick-meta":"","header-main-stick-meta":"","header-below-stick-meta":"","astra-migrate-meta-layouts":"default","ast-page-background-enabled":"default","ast-page-background-meta":{"desktop":{"background-color":"var(--ast-global-color-4)","background-image":"","background-repeat":"repeat","background-position":"center center","background-size":"auto","background-attachment":"scroll","background-type":"","background-media":"","overlay-type":"","overlay-color":"","overlay-opacity":"","overlay-gradient":""},"tablet":{"background-color":"","background-image":"","background-repeat":"repeat","background-position":"center center","background-size":"auto","background-attachment":"scroll","background-type":"","background-media":"","overlay-type":"","overlay-color":"","overlay-opacity":"","overlay-gradient":""},"mobile":{"background-color":"","background-image":"","background-repeat":"repeat","background-position":"center center","background-size":"auto","background-attachment":"scroll","background-type":"","background-media":"","overlay-type":"","overlay-color":"","overlay-opacity":"","overlay-gradient":""}},"ast-content-background-meta":{"desktop":{"background-color":"var(--ast-global-color-5)","background-image":"","background-repeat":"repeat","background-position":"center center","background-size":"auto","background-attachment":"scroll","background-type":"","background-media":"","overlay-type":"","overlay-color":"","overlay-opacity":"","overlay-gradient":""},"tablet":{"background-color":"var(--ast-global-color-5)","background-image":"","background-repeat":"repeat","background-position":"center center","background-size":"auto","background-attachment":"scroll","background-type":"","background-media":"","overlay-type":"","overlay-color":"","overlay-opacity":"","overlay-gradient":""},"mobile":{"background-color":"var(--ast-global-color-5)","background-image":"","background-repeat":"repeat","background-position":"center center","background-size":"auto","background-attachment":"scroll","background-type":"","background-media":"","overlay-type":"","overlay-color":"","overlay-opacity":"","overlay-gradient":""}},"footnotes":""},"categories":[1,146],"tags":[],"class_list":["post-7940","post","type-post","status-publish","format-standard","has-post-thumbnail","hentry","category-general","category-portes-obertes"],"post_mailing_queue_ids":[],"_links":{"self":[{"href":"https:\/\/agora.xtec.cat\/iessert\/wp-json\/wp\/v2\/posts\/7940","targetHints":{"allow":["GET"]}}],"collection":[{"href":"https:\/\/agora.xtec.cat\/iessert\/wp-json\/wp\/v2\/posts"}],"about":[{"href":"https:\/\/agora.xtec.cat\/iessert\/wp-json\/wp\/v2\/types\/post"}],"author":[{"embeddable":true,"href":"https:\/\/agora.xtec.cat\/iessert\/wp-json\/wp\/v2\/users\/1"}],"replies":[{"embeddable":true,"href":"https:\/\/agora.xtec.cat\/iessert\/wp-json\/wp\/v2\/comments?post=7940"}],"version-history":[{"count":4,"href":"https:\/\/agora.xtec.cat\/iessert\/wp-json\/wp\/v2\/posts\/7940\/revisions"}],"predecessor-version":[{"id":7983,"href":"https:\/\/agora.xtec.cat\/iessert\/wp-json\/wp\/v2\/posts\/7940\/revisions\/7983"}],"wp:featuredmedia":[{"embeddable":true,"href":"https:\/\/agora.xtec.cat\/iessert\/wp-json\/wp\/v2\/media\/8028"}],"wp:attachment":[{"href":"https:\/\/agora.xtec.cat\/iessert\/wp-json\/wp\/v2\/media?parent=7940"}],"wp:term":[{"taxonomy":"category","embeddable":true,"href":"https:\/\/agora.xtec.cat\/iessert\/wp-json\/wp\/v2\/categories?post=7940"},{"taxonomy":"post_tag","embeddable":true,"href":"https:\/\/agora.xtec.cat\/iessert\/wp-json\/wp\/v2\/tags?post=7940"}],"curies":[{"name":"wp","href":"https:\/\/api.w.org\/{rel}","templated":true}]}}