{"id":7935,"date":"2023-02-09T17:33:56","date_gmt":"2023-02-09T16:33:56","guid":{"rendered":"https:\/\/agora.xtec.cat\/iessert\/?p=7935"},"modified":"2024-01-09T18:19:08","modified_gmt":"2024-01-09T17:19:08","slug":"erasmus-mobilitat-dun-mes-a-dunkerque","status":"publish","type":"post","link":"https:\/\/agora.xtec.cat\/iessert\/portada\/erasmus-mobilitat-dun-mes-a-dunkerque\/","title":{"rendered":"ERASMUS+: MOBILITAT D&#8217;UN MES A DUNKERQUE"},"content":{"rendered":"<p class=\"gmail_quote\" style=\"text-align: justify;\">Aviat retornaran els nostres alumnes Erasmus+ despr\u00e9s d&#8217;un mes d&#8217;immersi\u00f3 al Lyc\u00e9e Jean Bart de Dunkerque!\u00a0Ja estem esperant amb els bra\u00e7os oberts als tres alumnes de 1r Batxibac, la Iratxe L\u00f3pez, l&#8217;Antoine Mata i en Mateo Browaeys, que retornaran a Castelldefels el 10 de febrer despr\u00e9s d&#8217;haver viscut una experi\u00e8ncia inoblidable de m\u00e9s d&#8217;un mes a Dunkerque, al Lyc\u00e9e Jean Bart, de la m\u00e0 dels seus companys d&#8217;intercanvi.<\/p>\n<p class=\"gmail_quote\" style=\"text-align: justify;\">De moment, perqu\u00e8 ens fem una idea de la seva estada ens han fet arribar aquests comentaris i imatges:<\/p>\n<p class=\"gmail_quote\" style=\"text-align: justify;\">&#8220;Hola!! Soc l&#8217;Iratxe. Estic molt contenta d&#8217;estar vivint aquesta experi\u00e8ncia. Amb la fam\u00edlia de Lisa ( la meva parella d&#8217;intercanvi) estic molt b\u00e9 i molt agra\u00efda per cuidar-me tant. Estic fent moltes coses boniques i coneixent molta gent!!!! He estat a Dunkerque, el lyc\u00e9e y la ciutat i m&#8217;han portat a Calais. Tamb\u00e9 hem estat a Bruges, hem celebrat l&#8217;aniversari de Lisa, hem vist una pel\u00b7l\u00edcula, hem fet berenars molt divertits, hem fet activitats Erasmus+ i moooltes coses m\u00e9s&#8230;<br \/>\nEstic aprenent molt, i penso que estic millorant molt el meu franc\u00e8s. De vegades estic enyorada o cansada, per\u00f2 el que m&#8217;aporta aquesta aventura \u00e9s molt m\u00e9s&#8221;.<\/p>\n<p>&#8220;Hola soc l&#8217;Antoine. Estic molt content d&#8217;estar d&#8217;intercanvi a Fran\u00e7a. Estic coneixent molta gent i fent amics.\u00a0Hem fet activitats i visitat llocs. M&#8217;ho estic passant molt b\u00e9 i ho recomano a tothom&#8221;.<\/p>\n<p>&#8220;Hola a tots i totes, soc el Mateo. Estic a Dunkerque una ciutat incre\u00efble amb moltes activitats que fer. Estic molt content de formar part d&#8217;aquest intercanvi i de poder gaudir d&#8217;aquesta experi\u00e8ncia. Gr\u00e0cies a l&#8217;institut Sert i al Lyc\u00e9e Jean Bart!&#8221;.<\/p>\n<p>Podeu veure algunes fotografies de la seva estada a continuaci\u00f3:<\/p>\n<p><a href=\"https:\/\/photos.app.goo.gl\/UxANKyALKgmAdJwe7\"><strong>ERASMUS + DUNKERQUE 22-23<\/strong><\/a><\/p>\n","protected":false},"excerpt":{"rendered":"<p>Aviat retornaran els nostres alumnes Erasmus+ despr\u00e9s d&#8217;un mes d&#8217;immersi\u00f3 al Lyc\u00e9e Jean Bart de Dunkerque!\u00a0<\/p>\n","protected":false},"author":1,"featured_media":7974,"comment_status":"closed","ping_status":"closed","sticky":false,"template":"","format":"standard","meta":{"_bbp_topic_count":0,"_bbp_reply_count":0,"_bbp_total_topic_count":0,"_bbp_total_reply_count":0,"_bbp_voice_count":0,"_bbp_anonymous_reply_count":0,"_bbp_topic_count_hidden":0,"_bbp_reply_count_hidden":0,"_bbp_forum_subforum_count":0,"site-sidebar-layout":"default","site-content-layout":"","ast-site-content-layout":"","site-content-style":"default","site-sidebar-style":"default","ast-global-header-display":"","ast-banner-title-visibility":"","ast-main-header-display":"","ast-hfb-above-header-display":"","ast-hfb-below-header-display":"","ast-hfb-mobile-header-display":"","site-post-title":"","ast-breadcrumbs-content":"","ast-featured-img":"","footer-sml-layout":"","theme-transparent-header-meta":"","adv-header-id-meta":"","stick-header-meta":"","header-above-stick-meta":"","header-main-stick-meta":"","header-below-stick-meta":"","astra-migrate-meta-layouts":"default","ast-page-background-enabled":"default","ast-page-background-meta":{"desktop":{"background-color":"var(--ast-global-color-4)","background-image":"","background-repeat":"repeat","background-position":"center center","background-size":"auto","background-attachment":"scroll","background-type":"","background-media":"","overlay-type":"","overlay-color":"","overlay-opacity":"","overlay-gradient":""},"tablet":{"background-color":"","background-image":"","background-repeat":"repeat","background-position":"center center","background-size":"auto","background-attachment":"scroll","background-type":"","background-media":"","overlay-type":"","overlay-color":"","overlay-opacity":"","overlay-gradient":""},"mobile":{"background-color":"","background-image":"","background-repeat":"repeat","background-position":"center center","background-size":"auto","background-attachment":"scroll","background-type":"","background-media":"","overlay-type":"","overlay-color":"","overlay-opacity":"","overlay-gradient":""}},"ast-content-background-meta":{"desktop":{"background-color":"var(--ast-global-color-5)","background-image":"","background-repeat":"repeat","background-position":"center center","background-size":"auto","background-attachment":"scroll","background-type":"","background-media":"","overlay-type":"","overlay-color":"","overlay-opacity":"","overlay-gradient":""},"tablet":{"background-color":"var(--ast-global-color-5)","background-image":"","background-repeat":"repeat","background-position":"center center","background-size":"auto","background-attachment":"scroll","background-type":"","background-media":"","overlay-type":"","overlay-color":"","overlay-opacity":"","overlay-gradient":""},"mobile":{"background-color":"var(--ast-global-color-5)","background-image":"","background-repeat":"repeat","background-position":"center center","background-size":"auto","background-attachment":"scroll","background-type":"","background-media":"","overlay-type":"","overlay-color":"","overlay-opacity":"","overlay-gradient":""}},"footnotes":""},"categories":[218,114,240,132,151,29],"tags":[],"class_list":["post-7935","post","type-post","status-publish","format-standard","has-post-thumbnail","hentry","category-1r-batxillerat","category-erasmus","category-erasmus-2021-27","category-intercanvi-dunkerque","category-intercanvis","category-portada"],"post_mailing_queue_ids":[],"_links":{"self":[{"href":"https:\/\/agora.xtec.cat\/iessert\/wp-json\/wp\/v2\/posts\/7935","targetHints":{"allow":["GET"]}}],"collection":[{"href":"https:\/\/agora.xtec.cat\/iessert\/wp-json\/wp\/v2\/posts"}],"about":[{"href":"https:\/\/agora.xtec.cat\/iessert\/wp-json\/wp\/v2\/types\/post"}],"author":[{"embeddable":true,"href":"https:\/\/agora.xtec.cat\/iessert\/wp-json\/wp\/v2\/users\/1"}],"replies":[{"embeddable":true,"href":"https:\/\/agora.xtec.cat\/iessert\/wp-json\/wp\/v2\/comments?post=7935"}],"version-history":[{"count":3,"href":"https:\/\/agora.xtec.cat\/iessert\/wp-json\/wp\/v2\/posts\/7935\/revisions"}],"predecessor-version":[{"id":7970,"href":"https:\/\/agora.xtec.cat\/iessert\/wp-json\/wp\/v2\/posts\/7935\/revisions\/7970"}],"wp:featuredmedia":[{"embeddable":true,"href":"https:\/\/agora.xtec.cat\/iessert\/wp-json\/wp\/v2\/media\/7974"}],"wp:attachment":[{"href":"https:\/\/agora.xtec.cat\/iessert\/wp-json\/wp\/v2\/media?parent=7935"}],"wp:term":[{"taxonomy":"category","embeddable":true,"href":"https:\/\/agora.xtec.cat\/iessert\/wp-json\/wp\/v2\/categories?post=7935"},{"taxonomy":"post_tag","embeddable":true,"href":"https:\/\/agora.xtec.cat\/iessert\/wp-json\/wp\/v2\/tags?post=7935"}],"curies":[{"name":"wp","href":"https:\/\/api.w.org\/{rel}","templated":true}]}}