{"id":7788,"date":"2022-11-15T15:43:13","date_gmt":"2022-11-15T14:43:13","guid":{"rendered":"https:\/\/agora.xtec.cat\/iessert\/?p=7788"},"modified":"2024-01-09T18:22:56","modified_gmt":"2024-01-09T17:22:56","slug":"erasmus-una-setmana-pel-record","status":"publish","type":"post","link":"https:\/\/agora.xtec.cat\/iessert\/general\/erasmus-una-setmana-pel-record\/","title":{"rendered":"ERASMUS+, UNA SETMANA PEL RECORD"},"content":{"rendered":"<p style=\"text-align: justify;\">El passat divendres vam acomiadar l&#8217;alumnat i professorat d&#8217;intercanvi del programa Erasmus+ despr\u00e9s d&#8217;una setmana plena d&#8217;activitats i moments pel record. A continuaci\u00f3 podeu veure un recull de fotografies i v\u00eddeos dels dies posteriors a l&#8217;arribada de l&#8217;alumnat franc\u00e8s i eslovac. Com veureu, es van realitzar excursions guiades a Barcelona i Sitges; tallers de rob\u00f2tica, plaques solars i pintura i una gran festa final on es va celebrar l&#8217;acte d&#8217;entrega de diplomes Erasmus+. Volem agrair al nostre alumnat, les seves fam\u00edlies i a tot el professorat implicat per la seva col.laboraci\u00f3 per tal que aquesta setmana hagi estat tan especial i memorable. Aix\u00ed mateix, agra\u00efm tamb\u00e9 als professors i alumnes estrangers que ens han acompanyat i als que trobarem molt a faltar.<\/p>\n<p style=\"text-align: justify;\">Per\u00f2 aix\u00f2 no \u00e9s un AD\u00c9U, \u00e9s un FINS AVIAT! En uns mesos ser\u00e0 el nostre alumnat el que viatjar\u00e0 a Fran\u00e7a i Eslov\u00e0quia per continuar aquest vincle que ha comen\u00e7at al Sert!<\/p>\n<p>See you soon! \u00c0 <span class=\"Y2IQFc\" lang=\"fr\">bient\u00f4t! D<\/span><span class=\"Y2IQFc\" lang=\"sk\">o skor\u00e9ho videnia!<\/span><\/p>\n<h5><strong><a href=\"https:\/\/photos.app.goo.gl\/umNZhchLyip2YarJ6\">Erasmus+ dia 2<\/a><\/strong><\/h5>\n<h5><strong><a href=\"https:\/\/photos.app.goo.gl\/8MptWM1KK94sTLvFA\">Erasmus+ dia 3<\/a><\/strong><\/h5>\n<h5><a href=\"https:\/\/photos.app.goo.gl\/LApncdgz9hys2qGi9\">Erasmus+ dia 4<\/a><\/h5>\n<p><a href=\"https:\/\/drive.google.com\/file\/d\/1eJ55I2pqONNjy1GkLVlj9WuJoYFFgWjJ\/view?usp=sharing\"><strong>V\u00eddeo Taller rob\u00f2tica<\/strong><\/a><\/p>\n<p><strong><a href=\"https:\/\/drive.google.com\/file\/d\/1xHgJ7g5cgWxYYdwGJPDd5m-xwh5saxoA\/view?usp=sharing\">V\u00eddeo Taller rob\u00f2tica<\/a><\/strong><\/p>\n<p>Tamb\u00e9 podeu veure la festa de comiat i altres v\u00eddeos destacats de la setmana al nostre compte d&#8217;instagram INS.SERT<\/p>\n","protected":false},"excerpt":{"rendered":"<p>El passat divendres vam acomiadar l&#8217;alumnat i professorat d&#8217;intercanvi del programa Erasmus+ despr\u00e9s d&#8217;una setmana plena d&#8217;activitats i moments pel record<\/p>\n","protected":false},"author":1,"featured_media":8003,"comment_status":"closed","ping_status":"closed","sticky":false,"template":"","format":"standard","meta":{"_bbp_topic_count":0,"_bbp_reply_count":0,"_bbp_total_topic_count":0,"_bbp_total_reply_count":0,"_bbp_voice_count":0,"_bbp_anonymous_reply_count":0,"_bbp_topic_count_hidden":0,"_bbp_reply_count_hidden":0,"_bbp_forum_subforum_count":0,"site-sidebar-layout":"default","site-content-layout":"","ast-site-content-layout":"","site-content-style":"default","site-sidebar-style":"default","ast-global-header-display":"","ast-banner-title-visibility":"","ast-main-header-display":"","ast-hfb-above-header-display":"","ast-hfb-below-header-display":"","ast-hfb-mobile-header-display":"","site-post-title":"","ast-breadcrumbs-content":"","ast-featured-img":"","footer-sml-layout":"","theme-transparent-header-meta":"","adv-header-id-meta":"","stick-header-meta":"","header-above-stick-meta":"","header-main-stick-meta":"","header-below-stick-meta":"","astra-migrate-meta-layouts":"default","ast-page-background-enabled":"default","ast-page-background-meta":{"desktop":{"background-color":"var(--ast-global-color-4)","background-image":"","background-repeat":"repeat","background-position":"center center","background-size":"auto","background-attachment":"scroll","background-type":"","background-media":"","overlay-type":"","overlay-color":"","overlay-opacity":"","overlay-gradient":""},"tablet":{"background-color":"","background-image":"","background-repeat":"repeat","background-position":"center center","background-size":"auto","background-attachment":"scroll","background-type":"","background-media":"","overlay-type":"","overlay-color":"","overlay-opacity":"","overlay-gradient":""},"mobile":{"background-color":"","background-image":"","background-repeat":"repeat","background-position":"center center","background-size":"auto","background-attachment":"scroll","background-type":"","background-media":"","overlay-type":"","overlay-color":"","overlay-opacity":"","overlay-gradient":""}},"ast-content-background-meta":{"desktop":{"background-color":"var(--ast-global-color-5)","background-image":"","background-repeat":"repeat","background-position":"center center","background-size":"auto","background-attachment":"scroll","background-type":"","background-media":"","overlay-type":"","overlay-color":"","overlay-opacity":"","overlay-gradient":""},"tablet":{"background-color":"var(--ast-global-color-5)","background-image":"","background-repeat":"repeat","background-position":"center center","background-size":"auto","background-attachment":"scroll","background-type":"","background-media":"","overlay-type":"","overlay-color":"","overlay-opacity":"","overlay-gradient":""},"mobile":{"background-color":"var(--ast-global-color-5)","background-image":"","background-repeat":"repeat","background-position":"center center","background-size":"auto","background-attachment":"scroll","background-type":"","background-media":"","overlay-type":"","overlay-color":"","overlay-opacity":"","overlay-gradient":""}},"footnotes":""},"categories":[114,240,1,222,223,151,29],"tags":[],"class_list":["post-7788","post","type-post","status-publish","format-standard","has-post-thumbnail","hentry","category-erasmus","category-erasmus-2021-27","category-general","category-intercanvi-eslovaquia","category-intercanvi-franca","category-intercanvis","category-portada"],"post_mailing_queue_ids":[],"_links":{"self":[{"href":"https:\/\/agora.xtec.cat\/iessert\/wp-json\/wp\/v2\/posts\/7788","targetHints":{"allow":["GET"]}}],"collection":[{"href":"https:\/\/agora.xtec.cat\/iessert\/wp-json\/wp\/v2\/posts"}],"about":[{"href":"https:\/\/agora.xtec.cat\/iessert\/wp-json\/wp\/v2\/types\/post"}],"author":[{"embeddable":true,"href":"https:\/\/agora.xtec.cat\/iessert\/wp-json\/wp\/v2\/users\/1"}],"replies":[{"embeddable":true,"href":"https:\/\/agora.xtec.cat\/iessert\/wp-json\/wp\/v2\/comments?post=7788"}],"version-history":[{"count":3,"href":"https:\/\/agora.xtec.cat\/iessert\/wp-json\/wp\/v2\/posts\/7788\/revisions"}],"predecessor-version":[{"id":7792,"href":"https:\/\/agora.xtec.cat\/iessert\/wp-json\/wp\/v2\/posts\/7788\/revisions\/7792"}],"wp:featuredmedia":[{"embeddable":true,"href":"https:\/\/agora.xtec.cat\/iessert\/wp-json\/wp\/v2\/media\/8003"}],"wp:attachment":[{"href":"https:\/\/agora.xtec.cat\/iessert\/wp-json\/wp\/v2\/media?parent=7788"}],"wp:term":[{"taxonomy":"category","embeddable":true,"href":"https:\/\/agora.xtec.cat\/iessert\/wp-json\/wp\/v2\/categories?post=7788"},{"taxonomy":"post_tag","embeddable":true,"href":"https:\/\/agora.xtec.cat\/iessert\/wp-json\/wp\/v2\/tags?post=7788"}],"curies":[{"name":"wp","href":"https:\/\/api.w.org\/{rel}","templated":true}]}}