{"id":7655,"date":"2020-11-11T11:32:42","date_gmt":"2020-11-11T10:32:42","guid":{"rendered":"https:\/\/agora.xtec.cat\/iessert\/?p=7655"},"modified":"2022-10-11T11:33:16","modified_gmt":"2022-10-11T09:33:16","slug":"auxiliar-de-conversa-de-frances-20-21","status":"publish","type":"post","link":"https:\/\/agora.xtec.cat\/iessert\/frances\/auxiliar-de-conversa-de-frances-20-21\/","title":{"rendered":"AUXILIAR DE CONVERSA DE FRANC\u00c8S 20-21"},"content":{"rendered":"<p style=\"text-align: justify;\">Aquest curs 2020-21, tornem a participar en el Programa d\u2019Auxiliars de Conversa per tal d\u2019impulsar el nostre Projecte Ling\u00fc\u00edstic Pluriling\u00fce. Enguany, des del mes d&#8217;octubre, comptem amb l\u2019ajuda d\u2019un parlant nadiu en llengua francesa que ve del Marroc. El seu nom \u00e9s Rachid Lamid i estar\u00e0 amb nosaltres tot el curs escolar, fins el maig de 2021. El Rachid col\u00b7laborar\u00e0 amb el professorat de franc\u00e8s de l&#8217;ESO i el Batxibac, animant els alumnes a posar en pr\u00e0ctica els seus coneixements de franc\u00e8s.<\/p>\n<p style=\"text-align: justify;\">\u00a0La tasca de l\u2019auxiliar de conversa \u00e9s la de donar suport a les activitats d\u2019ensenyament-aprenentatge d\u2019aula programades pel professorat, amb la finalitat de desenvolupar i millorar la compet\u00e8ncia oral dels alumnes. Aix\u00f2 s\u2019aconsegueix b\u00e0sicament fomentant la conversa activa entre l\u2019auxiliar i petits grups d\u2019estudiants. A m\u00e9s, l\u2019auxiliar de conversa esdev\u00e9 un model ling\u00fc\u00edstic per als alumnes i \u00e9s una valuosa font de coneixements pel que fa a la cultura i les tradicions del seu pa\u00eds.<\/p>\n<p style=\"text-align: justify;\">\u00a0Sens dubte, poder gaudir d\u2019un auxiliar de conversa en el nostre centre suposa tenir un recurs de primer ordre per estimular l\u2019aprenentatge de la llengua francesa i el coneixement d\u2019altres formes d\u2019entendre el m\u00f3n. Tota la comunitat educativa valorem els avantatges d\u2019aquest recurs i desitgem que la pres\u00e8ncia del Rachid a l\u2019institut sigui ben profitosa!<\/p>\n<p style=\"text-align: justify;\">Aqu\u00ed us deixem una mostra d&#8217;una de les activitats fetes pels alumnes amb l&#8217;ajuda del Rachid.<\/p>\n<h4><a href=\"https:\/\/drive.google.com\/file\/d\/1CzOkOsvR3T2o9My3GKZBm1vUC710W-o7\/view?usp=sharing\">V\u00cdDEO<\/a><\/h4>\n","protected":false},"excerpt":{"rendered":"<p>Aquest curs 2020-21, tornem a participar en el Programa d\u2019Auxiliars de Conversa per tal d\u2019impulsar el nostre Projecte Ling\u00fc\u00edstic Pluriling\u00fce. Enguany, des del mes d&#8217;octubre, comptem amb l\u2019ajuda d\u2019un parlant nadiu en llengua francesa que ve del Marroc. El seu nom \u00e9s Rachid Lamid i estar\u00e0 amb nosaltres tot el curs escolar, fins el maig [&hellip;]<\/p>\n","protected":false},"author":1,"featured_media":0,"comment_status":"closed","ping_status":"closed","sticky":false,"template":"","format":"standard","meta":{"_bbp_topic_count":0,"_bbp_reply_count":0,"_bbp_total_topic_count":0,"_bbp_total_reply_count":0,"_bbp_voice_count":0,"_bbp_anonymous_reply_count":0,"_bbp_topic_count_hidden":0,"_bbp_reply_count_hidden":0,"_bbp_forum_subforum_count":0,"site-sidebar-layout":"default","site-content-layout":"","ast-site-content-layout":"","site-content-style":"default","site-sidebar-style":"default","ast-global-header-display":"","ast-banner-title-visibility":"","ast-main-header-display":"","ast-hfb-above-header-display":"","ast-hfb-below-header-display":"","ast-hfb-mobile-header-display":"","site-post-title":"","ast-breadcrumbs-content":"","ast-featured-img":"","footer-sml-layout":"","theme-transparent-header-meta":"","adv-header-id-meta":"","stick-header-meta":"","header-above-stick-meta":"","header-main-stick-meta":"","header-below-stick-meta":"","astra-migrate-meta-layouts":"default","ast-page-background-enabled":"default","ast-page-background-meta":{"desktop":{"background-color":"var(--ast-global-color-4)","background-image":"","background-repeat":"repeat","background-position":"center center","background-size":"auto","background-attachment":"scroll","background-type":"","background-media":"","overlay-type":"","overlay-color":"","overlay-opacity":"","overlay-gradient":""},"tablet":{"background-color":"","background-image":"","background-repeat":"repeat","background-position":"center center","background-size":"auto","background-attachment":"scroll","background-type":"","background-media":"","overlay-type":"","overlay-color":"","overlay-opacity":"","overlay-gradient":""},"mobile":{"background-color":"","background-image":"","background-repeat":"repeat","background-position":"center center","background-size":"auto","background-attachment":"scroll","background-type":"","background-media":"","overlay-type":"","overlay-color":"","overlay-opacity":"","overlay-gradient":""}},"ast-content-background-meta":{"desktop":{"background-color":"var(--ast-global-color-5)","background-image":"","background-repeat":"repeat","background-position":"center center","background-size":"auto","background-attachment":"scroll","background-type":"","background-media":"","overlay-type":"","overlay-color":"","overlay-opacity":"","overlay-gradient":""},"tablet":{"background-color":"var(--ast-global-color-5)","background-image":"","background-repeat":"repeat","background-position":"center center","background-size":"auto","background-attachment":"scroll","background-type":"","background-media":"","overlay-type":"","overlay-color":"","overlay-opacity":"","overlay-gradient":""},"mobile":{"background-color":"var(--ast-global-color-5)","background-image":"","background-repeat":"repeat","background-position":"center center","background-size":"auto","background-attachment":"scroll","background-type":"","background-media":"","overlay-type":"","overlay-color":"","overlay-opacity":"","overlay-gradient":""}},"footnotes":""},"categories":[158,91],"tags":[],"class_list":["post-7655","post","type-post","status-publish","format-standard","hentry","category-auxiliar-de-conversa","category-frances"],"post_mailing_queue_ids":[],"_links":{"self":[{"href":"https:\/\/agora.xtec.cat\/iessert\/wp-json\/wp\/v2\/posts\/7655","targetHints":{"allow":["GET"]}}],"collection":[{"href":"https:\/\/agora.xtec.cat\/iessert\/wp-json\/wp\/v2\/posts"}],"about":[{"href":"https:\/\/agora.xtec.cat\/iessert\/wp-json\/wp\/v2\/types\/post"}],"author":[{"embeddable":true,"href":"https:\/\/agora.xtec.cat\/iessert\/wp-json\/wp\/v2\/users\/1"}],"replies":[{"embeddable":true,"href":"https:\/\/agora.xtec.cat\/iessert\/wp-json\/wp\/v2\/comments?post=7655"}],"version-history":[{"count":1,"href":"https:\/\/agora.xtec.cat\/iessert\/wp-json\/wp\/v2\/posts\/7655\/revisions"}],"predecessor-version":[{"id":7656,"href":"https:\/\/agora.xtec.cat\/iessert\/wp-json\/wp\/v2\/posts\/7655\/revisions\/7656"}],"wp:attachment":[{"href":"https:\/\/agora.xtec.cat\/iessert\/wp-json\/wp\/v2\/media?parent=7655"}],"wp:term":[{"taxonomy":"category","embeddable":true,"href":"https:\/\/agora.xtec.cat\/iessert\/wp-json\/wp\/v2\/categories?post=7655"},{"taxonomy":"post_tag","embeddable":true,"href":"https:\/\/agora.xtec.cat\/iessert\/wp-json\/wp\/v2\/tags?post=7655"}],"curies":[{"name":"wp","href":"https:\/\/api.w.org\/{rel}","templated":true}]}}