{"id":7313,"date":"2022-05-21T20:03:35","date_gmt":"2022-05-21T18:03:35","guid":{"rendered":"https:\/\/agora.xtec.cat\/iessert\/?p=7313"},"modified":"2022-05-21T20:06:37","modified_gmt":"2022-05-21T18:06:37","slug":"graduacions-4t-eso-i-2n-batxillerat","status":"publish","type":"post","link":"https:\/\/agora.xtec.cat\/iessert\/eso\/eso-4\/graduacions-4t-eso-i-2n-batxillerat\/","title":{"rendered":"GRADUACIONS 4t ESO i 2n BATXILLERAT"},"content":{"rendered":"<p style=\"text-align: justify;\">Ahir divendres es van celebrar els actes de graduaci\u00f3 i comiat de les promocions de 4t d&#8217;ESO i 2n de Batxillerat al gimn\u00e0s del nostre centre. El primer acte, la graduaci\u00f3 de 4t, va comen\u00e7ar a les 18:00h amb un discurs del nostre director, en Juan Manuel Cazorla, que va destacar, entre altres coses, l&#8217;alegria que suposava poder gaudir de nou despr\u00e9s de molts mesos de pand\u00e8mia, d&#8217;una jornada d&#8217;aquestes caracter\u00edstiques on alumnat, fam\u00edlies i professors vam retrobar-nos per celebrar una ocasi\u00f3 tan important i emotiva. Seguidament, vam escoltar altres discursos d&#8217;alumnes i tutors i tamb\u00e9 vam veure un recull de fotografies dels \u00faltims quatre anys a l&#8217;institut dels nois i noies de 4t en un v\u00eddeo creat per l&#8217;ocasi\u00f3. Tamb\u00e9 vam gaudir de la m\u00fasica de la m\u00e0 de l&#8217;alumna Blanca Alcubierre, que va tocar una pe\u00e7a al piano. Finalment, es va fer entrega dels diplomes amb els quals l&#8217;alumnat es va poder fer una foto pel record al photocall. Un cop acabat l&#8217;acte, els nois i noies van fer un pica pica al menjador del centre abans d&#8217;acomiadar-se dels seus companys. A tots i totes, tant si seguiu els vostres estudis de Batxillerat al Sert o marxeu a un altre centre, us desitgem molt\u00edssima sort!<\/p>\n<p style=\"text-align: justify;\">Un cop acabada la graduaci\u00f3 de 4t, tocava el torn a la nostra promoci\u00f3 de 2n que van comen\u00e7ar a entrar a l&#8217;acte a les 19:30h. Despr\u00e9s d&#8217;escoltar unes paraules del director i discursos d&#8217;alumnes i professors, les alumnes Elisabeth i Anna Campanales van tocar una can\u00e7\u00f3 amb l&#8217;ukelele i la guitarra. Tamb\u00e9 vam veure un v\u00eddeo amb moments dels nois i noies en la seva etapa educativa a l&#8217;ESO i el Batxillerat i, com no, seguidament va tenir lloc la tradicional entrega de diplomes. Els nois i noies, emocionats, il.lusionats i a punt de comen\u00e7ar una nova etapa fora de l&#8217;institut, s&#8217;abra\u00e7aven mentre es dirigien al seu pica pica per acabar un vespre tan emotiu. A vosaltres tamb\u00e9 us desitgem molta sort; si us presenteu a les PAU, \u00e0nims i for\u00e7a, confieu en vosaltres! esteu molt ben preparats! I si el vostre cam\u00ed \u00e9s un altre diferent, tamb\u00e9 us desitgem el millor en aquesta nova etapa!<\/p>\n<p>A tots i totes, que heu estat amb nosaltres aquests darrers cursos, sabeu que al Sert sempre hi tindreu casa vostra!<\/p>\n<p>A continuaci\u00f3 podeu veure imatges de les dues graduacions:<\/p>\n<p><strong><a href=\"https:\/\/photos.app.goo.gl\/aQo841Sn7Mk2KwbQ9\">PROM 4t ESO 2022<\/a><\/strong><\/p>\n<p><a href=\"https:\/\/photos.app.goo.gl\/KWWiADkix9bM2QED6\"><strong>PROM 2n BATXILLERAT 2022<\/strong><\/a><\/p>\n<p>&nbsp;<\/p>\n","protected":false},"excerpt":{"rendered":"<p>Ahir divendres es van celebrar els actes de graduaci\u00f3 i comiat de les promocions de 4t d&#8217;ESO i 2n de Batxillerat al gimn\u00e0s del nostre centre<\/p>\n","protected":false},"author":1,"featured_media":7314,"comment_status":"closed","ping_status":"closed","sticky":false,"template":"","format":"standard","meta":{"_bbp_topic_count":0,"_bbp_reply_count":0,"_bbp_total_topic_count":0,"_bbp_total_reply_count":0,"_bbp_voice_count":0,"_bbp_anonymous_reply_count":0,"_bbp_topic_count_hidden":0,"_bbp_reply_count_hidden":0,"_bbp_forum_subforum_count":0,"site-sidebar-layout":"default","site-content-layout":"","ast-site-content-layout":"","site-content-style":"default","site-sidebar-style":"default","ast-global-header-display":"","ast-banner-title-visibility":"","ast-main-header-display":"","ast-hfb-above-header-display":"","ast-hfb-below-header-display":"","ast-hfb-mobile-header-display":"","site-post-title":"","ast-breadcrumbs-content":"","ast-featured-img":"","footer-sml-layout":"","theme-transparent-header-meta":"","adv-header-id-meta":"","stick-header-meta":"","header-above-stick-meta":"","header-main-stick-meta":"","header-below-stick-meta":"","astra-migrate-meta-layouts":"default","ast-page-background-enabled":"default","ast-page-background-meta":{"desktop":{"background-color":"var(--ast-global-color-4)","background-image":"","background-repeat":"repeat","background-position":"center center","background-size":"auto","background-attachment":"scroll","background-type":"","background-media":"","overlay-type":"","overlay-color":"","overlay-opacity":"","overlay-gradient":""},"tablet":{"background-color":"","background-image":"","background-repeat":"repeat","background-position":"center center","background-size":"auto","background-attachment":"scroll","background-type":"","background-media":"","overlay-type":"","overlay-color":"","overlay-opacity":"","overlay-gradient":""},"mobile":{"background-color":"","background-image":"","background-repeat":"repeat","background-position":"center center","background-size":"auto","background-attachment":"scroll","background-type":"","background-media":"","overlay-type":"","overlay-color":"","overlay-opacity":"","overlay-gradient":""}},"ast-content-background-meta":{"desktop":{"background-color":"var(--ast-global-color-5)","background-image":"","background-repeat":"repeat","background-position":"center center","background-size":"auto","background-attachment":"scroll","background-type":"","background-media":"","overlay-type":"","overlay-color":"","overlay-opacity":"","overlay-gradient":""},"tablet":{"background-color":"var(--ast-global-color-5)","background-image":"","background-repeat":"repeat","background-position":"center center","background-size":"auto","background-attachment":"scroll","background-type":"","background-media":"","overlay-type":"","overlay-color":"","overlay-opacity":"","overlay-gradient":""},"mobile":{"background-color":"var(--ast-global-color-5)","background-image":"","background-repeat":"repeat","background-position":"center center","background-size":"auto","background-attachment":"scroll","background-type":"","background-media":"","overlay-type":"","overlay-color":"","overlay-opacity":"","overlay-gradient":""}},"footnotes":""},"categories":[207,7,164,29],"tags":[],"class_list":["post-7313","post","type-post","status-publish","format-standard","has-post-thumbnail","hentry","category-2n-batxillerat","category-eso-4","category-graduacio","category-portada"],"post_mailing_queue_ids":[],"_links":{"self":[{"href":"https:\/\/agora.xtec.cat\/iessert\/wp-json\/wp\/v2\/posts\/7313","targetHints":{"allow":["GET"]}}],"collection":[{"href":"https:\/\/agora.xtec.cat\/iessert\/wp-json\/wp\/v2\/posts"}],"about":[{"href":"https:\/\/agora.xtec.cat\/iessert\/wp-json\/wp\/v2\/types\/post"}],"author":[{"embeddable":true,"href":"https:\/\/agora.xtec.cat\/iessert\/wp-json\/wp\/v2\/users\/1"}],"replies":[{"embeddable":true,"href":"https:\/\/agora.xtec.cat\/iessert\/wp-json\/wp\/v2\/comments?post=7313"}],"version-history":[{"count":2,"href":"https:\/\/agora.xtec.cat\/iessert\/wp-json\/wp\/v2\/posts\/7313\/revisions"}],"predecessor-version":[{"id":7316,"href":"https:\/\/agora.xtec.cat\/iessert\/wp-json\/wp\/v2\/posts\/7313\/revisions\/7316"}],"wp:featuredmedia":[{"embeddable":true,"href":"https:\/\/agora.xtec.cat\/iessert\/wp-json\/wp\/v2\/media\/7314"}],"wp:attachment":[{"href":"https:\/\/agora.xtec.cat\/iessert\/wp-json\/wp\/v2\/media?parent=7313"}],"wp:term":[{"taxonomy":"category","embeddable":true,"href":"https:\/\/agora.xtec.cat\/iessert\/wp-json\/wp\/v2\/categories?post=7313"},{"taxonomy":"post_tag","embeddable":true,"href":"https:\/\/agora.xtec.cat\/iessert\/wp-json\/wp\/v2\/tags?post=7313"}],"curies":[{"name":"wp","href":"https:\/\/api.w.org\/{rel}","templated":true}]}}