{"id":7139,"date":"2022-04-20T16:34:47","date_gmt":"2022-04-20T14:34:47","guid":{"rendered":"https:\/\/agora.xtec.cat\/iessert\/?p=7139"},"modified":"2022-04-23T18:52:50","modified_gmt":"2022-04-23T16:52:50","slug":"taller-denergia-solar-fotovoltaica","status":"publish","type":"post","link":"https:\/\/agora.xtec.cat\/iessert\/batxillerat\/taller-denergia-solar-fotovoltaica\/","title":{"rendered":"TALLER D&#8217;ENERGIA SOLAR FOTOVOLTAICA"},"content":{"rendered":"<p style=\"text-align: justify;\">Com a part de la Setmana Verda i Solid\u00e0ria, l&#8217;alumnat de 1r de Batxillerat va participar en un taller d&#8217;energia solar fotovoltaica durant la primera setmana d&#8217;abril. Instal.lant una petita placa fotovoltaica al pati, els alumnes han pogut veure com es produeix energia el\u00e8ctrica amb aquest sistema, com es connecta a la xarxa i qu\u00e8 podem fer per optimitzar tant la producci\u00f3 de la placa com el nostre consum el\u00e8ctric.<\/p>\n<p style=\"text-align: justify;\">A m\u00e9s, durant el taller, es va realitzar el muntatge de maquetes d\u2019una casa solar fotovoltaica aut\u00f2noma en grups de tres o quatre alumnes, que va fer tota la instal\u00b7laci\u00f3 el\u00e8ctrica (cablejat, punts de llum, timbres, m\u00f2duls solars i bateries). Finalment al pati, es va realitzar la comprovaci\u00f3 del funcionament d\u2019aquesta instal\u00b7laci\u00f3 solar (inclinaci\u00f3 i orientaci\u00f3, ombres, producci\u00f3 el\u00e8ctrica en relaci\u00f3 al n\u00famero de m\u00f2duls solars, etc.). Per acabar, es van anotar les dades en un dossier per treure posteriorment la conclusi\u00f3 del taller.<\/p>\n<p style=\"text-align: justify;\">Podeu veure fotografies del taller al seg\u00fcent enlla\u00e7:<\/p>\n<p style=\"text-align: justify;\"><strong><a href=\"https:\/\/photos.app.goo.gl\/f2URREzVG9qJRjE56\">TALLER ENERGIA SOLAR FOTOVOLTAICA<\/a><\/strong><\/p>\n","protected":false},"excerpt":{"rendered":"<p>Com a part de la Setmana Verda i Solid\u00e0ria, l&#8217;alumnat de 1r de Batxillerat va participar en un taller d&#8217;energia solar fotovoltaica<\/p>\n","protected":false},"author":1,"featured_media":7140,"comment_status":"closed","ping_status":"closed","sticky":false,"template":"","format":"standard","meta":{"_bbp_topic_count":0,"_bbp_reply_count":0,"_bbp_total_topic_count":0,"_bbp_total_reply_count":0,"_bbp_voice_count":0,"_bbp_anonymous_reply_count":0,"_bbp_topic_count_hidden":0,"_bbp_reply_count_hidden":0,"_bbp_forum_subforum_count":0,"site-sidebar-layout":"default","site-content-layout":"","ast-site-content-layout":"","site-content-style":"default","site-sidebar-style":"default","ast-global-header-display":"","ast-banner-title-visibility":"","ast-main-header-display":"","ast-hfb-above-header-display":"","ast-hfb-below-header-display":"","ast-hfb-mobile-header-display":"","site-post-title":"","ast-breadcrumbs-content":"","ast-featured-img":"","footer-sml-layout":"","theme-transparent-header-meta":"","adv-header-id-meta":"","stick-header-meta":"","header-above-stick-meta":"","header-main-stick-meta":"","header-below-stick-meta":"","astra-migrate-meta-layouts":"default","ast-page-background-enabled":"default","ast-page-background-meta":{"desktop":{"background-color":"var(--ast-global-color-4)","background-image":"","background-repeat":"repeat","background-position":"center center","background-size":"auto","background-attachment":"scroll","background-type":"","background-media":"","overlay-type":"","overlay-color":"","overlay-opacity":"","overlay-gradient":""},"tablet":{"background-color":"","background-image":"","background-repeat":"repeat","background-position":"center center","background-size":"auto","background-attachment":"scroll","background-type":"","background-media":"","overlay-type":"","overlay-color":"","overlay-opacity":"","overlay-gradient":""},"mobile":{"background-color":"","background-image":"","background-repeat":"repeat","background-position":"center center","background-size":"auto","background-attachment":"scroll","background-type":"","background-media":"","overlay-type":"","overlay-color":"","overlay-opacity":"","overlay-gradient":""}},"ast-content-background-meta":{"desktop":{"background-color":"var(--ast-global-color-5)","background-image":"","background-repeat":"repeat","background-position":"center center","background-size":"auto","background-attachment":"scroll","background-type":"","background-media":"","overlay-type":"","overlay-color":"","overlay-opacity":"","overlay-gradient":""},"tablet":{"background-color":"var(--ast-global-color-5)","background-image":"","background-repeat":"repeat","background-position":"center center","background-size":"auto","background-attachment":"scroll","background-type":"","background-media":"","overlay-type":"","overlay-color":"","overlay-opacity":"","overlay-gradient":""},"mobile":{"background-color":"var(--ast-global-color-5)","background-image":"","background-repeat":"repeat","background-position":"center center","background-size":"auto","background-attachment":"scroll","background-type":"","background-media":"","overlay-type":"","overlay-color":"","overlay-opacity":"","overlay-gradient":""}},"footnotes":""},"categories":[8,128,29,113,107],"tags":[],"class_list":["post-7139","post","type-post","status-publish","format-standard","has-post-thumbnail","hentry","category-batxillerat","category-escoles-verdes","category-portada","category-setmana-solidaria","category-setmana-verda"],"post_mailing_queue_ids":[],"_links":{"self":[{"href":"https:\/\/agora.xtec.cat\/iessert\/wp-json\/wp\/v2\/posts\/7139","targetHints":{"allow":["GET"]}}],"collection":[{"href":"https:\/\/agora.xtec.cat\/iessert\/wp-json\/wp\/v2\/posts"}],"about":[{"href":"https:\/\/agora.xtec.cat\/iessert\/wp-json\/wp\/v2\/types\/post"}],"author":[{"embeddable":true,"href":"https:\/\/agora.xtec.cat\/iessert\/wp-json\/wp\/v2\/users\/1"}],"replies":[{"embeddable":true,"href":"https:\/\/agora.xtec.cat\/iessert\/wp-json\/wp\/v2\/comments?post=7139"}],"version-history":[{"count":1,"href":"https:\/\/agora.xtec.cat\/iessert\/wp-json\/wp\/v2\/posts\/7139\/revisions"}],"predecessor-version":[{"id":7141,"href":"https:\/\/agora.xtec.cat\/iessert\/wp-json\/wp\/v2\/posts\/7139\/revisions\/7141"}],"wp:featuredmedia":[{"embeddable":true,"href":"https:\/\/agora.xtec.cat\/iessert\/wp-json\/wp\/v2\/media\/7140"}],"wp:attachment":[{"href":"https:\/\/agora.xtec.cat\/iessert\/wp-json\/wp\/v2\/media?parent=7139"}],"wp:term":[{"taxonomy":"category","embeddable":true,"href":"https:\/\/agora.xtec.cat\/iessert\/wp-json\/wp\/v2\/categories?post=7139"},{"taxonomy":"post_tag","embeddable":true,"href":"https:\/\/agora.xtec.cat\/iessert\/wp-json\/wp\/v2\/tags?post=7139"}],"curies":[{"name":"wp","href":"https:\/\/api.w.org\/{rel}","templated":true}]}}