{"id":7000,"date":"2022-03-01T23:18:08","date_gmt":"2022-03-01T22:18:08","guid":{"rendered":"https:\/\/agora.xtec.cat\/iessert\/?p=7000"},"modified":"2022-03-02T17:19:52","modified_gmt":"2022-03-02T16:19:52","slug":"es-celebra-el-1r-mercat-solidari-del-curs-2021-22","status":"publish","type":"post","link":"https:\/\/agora.xtec.cat\/iessert\/general\/es-celebra-el-1r-mercat-solidari-del-curs-2021-22\/","title":{"rendered":"ES CELEBRA EL 1R MERCAT SOLIDARI DEL CURS 2021-22"},"content":{"rendered":"<p><b>ES CELEBRA EL 1R MERCAT SOLIDARI DEL CURS 2021-22<\/b><\/p>\n<p style=\"text-align: justify;\">El passat 25 de febrer es va celebrar el primer dels mercats solidaris que mensualment s\u2019oferiran al centre durant l\u2019esbarjo de 10.10 a 10.35 (zona del davant). La idea va sorgir d\u2019un grup impulsor d\u2019accions i projectes associats a Escola Verda, assessorat pel professorat coordinador. Aquest redu\u00eft grup d\u2019alumnes (la majoria de 4ESO, per\u00f2 tamb\u00e9 amb dos de Batxillerat) va proposar -i va obtenir perm\u00eds de l\u2019Equip Directiu- de muntar un mercat mensual amb objectes de segona m\u00e0, fomentat aix\u00ed una de les tres R del respecte al medi ambient, la REUTILITZACI\u00d3. Es dona la circumst\u00e0ncia que tres alumnes que el curs passat eren a 1rESO ja van pensar en una acci\u00f3 similar durant la trobada online de Comit\u00e8s Ambientals de les escoles de Castelldefels. Ara s\u2019ha fet realitat.<\/p>\n<p style=\"text-align: justify;\">Les quantitats que aporti aquesta acci\u00f3 seran destinades a la millora de les zones ajardinades del nostre centre. Aquesta vegada la recaptaci\u00f3 va arribar a uns 30 Euros. Pr\u00e8viament es va fer un campanya de recollida en la que van participar fam\u00edlies i professorat, i que van aportar molts objectes per oferir-los una segona oportunitat (llibres, roba, objectes de regal, jocs educatius, petits electrodom\u00e8stics, etc). Com que encara va quedar molt de g\u00e8nere, properament es tornar\u00e0 a repetir el mercat solidari, per\u00f2 aquest cop a la zona d\u2019esbarjo de 1r i 2n ESO, que sembla no van assabentar-se del tot. Es far\u00e0 saber a les hores de tutoria i a trav\u00e9s d\u2019aquesta p\u00e0gina web la data d\u2019aquest proper mercat i la resta de dates en qu\u00e8 s\u2019oferir\u00e0 mensualment.<\/p>\n<p style=\"text-align: justify;\">\u00c9s important que tothom segueixi portant articles que ja no necessiti per continuar alimentant el banc d\u2019objectes que despr\u00e9s es venen a 50cts, 1 Euro o 2 Euros. Tamb\u00e9 seria bo que el grup impulsor (que des del curs passat ve participant en projectes diversos, com ara \u201cTinguem Cura del Planeta\u201d, o recolzament d\u2019accions a l\u2019Olla del Rei) compt\u00e9s amb un major nombre de membres. Convidem els Delegats Verds i la resta d\u2019alumnes del centre a interessar-s\u2019hi. Poden contactar amb el professorat que coordina l\u2019Escola Verda.<\/p>\n<p><a href=\"https:\/\/agora.xtec.cat\/iessert\/wp-content\/uploads\/usu642\/2022\/03\/IMG_0710.jpg\"><img loading=\"lazy\" decoding=\"async\" class=\"alignnone size-large wp-image-7003\" src=\"https:\/\/agora.xtec.cat\/iessert\/wp-content\/uploads\/usu642\/2022\/03\/IMG_0710-1024x768.jpg\" alt=\"\" width=\"1024\" height=\"768\" srcset=\"https:\/\/agora.xtec.cat\/iessert\/wp-content\/uploads\/usu642\/2022\/03\/IMG_0710-1024x768.jpg 1024w, https:\/\/agora.xtec.cat\/iessert\/wp-content\/uploads\/usu642\/2022\/03\/IMG_0710-300x225.jpg 300w, https:\/\/agora.xtec.cat\/iessert\/wp-content\/uploads\/usu642\/2022\/03\/IMG_0710-768x576.jpg 768w, https:\/\/agora.xtec.cat\/iessert\/wp-content\/uploads\/usu642\/2022\/03\/IMG_0710-1536x1152.jpg 1536w, https:\/\/agora.xtec.cat\/iessert\/wp-content\/uploads\/usu642\/2022\/03\/IMG_0710-200x150.jpg 200w, https:\/\/agora.xtec.cat\/iessert\/wp-content\/uploads\/usu642\/2022\/03\/IMG_0710.jpg 2016w\" sizes=\"auto, (max-width: 1024px) 100vw, 1024px\" \/><\/a><\/p>\n<p><a href=\"https:\/\/agora.xtec.cat\/iessert\/wp-content\/uploads\/usu642\/2022\/03\/IMG_0713.jpg\"><img loading=\"lazy\" decoding=\"async\" class=\"alignnone size-large wp-image-7002\" src=\"https:\/\/agora.xtec.cat\/iessert\/wp-content\/uploads\/usu642\/2022\/03\/IMG_0713-1024x998.jpg\" alt=\"\" width=\"1024\" height=\"998\" srcset=\"https:\/\/agora.xtec.cat\/iessert\/wp-content\/uploads\/usu642\/2022\/03\/IMG_0713-1024x998.jpg 1024w, https:\/\/agora.xtec.cat\/iessert\/wp-content\/uploads\/usu642\/2022\/03\/IMG_0713-300x292.jpg 300w, https:\/\/agora.xtec.cat\/iessert\/wp-content\/uploads\/usu642\/2022\/03\/IMG_0713-768x748.jpg 768w, https:\/\/agora.xtec.cat\/iessert\/wp-content\/uploads\/usu642\/2022\/03\/IMG_0713-1536x1496.jpg 1536w, https:\/\/agora.xtec.cat\/iessert\/wp-content\/uploads\/usu642\/2022\/03\/IMG_0713.jpg 1552w\" sizes=\"auto, (max-width: 1024px) 100vw, 1024px\" \/><\/a><\/p>\n","protected":false},"excerpt":{"rendered":"<p>El passat 25 de febrer es va celebrar el primer dels mercats solidaris que mensualment s\u2019oferiran al centre durant l\u2019esbarjo de 10.10 a 10.35<\/p>\n","protected":false},"author":1,"featured_media":7001,"comment_status":"closed","ping_status":"closed","sticky":false,"template":"","format":"standard","meta":{"_bbp_topic_count":0,"_bbp_reply_count":0,"_bbp_total_topic_count":0,"_bbp_total_reply_count":0,"_bbp_voice_count":0,"_bbp_anonymous_reply_count":0,"_bbp_topic_count_hidden":0,"_bbp_reply_count_hidden":0,"_bbp_forum_subforum_count":0,"site-sidebar-layout":"default","site-content-layout":"","ast-site-content-layout":"","site-content-style":"default","site-sidebar-style":"default","ast-global-header-display":"","ast-banner-title-visibility":"","ast-main-header-display":"","ast-hfb-above-header-display":"","ast-hfb-below-header-display":"","ast-hfb-mobile-header-display":"","site-post-title":"","ast-breadcrumbs-content":"","ast-featured-img":"","footer-sml-layout":"","theme-transparent-header-meta":"","adv-header-id-meta":"","stick-header-meta":"","header-above-stick-meta":"","header-main-stick-meta":"","header-below-stick-meta":"","astra-migrate-meta-layouts":"default","ast-page-background-enabled":"default","ast-page-background-meta":{"desktop":{"background-color":"var(--ast-global-color-4)","background-image":"","background-repeat":"repeat","background-position":"center center","background-size":"auto","background-attachment":"scroll","background-type":"","background-media":"","overlay-type":"","overlay-color":"","overlay-opacity":"","overlay-gradient":""},"tablet":{"background-color":"","background-image":"","background-repeat":"repeat","background-position":"center center","background-size":"auto","background-attachment":"scroll","background-type":"","background-media":"","overlay-type":"","overlay-color":"","overlay-opacity":"","overlay-gradient":""},"mobile":{"background-color":"","background-image":"","background-repeat":"repeat","background-position":"center center","background-size":"auto","background-attachment":"scroll","background-type":"","background-media":"","overlay-type":"","overlay-color":"","overlay-opacity":"","overlay-gradient":""}},"ast-content-background-meta":{"desktop":{"background-color":"var(--ast-global-color-5)","background-image":"","background-repeat":"repeat","background-position":"center center","background-size":"auto","background-attachment":"scroll","background-type":"","background-media":"","overlay-type":"","overlay-color":"","overlay-opacity":"","overlay-gradient":""},"tablet":{"background-color":"var(--ast-global-color-5)","background-image":"","background-repeat":"repeat","background-position":"center center","background-size":"auto","background-attachment":"scroll","background-type":"","background-media":"","overlay-type":"","overlay-color":"","overlay-opacity":"","overlay-gradient":""},"mobile":{"background-color":"var(--ast-global-color-5)","background-image":"","background-repeat":"repeat","background-position":"center center","background-size":"auto","background-attachment":"scroll","background-type":"","background-media":"","overlay-type":"","overlay-color":"","overlay-opacity":"","overlay-gradient":""}},"footnotes":""},"categories":[128,1,29],"tags":[],"class_list":["post-7000","post","type-post","status-publish","format-standard","has-post-thumbnail","hentry","category-escoles-verdes","category-general","category-portada"],"post_mailing_queue_ids":[],"_links":{"self":[{"href":"https:\/\/agora.xtec.cat\/iessert\/wp-json\/wp\/v2\/posts\/7000","targetHints":{"allow":["GET"]}}],"collection":[{"href":"https:\/\/agora.xtec.cat\/iessert\/wp-json\/wp\/v2\/posts"}],"about":[{"href":"https:\/\/agora.xtec.cat\/iessert\/wp-json\/wp\/v2\/types\/post"}],"author":[{"embeddable":true,"href":"https:\/\/agora.xtec.cat\/iessert\/wp-json\/wp\/v2\/users\/1"}],"replies":[{"embeddable":true,"href":"https:\/\/agora.xtec.cat\/iessert\/wp-json\/wp\/v2\/comments?post=7000"}],"version-history":[{"count":1,"href":"https:\/\/agora.xtec.cat\/iessert\/wp-json\/wp\/v2\/posts\/7000\/revisions"}],"predecessor-version":[{"id":7004,"href":"https:\/\/agora.xtec.cat\/iessert\/wp-json\/wp\/v2\/posts\/7000\/revisions\/7004"}],"wp:featuredmedia":[{"embeddable":true,"href":"https:\/\/agora.xtec.cat\/iessert\/wp-json\/wp\/v2\/media\/7001"}],"wp:attachment":[{"href":"https:\/\/agora.xtec.cat\/iessert\/wp-json\/wp\/v2\/media?parent=7000"}],"wp:term":[{"taxonomy":"category","embeddable":true,"href":"https:\/\/agora.xtec.cat\/iessert\/wp-json\/wp\/v2\/categories?post=7000"},{"taxonomy":"post_tag","embeddable":true,"href":"https:\/\/agora.xtec.cat\/iessert\/wp-json\/wp\/v2\/tags?post=7000"}],"curies":[{"name":"wp","href":"https:\/\/api.w.org\/{rel}","templated":true}]}}