{"id":6973,"date":"2022-02-22T08:30:45","date_gmt":"2022-02-22T07:30:45","guid":{"rendered":"https:\/\/agora.xtec.cat\/iessert\/?p=6973"},"modified":"2022-02-22T08:32:09","modified_gmt":"2022-02-22T07:32:09","slug":"alumnes-del-sert-representaran-romancero-gitano-de-federico-garcia-lorca","status":"publish","type":"post","link":"https:\/\/agora.xtec.cat\/iessert\/batxillerat\/alumnes-del-sert-representaran-romancero-gitano-de-federico-garcia-lorca\/","title":{"rendered":"ALUMNES DEL SERT REPRESENTARAN \u201cROMANCERO GITANO\u201d, DE FEDERICO GARC\u00cdA LORCA"},"content":{"rendered":"<p style=\"text-align: justify;\"><b>L\u2019espectacle, on intervenen principalment alumnes de 2n Batxillerat, s\u2019oferir\u00e0 amb la modalitat de taquilla inversa per a tot tipus de p\u00fablic el 2 d\u2019abril a les 19h, a la Sala Centre C\u00edvic Vistalegre.<\/b><\/p>\n<p style=\"text-align: justify;\">Com a resultat d\u2019una idea sorgida durant les classes de Literatura Castellana de 2n de Batxillerat, 10 alumnes estan preparant una versi\u00f3 dramatitzada del fam\u00f3s poemari de l\u2019autor de la Generaci\u00f3 del 27. El text forma part de les lectures obligat\u00f2ries de les PAU 2022 per a l\u2019esmentada mat\u00e8ria. El departament de Llengua Castellana se\u2019n fa c\u00e0rrec de la direcci\u00f3 i posada en escena, per\u00f2 tamb\u00e9 hi intervenen els departaments de M\u00fasica i Pl\u00e0stica.<\/p>\n<p style=\"text-align: justify;\">Els alumnes estan fent un esfor\u00e7 important, ja que, tot i trobar-se en el darrer curs de Batxillerat, assagen un cop a la setmana despr\u00e9s de les classes i tamb\u00e9 durant alguns esbarjos. La intenci\u00f3 \u00e9s la d\u2019arribar a un espectacle integral, on hi hagi m\u00fasica, dansa, veus i moviment.<\/p>\n<p style=\"text-align: justify;\">No cal dir que, a cinc setmanes de la representaci\u00f3, qualsevol ajut per part de qualsevol membre de la comunitat educativa ser\u00e0 benvingut, ara que ja cal anar enllestint detalls, principalment d\u2019escenografia i vestuari.<\/p>\n<p style=\"text-align: justify;\">Properament s\u2019informar\u00e0 de m\u00e9s detalls per a poder gaudir d\u2019aquest espectacle, que continua la coneguda tradici\u00f3 teatral del nostre centre.<\/p>\n<p><a href=\"https:\/\/agora.xtec.cat\/iessert\/wp-content\/uploads\/usu642\/2022\/02\/IMG_0695.jpg\"><img loading=\"lazy\" decoding=\"async\" class=\"alignnone size-large wp-image-6974\" src=\"https:\/\/agora.xtec.cat\/iessert\/wp-content\/uploads\/usu642\/2022\/02\/IMG_0695-1024x683.jpg\" alt=\"\" width=\"1024\" height=\"683\" srcset=\"https:\/\/agora.xtec.cat\/iessert\/wp-content\/uploads\/usu642\/2022\/02\/IMG_0695-1024x683.jpg 1024w, https:\/\/agora.xtec.cat\/iessert\/wp-content\/uploads\/usu642\/2022\/02\/IMG_0695-300x200.jpg 300w, https:\/\/agora.xtec.cat\/iessert\/wp-content\/uploads\/usu642\/2022\/02\/IMG_0695-768x512.jpg 768w, https:\/\/agora.xtec.cat\/iessert\/wp-content\/uploads\/usu642\/2022\/02\/IMG_0695-1536x1024.jpg 1536w, https:\/\/agora.xtec.cat\/iessert\/wp-content\/uploads\/usu642\/2022\/02\/IMG_0695.jpg 2016w\" sizes=\"auto, (max-width: 1024px) 100vw, 1024px\" \/><\/a><\/p>\n","protected":false},"excerpt":{"rendered":"<p>L\u2019espectacle, on intervenen principalment alumnes de 2n Batxillerat, s\u2019oferir\u00e0 amb la modalitat de taquilla inversa per a tot tipus de p\u00fablic el 2 d\u2019abril a les 19h, a la Sala Centre C\u00edvic Vistalegre<\/p>\n","protected":false},"author":1,"featured_media":6974,"comment_status":"closed","ping_status":"closed","sticky":false,"template":"","format":"standard","meta":{"_bbp_topic_count":0,"_bbp_reply_count":0,"_bbp_total_topic_count":0,"_bbp_total_reply_count":0,"_bbp_voice_count":0,"_bbp_anonymous_reply_count":0,"_bbp_topic_count_hidden":0,"_bbp_reply_count_hidden":0,"_bbp_forum_subforum_count":0,"site-sidebar-layout":"default","site-content-layout":"","ast-site-content-layout":"","site-content-style":"default","site-sidebar-style":"default","ast-global-header-display":"","ast-banner-title-visibility":"","ast-main-header-display":"","ast-hfb-above-header-display":"","ast-hfb-below-header-display":"","ast-hfb-mobile-header-display":"","site-post-title":"","ast-breadcrumbs-content":"","ast-featured-img":"","footer-sml-layout":"","theme-transparent-header-meta":"","adv-header-id-meta":"","stick-header-meta":"","header-above-stick-meta":"","header-main-stick-meta":"","header-below-stick-meta":"","astra-migrate-meta-layouts":"default","ast-page-background-enabled":"default","ast-page-background-meta":{"desktop":{"background-color":"var(--ast-global-color-4)","background-image":"","background-repeat":"repeat","background-position":"center center","background-size":"auto","background-attachment":"scroll","background-type":"","background-media":"","overlay-type":"","overlay-color":"","overlay-opacity":"","overlay-gradient":""},"tablet":{"background-color":"","background-image":"","background-repeat":"repeat","background-position":"center center","background-size":"auto","background-attachment":"scroll","background-type":"","background-media":"","overlay-type":"","overlay-color":"","overlay-opacity":"","overlay-gradient":""},"mobile":{"background-color":"","background-image":"","background-repeat":"repeat","background-position":"center center","background-size":"auto","background-attachment":"scroll","background-type":"","background-media":"","overlay-type":"","overlay-color":"","overlay-opacity":"","overlay-gradient":""}},"ast-content-background-meta":{"desktop":{"background-color":"var(--ast-global-color-5)","background-image":"","background-repeat":"repeat","background-position":"center center","background-size":"auto","background-attachment":"scroll","background-type":"","background-media":"","overlay-type":"","overlay-color":"","overlay-opacity":"","overlay-gradient":""},"tablet":{"background-color":"var(--ast-global-color-5)","background-image":"","background-repeat":"repeat","background-position":"center center","background-size":"auto","background-attachment":"scroll","background-type":"","background-media":"","overlay-type":"","overlay-color":"","overlay-opacity":"","overlay-gradient":""},"mobile":{"background-color":"var(--ast-global-color-5)","background-image":"","background-repeat":"repeat","background-position":"center center","background-size":"auto","background-attachment":"scroll","background-type":"","background-media":"","overlay-type":"","overlay-color":"","overlay-opacity":"","overlay-gradient":""}},"footnotes":""},"categories":[8,136,29],"tags":[],"class_list":["post-6973","post","type-post","status-publish","format-standard","has-post-thumbnail","hentry","category-batxillerat","category-llengua-i-literatura-castellana","category-portada"],"post_mailing_queue_ids":[],"_links":{"self":[{"href":"https:\/\/agora.xtec.cat\/iessert\/wp-json\/wp\/v2\/posts\/6973","targetHints":{"allow":["GET"]}}],"collection":[{"href":"https:\/\/agora.xtec.cat\/iessert\/wp-json\/wp\/v2\/posts"}],"about":[{"href":"https:\/\/agora.xtec.cat\/iessert\/wp-json\/wp\/v2\/types\/post"}],"author":[{"embeddable":true,"href":"https:\/\/agora.xtec.cat\/iessert\/wp-json\/wp\/v2\/users\/1"}],"replies":[{"embeddable":true,"href":"https:\/\/agora.xtec.cat\/iessert\/wp-json\/wp\/v2\/comments?post=6973"}],"version-history":[{"count":2,"href":"https:\/\/agora.xtec.cat\/iessert\/wp-json\/wp\/v2\/posts\/6973\/revisions"}],"predecessor-version":[{"id":6976,"href":"https:\/\/agora.xtec.cat\/iessert\/wp-json\/wp\/v2\/posts\/6973\/revisions\/6976"}],"wp:featuredmedia":[{"embeddable":true,"href":"https:\/\/agora.xtec.cat\/iessert\/wp-json\/wp\/v2\/media\/6974"}],"wp:attachment":[{"href":"https:\/\/agora.xtec.cat\/iessert\/wp-json\/wp\/v2\/media?parent=6973"}],"wp:term":[{"taxonomy":"category","embeddable":true,"href":"https:\/\/agora.xtec.cat\/iessert\/wp-json\/wp\/v2\/categories?post=6973"},{"taxonomy":"post_tag","embeddable":true,"href":"https:\/\/agora.xtec.cat\/iessert\/wp-json\/wp\/v2\/tags?post=6973"}],"curies":[{"name":"wp","href":"https:\/\/api.w.org\/{rel}","templated":true}]}}