{"id":6960,"date":"2022-02-21T09:56:53","date_gmt":"2022-02-21T08:56:53","guid":{"rendered":"https:\/\/agora.xtec.cat\/iessert\/?p=6960"},"modified":"2022-02-21T09:56:53","modified_gmt":"2022-02-21T08:56:53","slug":"el-servei-comunitari-de-4eso-comenca-a-lolla-del-rei","status":"publish","type":"post","link":"https:\/\/agora.xtec.cat\/iessert\/eso\/eso-4\/el-servei-comunitari-de-4eso-comenca-a-lolla-del-rei\/","title":{"rendered":"EL SERVEI COMUNITARI DE 4ESO COMEN\u00c7A A L&#8217;OLLA DEL REI"},"content":{"rendered":"<p style=\"text-align: justify;\">El passat 4 de febrer alguns alumnes de 4ESO ja van comen\u00e7ar el seu cicle de 10 hores de Servei Comunitari. Durant el que resta de curs, i com a part del curr\u00edlum de 2n Cicle d\u2019ESO, tot l\u2019alumnat de 4ESO oferir\u00e0 els seus serveis en algun dels cinc \u00e0mbits establerts per la coordinaci\u00f3 del centre (Solidaritat i cooperaci\u00f3, Participaci\u00f3 ciutadana, Suport a necessitats b\u00e0siques, Acompanyament a l\u2019escolaritzaci\u00f3 i Medi ambient).<\/p>\n<p style=\"text-align: justify;\">Precisament, dins del marc d\u2019aquest darrer \u00e0mbit, un grup redu\u00eft d\u2019alumnes va muntar cinc caixes-niu que seran instal.lades en l\u2019Olla del Rei, espai verd molt proper al centre i d\u2019un gran valor mediambiental i ornitol\u00f2gic. Es tracta d\u2019un projecte anomenat \u201cSeguiment de caixes-niu i menjadores per ocells\u201d, que compta amb l\u2019ajut inestimable de la Laura Vilardell i la Marta Segarra, dues expertes integrants de la Plataforma \u201cSalvem l\u2019Olla del Rei, i amb la la col.laboraci\u00f3 de la Regidoria de Medi Ambient de l\u2019ajuntament de Castelldefels. Aquests alumnes faran duran els propers mesos censos i observacions d\u2019aus di\u00fcrnes i nocturnes. L\u2019objectiu \u00e9s sensibilitzar la poblaci\u00f3 del gran valor ornitol\u00f2gic que posseeix aquest espai.<\/p>\n<p style=\"text-align: center;\"><a href=\"https:\/\/agora.xtec.cat\/iessert\/wp-content\/uploads\/usu642\/2022\/02\/IMG_0632.jpg\"><img loading=\"lazy\" decoding=\"async\" class=\"alignnone  wp-image-6961\" src=\"https:\/\/agora.xtec.cat\/iessert\/wp-content\/uploads\/usu642\/2022\/02\/IMG_0632-629x1024.jpg\" alt=\"\" width=\"452\" height=\"735\" srcset=\"https:\/\/agora.xtec.cat\/iessert\/wp-content\/uploads\/usu642\/2022\/02\/IMG_0632-629x1024.jpg 629w, https:\/\/agora.xtec.cat\/iessert\/wp-content\/uploads\/usu642\/2022\/02\/IMG_0632-184x300.jpg 184w, https:\/\/agora.xtec.cat\/iessert\/wp-content\/uploads\/usu642\/2022\/02\/IMG_0632-768x1251.jpg 768w, https:\/\/agora.xtec.cat\/iessert\/wp-content\/uploads\/usu642\/2022\/02\/IMG_0632.jpg 871w\" sizes=\"auto, (max-width: 452px) 100vw, 452px\" \/><\/a><\/p>\n<p style=\"text-align: center;\"><a href=\"https:\/\/agora.xtec.cat\/iessert\/wp-content\/uploads\/usu642\/2022\/02\/IMG_0631.jpg\"><img loading=\"lazy\" decoding=\"async\" class=\"alignnone  wp-image-6962\" src=\"https:\/\/agora.xtec.cat\/iessert\/wp-content\/uploads\/usu642\/2022\/02\/IMG_0631-1024x914.jpg\" alt=\"\" width=\"682\" height=\"608\" srcset=\"https:\/\/agora.xtec.cat\/iessert\/wp-content\/uploads\/usu642\/2022\/02\/IMG_0631-1024x914.jpg 1024w, https:\/\/agora.xtec.cat\/iessert\/wp-content\/uploads\/usu642\/2022\/02\/IMG_0631-300x268.jpg 300w, https:\/\/agora.xtec.cat\/iessert\/wp-content\/uploads\/usu642\/2022\/02\/IMG_0631-768x686.jpg 768w, https:\/\/agora.xtec.cat\/iessert\/wp-content\/uploads\/usu642\/2022\/02\/IMG_0631-1536x1371.jpg 1536w, https:\/\/agora.xtec.cat\/iessert\/wp-content\/uploads\/usu642\/2022\/02\/IMG_0631.jpg 1686w\" sizes=\"auto, (max-width: 682px) 100vw, 682px\" \/><\/a><\/p>\n<p><a href=\"https:\/\/agora.xtec.cat\/iessert\/wp-content\/uploads\/usu642\/2022\/02\/IMG_0564.jpg\"><img loading=\"lazy\" decoding=\"async\" class=\"wp-image-6963 aligncenter\" src=\"https:\/\/agora.xtec.cat\/iessert\/wp-content\/uploads\/usu642\/2022\/02\/IMG_0564-1024x705.jpg\" alt=\"\" width=\"685\" height=\"471\" srcset=\"https:\/\/agora.xtec.cat\/iessert\/wp-content\/uploads\/usu642\/2022\/02\/IMG_0564-1024x705.jpg 1024w, https:\/\/agora.xtec.cat\/iessert\/wp-content\/uploads\/usu642\/2022\/02\/IMG_0564-300x207.jpg 300w, https:\/\/agora.xtec.cat\/iessert\/wp-content\/uploads\/usu642\/2022\/02\/IMG_0564-768x529.jpg 768w, https:\/\/agora.xtec.cat\/iessert\/wp-content\/uploads\/usu642\/2022\/02\/IMG_0564-1536x1058.jpg 1536w, https:\/\/agora.xtec.cat\/iessert\/wp-content\/uploads\/usu642\/2022\/02\/IMG_0564.jpg 2016w\" sizes=\"auto, (max-width: 685px) 100vw, 685px\" \/><\/a><\/p>\n<p>&nbsp;<\/p>\n","protected":false},"excerpt":{"rendered":"<p>El passat 4 de febrer alguns alumnes de 4ESO ja van comen\u00e7ar el seu cicle de 10 hores de Servei Comunitari<\/p>\n","protected":false},"author":1,"featured_media":6964,"comment_status":"closed","ping_status":"closed","sticky":false,"template":"","format":"standard","meta":{"_bbp_topic_count":0,"_bbp_reply_count":0,"_bbp_total_topic_count":0,"_bbp_total_reply_count":0,"_bbp_voice_count":0,"_bbp_anonymous_reply_count":0,"_bbp_topic_count_hidden":0,"_bbp_reply_count_hidden":0,"_bbp_forum_subforum_count":0,"site-sidebar-layout":"default","site-content-layout":"","ast-site-content-layout":"","site-content-style":"default","site-sidebar-style":"default","ast-global-header-display":"","ast-banner-title-visibility":"","ast-main-header-display":"","ast-hfb-above-header-display":"","ast-hfb-below-header-display":"","ast-hfb-mobile-header-display":"","site-post-title":"","ast-breadcrumbs-content":"","ast-featured-img":"","footer-sml-layout":"","theme-transparent-header-meta":"","adv-header-id-meta":"","stick-header-meta":"","header-above-stick-meta":"","header-main-stick-meta":"","header-below-stick-meta":"","astra-migrate-meta-layouts":"default","ast-page-background-enabled":"default","ast-page-background-meta":{"desktop":{"background-color":"var(--ast-global-color-4)","background-image":"","background-repeat":"repeat","background-position":"center center","background-size":"auto","background-attachment":"scroll","background-type":"","background-media":"","overlay-type":"","overlay-color":"","overlay-opacity":"","overlay-gradient":""},"tablet":{"background-color":"","background-image":"","background-repeat":"repeat","background-position":"center center","background-size":"auto","background-attachment":"scroll","background-type":"","background-media":"","overlay-type":"","overlay-color":"","overlay-opacity":"","overlay-gradient":""},"mobile":{"background-color":"","background-image":"","background-repeat":"repeat","background-position":"center center","background-size":"auto","background-attachment":"scroll","background-type":"","background-media":"","overlay-type":"","overlay-color":"","overlay-opacity":"","overlay-gradient":""}},"ast-content-background-meta":{"desktop":{"background-color":"var(--ast-global-color-5)","background-image":"","background-repeat":"repeat","background-position":"center center","background-size":"auto","background-attachment":"scroll","background-type":"","background-media":"","overlay-type":"","overlay-color":"","overlay-opacity":"","overlay-gradient":""},"tablet":{"background-color":"var(--ast-global-color-5)","background-image":"","background-repeat":"repeat","background-position":"center center","background-size":"auto","background-attachment":"scroll","background-type":"","background-media":"","overlay-type":"","overlay-color":"","overlay-opacity":"","overlay-gradient":""},"mobile":{"background-color":"var(--ast-global-color-5)","background-image":"","background-repeat":"repeat","background-position":"center center","background-size":"auto","background-attachment":"scroll","background-type":"","background-media":"","overlay-type":"","overlay-color":"","overlay-opacity":"","overlay-gradient":""}},"footnotes":""},"categories":[7,29,145],"tags":[],"class_list":["post-6960","post","type-post","status-publish","format-standard","has-post-thumbnail","hentry","category-eso-4","category-portada","category-servei-comunitari"],"post_mailing_queue_ids":[],"_links":{"self":[{"href":"https:\/\/agora.xtec.cat\/iessert\/wp-json\/wp\/v2\/posts\/6960","targetHints":{"allow":["GET"]}}],"collection":[{"href":"https:\/\/agora.xtec.cat\/iessert\/wp-json\/wp\/v2\/posts"}],"about":[{"href":"https:\/\/agora.xtec.cat\/iessert\/wp-json\/wp\/v2\/types\/post"}],"author":[{"embeddable":true,"href":"https:\/\/agora.xtec.cat\/iessert\/wp-json\/wp\/v2\/users\/1"}],"replies":[{"embeddable":true,"href":"https:\/\/agora.xtec.cat\/iessert\/wp-json\/wp\/v2\/comments?post=6960"}],"version-history":[{"count":1,"href":"https:\/\/agora.xtec.cat\/iessert\/wp-json\/wp\/v2\/posts\/6960\/revisions"}],"predecessor-version":[{"id":6965,"href":"https:\/\/agora.xtec.cat\/iessert\/wp-json\/wp\/v2\/posts\/6960\/revisions\/6965"}],"wp:featuredmedia":[{"embeddable":true,"href":"https:\/\/agora.xtec.cat\/iessert\/wp-json\/wp\/v2\/media\/6964"}],"wp:attachment":[{"href":"https:\/\/agora.xtec.cat\/iessert\/wp-json\/wp\/v2\/media?parent=6960"}],"wp:term":[{"taxonomy":"category","embeddable":true,"href":"https:\/\/agora.xtec.cat\/iessert\/wp-json\/wp\/v2\/categories?post=6960"},{"taxonomy":"post_tag","embeddable":true,"href":"https:\/\/agora.xtec.cat\/iessert\/wp-json\/wp\/v2\/tags?post=6960"}],"curies":[{"name":"wp","href":"https:\/\/api.w.org\/{rel}","templated":true}]}}