{"id":6431,"date":"2021-05-20T09:51:14","date_gmt":"2021-05-20T07:51:14","guid":{"rendered":"http:\/\/agora.xtec.cat\/iessert\/?p=6431"},"modified":"2021-05-31T10:00:04","modified_gmt":"2021-05-31T08:00:04","slug":"campanya-de-recollida-daliments-al-sert","status":"publish","type":"post","link":"https:\/\/agora.xtec.cat\/iessert\/eso\/eso-4\/campanya-de-recollida-daliments-al-sert\/","title":{"rendered":"CAMPANYA DE RECOLLIDA D&#8217;ALIMENTS AL SERT (del dijous 20 al divendres 28 de maig)"},"content":{"rendered":"<p dir=\"ltr\">A tota la comunitat educativa de l&#8217;institut Josep Llu\u00eds Sert,<\/p>\n<p dir=\"ltr\" style=\"text-align: justify;\">Som alumnes de 4t d\u2019ESO i estem fent un servei comunitari en col\u00b7laboraci\u00f3 amb C\u00e0ritas. L\u2019objectiu d\u2019aquest projecte es solidaritzar-nos amb les persones m\u00e9s necessitades de Castelldefels. La nostra aportaci\u00f3 a C\u00e0ritas consistir\u00e0 en una recollida d\u2019aliments que es portar\u00e0 a terme els dies 20, 21, 25, 26, 27 i 28 de maig de 10:10h fins a les 10:35h i de 12:35h a 12:50h, durant el primer i segon pati. Els aliments preferibles per portar s\u00f3n: Tonyina, arr\u00f2s, llegums, fruita en conserva, llet, salsa, productes per nadons, pasta, galetes, xocolata i altres productes no pereceders.<\/p>\n<p dir=\"ltr\" style=\"text-align: justify;\">Tamb\u00e9 passarem per les classes de l\u2019institut a informar als alumnes. Cal recordar que aix\u00f2 es completament voluntari i que ning\u00fa est\u00e0 obligat a portar res. Aquests aliments es donaran a C\u00e0ritas, que s\u2019encarregaran que arribin a persones que no es poden permetre comprar certs productes.<\/p>\n<p dir=\"ltr\" style=\"text-align: justify;\">Us adjuntem a continuaci\u00f3 l\u2019enlla\u00e7 de la organitzaci\u00f3 de C\u00e0ritas per si voleu informar-vos sobre on doneu els vostres productes.<\/p>\n<p dir=\"ltr\"><a href=\"https:\/\/www.castelldefels.org\/es\/entitats_benestar.asp?idGuia=7062\" target=\"_blank\" rel=\"noopener noreferrer\" data-saferedirecturl=\"https:\/\/www.google.com\/url?q=https:\/\/www.castelldefels.org\/es\/entitats_benestar.asp?idGuia%3D7062&amp;source=gmail&amp;ust=1621581617661000&amp;usg=AFQjCNEAEgM4dbYjCMdBRjcKNim34ZqQCg\">https:\/\/www.castelldefels.org\/<wbr \/>es\/entitats_benestar.asp?<wbr \/>idGuia=7062<\/a><\/p>\n<p dir=\"ltr\"><strong>ACTUALITZACI\u00d3 26 DE MAIG: Necessitem m\u00e9s aliments i queden pocs dies, per aix\u00f2 ampliem la recollida fins el divendres 28! Us animem a ajudar-nos en aquest projecte! Gr\u00e0cies!\u00a0<\/strong><\/p>\n<p dir=\"ltr\" style=\"text-align: center;\"><a href=\"https:\/\/agora.xtec.cat\/iessert\/wp-content\/uploads\/usu642\/2021\/05\/62BA0B6C-6A05-4269-8F30-38F12D7DF93C.jpg\"><img loading=\"lazy\" decoding=\"async\" class=\"alignnone wp-image-6452\" src=\"https:\/\/agora.xtec.cat\/iessert\/wp-content\/uploads\/usu642\/2021\/05\/62BA0B6C-6A05-4269-8F30-38F12D7DF93C-576x1024.jpg\" alt=\"\" width=\"364\" height=\"647\" srcset=\"https:\/\/agora.xtec.cat\/iessert\/wp-content\/uploads\/usu642\/2021\/05\/62BA0B6C-6A05-4269-8F30-38F12D7DF93C-576x1024.jpg 576w, https:\/\/agora.xtec.cat\/iessert\/wp-content\/uploads\/usu642\/2021\/05\/62BA0B6C-6A05-4269-8F30-38F12D7DF93C-169x300.jpg 169w, https:\/\/agora.xtec.cat\/iessert\/wp-content\/uploads\/usu642\/2021\/05\/62BA0B6C-6A05-4269-8F30-38F12D7DF93C-768x1365.jpg 768w, https:\/\/agora.xtec.cat\/iessert\/wp-content\/uploads\/usu642\/2021\/05\/62BA0B6C-6A05-4269-8F30-38F12D7DF93C.jpg 1170w\" sizes=\"auto, (max-width: 364px) 100vw, 364px\" \/><\/a><\/p>\n<p dir=\"ltr\" style=\"text-align: center;\"><a href=\"https:\/\/agora.xtec.cat\/iessert\/wp-content\/uploads\/usu642\/2021\/05\/Screenshot-2021-05-18-17.34.38-1.png\"><img loading=\"lazy\" decoding=\"async\" class=\"alignnone wp-image-6437\" src=\"https:\/\/agora.xtec.cat\/iessert\/wp-content\/uploads\/usu642\/2021\/05\/Screenshot-2021-05-18-17.34.38-1.png\" alt=\"\" width=\"435\" height=\"618\" srcset=\"https:\/\/agora.xtec.cat\/iessert\/wp-content\/uploads\/usu642\/2021\/05\/Screenshot-2021-05-18-17.34.38-1.png 541w, https:\/\/agora.xtec.cat\/iessert\/wp-content\/uploads\/usu642\/2021\/05\/Screenshot-2021-05-18-17.34.38-1-211x300.png 211w\" sizes=\"auto, (max-width: 435px) 100vw, 435px\" \/><\/a><\/p>\n<p dir=\"ltr\">\n","protected":false},"excerpt":{"rendered":"<p>Un grup d&#8217;alumnes de 4t ESO organitzen una campanya de recollida d&#8217;aliments per C\u00e0ritas<\/p>\n","protected":false},"author":1,"featured_media":6433,"comment_status":"closed","ping_status":"closed","sticky":false,"template":"","format":"standard","meta":{"_bbp_topic_count":0,"_bbp_reply_count":0,"_bbp_total_topic_count":0,"_bbp_total_reply_count":0,"_bbp_voice_count":0,"_bbp_anonymous_reply_count":0,"_bbp_topic_count_hidden":0,"_bbp_reply_count_hidden":0,"_bbp_forum_subforum_count":0,"site-sidebar-layout":"default","site-content-layout":"","ast-site-content-layout":"","site-content-style":"default","site-sidebar-style":"default","ast-global-header-display":"","ast-banner-title-visibility":"","ast-main-header-display":"","ast-hfb-above-header-display":"","ast-hfb-below-header-display":"","ast-hfb-mobile-header-display":"","site-post-title":"","ast-breadcrumbs-content":"","ast-featured-img":"","footer-sml-layout":"","theme-transparent-header-meta":"","adv-header-id-meta":"","stick-header-meta":"","header-above-stick-meta":"","header-main-stick-meta":"","header-below-stick-meta":"","astra-migrate-meta-layouts":"default","ast-page-background-enabled":"default","ast-page-background-meta":{"desktop":{"background-color":"var(--ast-global-color-4)","background-image":"","background-repeat":"repeat","background-position":"center center","background-size":"auto","background-attachment":"scroll","background-type":"","background-media":"","overlay-type":"","overlay-color":"","overlay-opacity":"","overlay-gradient":""},"tablet":{"background-color":"","background-image":"","background-repeat":"repeat","background-position":"center center","background-size":"auto","background-attachment":"scroll","background-type":"","background-media":"","overlay-type":"","overlay-color":"","overlay-opacity":"","overlay-gradient":""},"mobile":{"background-color":"","background-image":"","background-repeat":"repeat","background-position":"center center","background-size":"auto","background-attachment":"scroll","background-type":"","background-media":"","overlay-type":"","overlay-color":"","overlay-opacity":"","overlay-gradient":""}},"ast-content-background-meta":{"desktop":{"background-color":"var(--ast-global-color-5)","background-image":"","background-repeat":"repeat","background-position":"center center","background-size":"auto","background-attachment":"scroll","background-type":"","background-media":"","overlay-type":"","overlay-color":"","overlay-opacity":"","overlay-gradient":""},"tablet":{"background-color":"var(--ast-global-color-5)","background-image":"","background-repeat":"repeat","background-position":"center center","background-size":"auto","background-attachment":"scroll","background-type":"","background-media":"","overlay-type":"","overlay-color":"","overlay-opacity":"","overlay-gradient":""},"mobile":{"background-color":"var(--ast-global-color-5)","background-image":"","background-repeat":"repeat","background-position":"center center","background-size":"auto","background-attachment":"scroll","background-type":"","background-media":"","overlay-type":"","overlay-color":"","overlay-opacity":"","overlay-gradient":""}},"footnotes":""},"categories":[7,29,145],"tags":[],"class_list":["post-6431","post","type-post","status-publish","format-standard","has-post-thumbnail","hentry","category-eso-4","category-portada","category-servei-comunitari"],"post_mailing_queue_ids":[],"_links":{"self":[{"href":"https:\/\/agora.xtec.cat\/iessert\/wp-json\/wp\/v2\/posts\/6431","targetHints":{"allow":["GET"]}}],"collection":[{"href":"https:\/\/agora.xtec.cat\/iessert\/wp-json\/wp\/v2\/posts"}],"about":[{"href":"https:\/\/agora.xtec.cat\/iessert\/wp-json\/wp\/v2\/types\/post"}],"author":[{"embeddable":true,"href":"https:\/\/agora.xtec.cat\/iessert\/wp-json\/wp\/v2\/users\/1"}],"replies":[{"embeddable":true,"href":"https:\/\/agora.xtec.cat\/iessert\/wp-json\/wp\/v2\/comments?post=6431"}],"version-history":[{"count":4,"href":"https:\/\/agora.xtec.cat\/iessert\/wp-json\/wp\/v2\/posts\/6431\/revisions"}],"predecessor-version":[{"id":6455,"href":"https:\/\/agora.xtec.cat\/iessert\/wp-json\/wp\/v2\/posts\/6431\/revisions\/6455"}],"wp:featuredmedia":[{"embeddable":true,"href":"https:\/\/agora.xtec.cat\/iessert\/wp-json\/wp\/v2\/media\/6433"}],"wp:attachment":[{"href":"https:\/\/agora.xtec.cat\/iessert\/wp-json\/wp\/v2\/media?parent=6431"}],"wp:term":[{"taxonomy":"category","embeddable":true,"href":"https:\/\/agora.xtec.cat\/iessert\/wp-json\/wp\/v2\/categories?post=6431"},{"taxonomy":"post_tag","embeddable":true,"href":"https:\/\/agora.xtec.cat\/iessert\/wp-json\/wp\/v2\/tags?post=6431"}],"curies":[{"name":"wp","href":"https:\/\/api.w.org\/{rel}","templated":true}]}}