{"id":6419,"date":"2021-05-17T13:26:58","date_gmt":"2021-05-17T11:26:58","guid":{"rendered":"http:\/\/agora.xtec.cat\/iessert\/?p=6419"},"modified":"2021-05-17T13:26:58","modified_gmt":"2021-05-17T11:26:58","slug":"corarts-2021","status":"publish","type":"post","link":"https:\/\/agora.xtec.cat\/iessert\/portada\/corarts-2021\/","title":{"rendered":"CORARTS 2021"},"content":{"rendered":"<p style=\"text-align: justify;\"><span lang=\"CA\">Un any m\u00e9s l\u2019Institut Josep Llu\u00eds Sert ha participat a CORARTS, la trobada de corals dels centres de secund\u00e0ria i prim\u00e0ria de Catalunya. Enguany el fil conductor de la trobada\u00a0ha estat\u00a0\u00ab La carta a la terra\u00bb,\u00a0un document que promou:\u00a0el respecte i cura de la comunitat de vida, la integritat ecol\u00f2gica, els drets humans, el respecte a la diversitat, la just\u00edcia econ\u00f2mica i una cultura de pau, entre altres.<u><\/u><u><\/u><\/span><\/p>\n<p style=\"text-align: justify;\"><span lang=\"CA\">El nostre centre va interpretar les can\u00e7ons\u00a0<i>No ens desdibuixeu\u00a0<\/i>del grup PeTaCa i\u00a0<i>Escriurem<\/i>\u00a0de Miki Nu\u00f1ez. Aquesta trobada ha tingut la particularitat d\u2019haver estat telem\u00e0tica\u00a0degut a la\u00a0COVID.\u00a0Aix\u00ed tot hem pogut gaudir de fer m\u00fasica junts\u00a0amb\u00a0la satisfacci\u00f3 que suposa. Enhorabona nois i noies per la vostra feina. Esperem poder repetir l\u2019any vinent, i si \u00e9s possible, presencialment!<\/span><\/p>\n<p><a href=\"https:\/\/agora.xtec.cat\/iessert\/wp-content\/uploads\/usu642\/2021\/05\/Corarts-foto-cartell.png\"><img loading=\"lazy\" decoding=\"async\" class=\"wp-image-6420 aligncenter\" src=\"https:\/\/agora.xtec.cat\/iessert\/wp-content\/uploads\/usu642\/2021\/05\/Corarts-foto-cartell-1024x768.png\" alt=\"\" width=\"599\" height=\"450\" srcset=\"https:\/\/agora.xtec.cat\/iessert\/wp-content\/uploads\/usu642\/2021\/05\/Corarts-foto-cartell.png 1024w, https:\/\/agora.xtec.cat\/iessert\/wp-content\/uploads\/usu642\/2021\/05\/Corarts-foto-cartell-300x225.png 300w, https:\/\/agora.xtec.cat\/iessert\/wp-content\/uploads\/usu642\/2021\/05\/Corarts-foto-cartell-768x576.png 768w, https:\/\/agora.xtec.cat\/iessert\/wp-content\/uploads\/usu642\/2021\/05\/Corarts-foto-cartell-200x150.png 200w\" sizes=\"auto, (max-width: 599px) 100vw, 599px\" \/><\/a><\/p>\n<p>Podeu veure m\u00e9s fotografies d&#8217;aquesta activitat <a href=\"https:\/\/drive.google.com\/drive\/folders\/1lFphZyxTRscuAJ7zrz_KTKynu5zz9n7E?usp=sharing\">AQU\u00cd<\/a>.<\/p>\n<p>&nbsp;<\/p>\n","protected":false},"excerpt":{"rendered":"<p>Un any m\u00e9s l\u2019Institut Josep Llu\u00eds Sert ha participat a CORARTS, la trobada de corals dels centres de secund\u00e0ria i prim\u00e0ria de Catalunya<\/p>\n","protected":false},"author":1,"featured_media":6420,"comment_status":"closed","ping_status":"closed","sticky":false,"template":"","format":"standard","meta":{"_bbp_topic_count":0,"_bbp_reply_count":0,"_bbp_total_topic_count":0,"_bbp_total_reply_count":0,"_bbp_voice_count":0,"_bbp_anonymous_reply_count":0,"_bbp_topic_count_hidden":0,"_bbp_reply_count_hidden":0,"_bbp_forum_subforum_count":0,"site-sidebar-layout":"default","site-content-layout":"","ast-site-content-layout":"","site-content-style":"default","site-sidebar-style":"default","ast-global-header-display":"","ast-banner-title-visibility":"","ast-main-header-display":"","ast-hfb-above-header-display":"","ast-hfb-below-header-display":"","ast-hfb-mobile-header-display":"","site-post-title":"","ast-breadcrumbs-content":"","ast-featured-img":"","footer-sml-layout":"","theme-transparent-header-meta":"","adv-header-id-meta":"","stick-header-meta":"","header-above-stick-meta":"","header-main-stick-meta":"","header-below-stick-meta":"","astra-migrate-meta-layouts":"default","ast-page-background-enabled":"default","ast-page-background-meta":{"desktop":{"background-color":"var(--ast-global-color-4)","background-image":"","background-repeat":"repeat","background-position":"center center","background-size":"auto","background-attachment":"scroll","background-type":"","background-media":"","overlay-type":"","overlay-color":"","overlay-opacity":"","overlay-gradient":""},"tablet":{"background-color":"","background-image":"","background-repeat":"repeat","background-position":"center center","background-size":"auto","background-attachment":"scroll","background-type":"","background-media":"","overlay-type":"","overlay-color":"","overlay-opacity":"","overlay-gradient":""},"mobile":{"background-color":"","background-image":"","background-repeat":"repeat","background-position":"center center","background-size":"auto","background-attachment":"scroll","background-type":"","background-media":"","overlay-type":"","overlay-color":"","overlay-opacity":"","overlay-gradient":""}},"ast-content-background-meta":{"desktop":{"background-color":"var(--ast-global-color-5)","background-image":"","background-repeat":"repeat","background-position":"center center","background-size":"auto","background-attachment":"scroll","background-type":"","background-media":"","overlay-type":"","overlay-color":"","overlay-opacity":"","overlay-gradient":""},"tablet":{"background-color":"var(--ast-global-color-5)","background-image":"","background-repeat":"repeat","background-position":"center center","background-size":"auto","background-attachment":"scroll","background-type":"","background-media":"","overlay-type":"","overlay-color":"","overlay-opacity":"","overlay-gradient":""},"mobile":{"background-color":"var(--ast-global-color-5)","background-image":"","background-repeat":"repeat","background-position":"center center","background-size":"auto","background-attachment":"scroll","background-type":"","background-media":"","overlay-type":"","overlay-color":"","overlay-opacity":"","overlay-gradient":""}},"footnotes":""},"categories":[90,29],"tags":[],"class_list":["post-6419","post","type-post","status-publish","format-standard","has-post-thumbnail","hentry","category-musica","category-portada"],"post_mailing_queue_ids":[],"_links":{"self":[{"href":"https:\/\/agora.xtec.cat\/iessert\/wp-json\/wp\/v2\/posts\/6419","targetHints":{"allow":["GET"]}}],"collection":[{"href":"https:\/\/agora.xtec.cat\/iessert\/wp-json\/wp\/v2\/posts"}],"about":[{"href":"https:\/\/agora.xtec.cat\/iessert\/wp-json\/wp\/v2\/types\/post"}],"author":[{"embeddable":true,"href":"https:\/\/agora.xtec.cat\/iessert\/wp-json\/wp\/v2\/users\/1"}],"replies":[{"embeddable":true,"href":"https:\/\/agora.xtec.cat\/iessert\/wp-json\/wp\/v2\/comments?post=6419"}],"version-history":[{"count":1,"href":"https:\/\/agora.xtec.cat\/iessert\/wp-json\/wp\/v2\/posts\/6419\/revisions"}],"predecessor-version":[{"id":6421,"href":"https:\/\/agora.xtec.cat\/iessert\/wp-json\/wp\/v2\/posts\/6419\/revisions\/6421"}],"wp:featuredmedia":[{"embeddable":true,"href":"https:\/\/agora.xtec.cat\/iessert\/wp-json\/wp\/v2\/media\/6420"}],"wp:attachment":[{"href":"https:\/\/agora.xtec.cat\/iessert\/wp-json\/wp\/v2\/media?parent=6419"}],"wp:term":[{"taxonomy":"category","embeddable":true,"href":"https:\/\/agora.xtec.cat\/iessert\/wp-json\/wp\/v2\/categories?post=6419"},{"taxonomy":"post_tag","embeddable":true,"href":"https:\/\/agora.xtec.cat\/iessert\/wp-json\/wp\/v2\/tags?post=6419"}],"curies":[{"name":"wp","href":"https:\/\/api.w.org\/{rel}","templated":true}]}}