{"id":5936,"date":"2020-10-27T07:55:35","date_gmt":"2020-10-27T06:55:35","guid":{"rendered":"http:\/\/agora.xtec.cat\/iessert\/?p=5936"},"modified":"2020-12-23T17:08:30","modified_gmt":"2020-12-23T16:08:30","slug":"festa-de-larquitectura","status":"publish","type":"post","link":"https:\/\/agora.xtec.cat\/iessert\/portada\/festa-de-larquitectura\/","title":{"rendered":"FESTA DE L&#8217;ARQUITECTURA"},"content":{"rendered":"<p style=\"text-align: justify;\">El passat divendres tres grups d&#8217;alumnes de 4t d&#8217;ESO i 1r de Batxillerat i alguns professors van estar col.laborant en la festa de l&#8217;arquitectura. Aquest acte, que inicialment havia estat programat pel cap de setmana del divendres 16 al diumenge 18 d&#8217;octubre, va haver de posposar-se degut a les restriccions per la Covid 19. Els treballs per acabar les estructures continuaran el divendres 6 de novembre. A continuaci\u00f3 podeu veure algunes fotografies de la jornada.<\/p>\n<h6><a href=\"https:\/\/drive.google.com\/drive\/folders\/1f0388_luTWdSMU1nPhF77Kbq2ne-6Iiw?usp=sharing\">FESTA DE L&#8217;ARQUITECTURA<\/a><\/h6>\n<p>&nbsp;<\/p>\n<p>Tamb\u00e9 podeu llegir alguns articles de premsa sobre aquesta not\u00edcia:<\/p>\n<h6><a href=\"https:\/\/www.lavanguardia.com\/local\/baix-llobregat\/20201022\/484228034767\/coac-transformara-patio-instituto-castelldefels-clases.html\">LA VANGUARDIA<\/a><\/h6>\n<h6><a href=\"https:\/\/www.lapremsadelbaix.es\/noticies\/societat\/27475-es-transformara-el-pati-d-una-escola-de-castelldefels-per-fer-hi-classes.html\">LA PREMSA DEL BAIX<\/a><\/h6>\n<h6><a href=\"https:\/\/www.larepublica.cat\/minut-a-minut\/els-alumnes-de-lies-josep-lluis-sert-de-castelldefels-transformaran-el-pati-del-centre-per-fer-hi-classes\/\">LA REP\u00daBLICA<\/a><\/h6>\n<p>&nbsp;<\/p>\n<p>A m\u00e9s, en el seg\u00fcent v\u00eddeo podreu veure una presentaci\u00f3 de la construcci\u00f3 d&#8217;estructures de bamb\u00fa:<\/p>\n<h6><a href=\"https:\/\/www.wevideo.com\/view\/1877114371\">V\u00cdDEO BAMB\u00da<\/a><\/h6>\n<p>&nbsp;<\/p>\n","protected":false},"excerpt":{"rendered":"<p>Divendres passat un grup d&#8217;alumnes i professors van comen\u00e7ar a construir les estructures de bamb\u00fa<\/p>\n","protected":false},"author":1,"featured_media":5937,"comment_status":"closed","ping_status":"closed","sticky":false,"template":"","format":"standard","meta":{"_bbp_topic_count":0,"_bbp_reply_count":0,"_bbp_total_topic_count":0,"_bbp_total_reply_count":0,"_bbp_voice_count":0,"_bbp_anonymous_reply_count":0,"_bbp_topic_count_hidden":0,"_bbp_reply_count_hidden":0,"_bbp_forum_subforum_count":0,"site-sidebar-layout":"default","site-content-layout":"","ast-site-content-layout":"","site-content-style":"default","site-sidebar-style":"default","ast-global-header-display":"","ast-banner-title-visibility":"","ast-main-header-display":"","ast-hfb-above-header-display":"","ast-hfb-below-header-display":"","ast-hfb-mobile-header-display":"","site-post-title":"","ast-breadcrumbs-content":"","ast-featured-img":"","footer-sml-layout":"","theme-transparent-header-meta":"","adv-header-id-meta":"","stick-header-meta":"","header-above-stick-meta":"","header-main-stick-meta":"","header-below-stick-meta":"","astra-migrate-meta-layouts":"default","ast-page-background-enabled":"default","ast-page-background-meta":{"desktop":{"background-color":"var(--ast-global-color-4)","background-image":"","background-repeat":"repeat","background-position":"center center","background-size":"auto","background-attachment":"scroll","background-type":"","background-media":"","overlay-type":"","overlay-color":"","overlay-opacity":"","overlay-gradient":""},"tablet":{"background-color":"","background-image":"","background-repeat":"repeat","background-position":"center center","background-size":"auto","background-attachment":"scroll","background-type":"","background-media":"","overlay-type":"","overlay-color":"","overlay-opacity":"","overlay-gradient":""},"mobile":{"background-color":"","background-image":"","background-repeat":"repeat","background-position":"center center","background-size":"auto","background-attachment":"scroll","background-type":"","background-media":"","overlay-type":"","overlay-color":"","overlay-opacity":"","overlay-gradient":""}},"ast-content-background-meta":{"desktop":{"background-color":"var(--ast-global-color-5)","background-image":"","background-repeat":"repeat","background-position":"center center","background-size":"auto","background-attachment":"scroll","background-type":"","background-media":"","overlay-type":"","overlay-color":"","overlay-opacity":"","overlay-gradient":""},"tablet":{"background-color":"var(--ast-global-color-5)","background-image":"","background-repeat":"repeat","background-position":"center center","background-size":"auto","background-attachment":"scroll","background-type":"","background-media":"","overlay-type":"","overlay-color":"","overlay-opacity":"","overlay-gradient":""},"mobile":{"background-color":"var(--ast-global-color-5)","background-image":"","background-repeat":"repeat","background-position":"center center","background-size":"auto","background-attachment":"scroll","background-type":"","background-media":"","overlay-type":"","overlay-color":"","overlay-opacity":"","overlay-gradient":""}},"footnotes":""},"categories":[128,29],"tags":[],"class_list":["post-5936","post","type-post","status-publish","format-standard","has-post-thumbnail","hentry","category-escoles-verdes","category-portada"],"post_mailing_queue_ids":[],"_links":{"self":[{"href":"https:\/\/agora.xtec.cat\/iessert\/wp-json\/wp\/v2\/posts\/5936","targetHints":{"allow":["GET"]}}],"collection":[{"href":"https:\/\/agora.xtec.cat\/iessert\/wp-json\/wp\/v2\/posts"}],"about":[{"href":"https:\/\/agora.xtec.cat\/iessert\/wp-json\/wp\/v2\/types\/post"}],"author":[{"embeddable":true,"href":"https:\/\/agora.xtec.cat\/iessert\/wp-json\/wp\/v2\/users\/1"}],"replies":[{"embeddable":true,"href":"https:\/\/agora.xtec.cat\/iessert\/wp-json\/wp\/v2\/comments?post=5936"}],"version-history":[{"count":3,"href":"https:\/\/agora.xtec.cat\/iessert\/wp-json\/wp\/v2\/posts\/5936\/revisions"}],"predecessor-version":[{"id":5940,"href":"https:\/\/agora.xtec.cat\/iessert\/wp-json\/wp\/v2\/posts\/5936\/revisions\/5940"}],"wp:featuredmedia":[{"embeddable":true,"href":"https:\/\/agora.xtec.cat\/iessert\/wp-json\/wp\/v2\/media\/5937"}],"wp:attachment":[{"href":"https:\/\/agora.xtec.cat\/iessert\/wp-json\/wp\/v2\/media?parent=5936"}],"wp:term":[{"taxonomy":"category","embeddable":true,"href":"https:\/\/agora.xtec.cat\/iessert\/wp-json\/wp\/v2\/categories?post=5936"},{"taxonomy":"post_tag","embeddable":true,"href":"https:\/\/agora.xtec.cat\/iessert\/wp-json\/wp\/v2\/tags?post=5936"}],"curies":[{"name":"wp","href":"https:\/\/api.w.org\/{rel}","templated":true}]}}