{"id":5845,"date":"2020-10-01T09:58:52","date_gmt":"2020-10-01T07:58:52","guid":{"rendered":"http:\/\/agora.xtec.cat\/iessert\/?p=5845"},"modified":"2020-12-23T17:06:53","modified_gmt":"2020-12-23T16:06:53","slug":"festa-de-larquitectura-al-sert-16-17-i-18-octubre","status":"publish","type":"post","link":"https:\/\/agora.xtec.cat\/iessert\/portada\/festa-de-larquitectura-al-sert-16-17-i-18-octubre\/","title":{"rendered":"FESTA DE L&#8217;ARQUITECTURA AL SERT (16, 17 i 18 octubre)"},"content":{"rendered":"<div><b><span style=\"color: #ffffff; font-family: arial, sans-serif; font-size: xx-large;\">CUIDEM<\/span><span style=\"color: #ffffff; font-family: arial, sans-serif; font-size: xx-large;\">\u00a0<\/span><span style=\"color: #ffffff; font-family: arial, sans-serif; font-size: xx-large;\">ELS<\/span><span style=\"color: #ffffff; font-family: arial, sans-serif; font-size: xx-large;\">\u00a0<\/span><span style=\"color: #ffffff; font-family: arial, sans-serif; font-size: xx-large;\">ESPAIS<\/span><span style=\"color: #ffffff; font-family: arial, sans-serif; font-size: xx-large;\">\u00a0<\/span><span style=\"color: #ffffff; font-family: arial, sans-serif; font-size: xx-large;\">D&#8217;<wbr \/>APRENENTATGE<\/span><\/b><\/div>\n<h5 style=\"text-align: center;\">CUIDEM ELS ESPAIS D&#8217;APRENENTATGE<\/h5>\n<div><\/div>\n<div style=\"text-align: center;\"><span style=\"color: #38761d; font-size: xx-large;\"><b>FESTA DE L&#8217;ARQUITECTURA<\/b><\/span><\/div>\n<div style=\"text-align: center;\"><span style=\"color: #38761d; font-size: large;\"><b>del Baix Llobregat<\/b><\/span><\/div>\n<div style=\"text-align: center;\"><b><span style=\"font-size: large;\">a l&#8217;Institut Josep Llu\u00eds Sert de Castelldefels.<\/span><\/b><\/div>\n<div style=\"text-align: center;\"><b><span style=\"color: #ffffff; font-size: large;\">16,17 i 18 d&#8217;octubre de 2020<\/span><\/b><\/div>\n<h5 style=\"text-align: center;\"><b>\u00a0 16, 17 i 18 d&#8217;octubre de 2020<\/b><\/h5>\n<div><\/div>\n<div><\/div>\n<div style=\"text-align: center;\"><b><span style=\"color: #ffffff; font-size: large;\">16,17 i 18 d&#8217;octubre de 2020<\/span><\/b><\/div>\n<h5 style=\"text-align: center;\"><span style=\"text-decoration: underline;\"><strong>DIVENDRES 16<\/strong><\/span><\/h5>\n<div style=\"text-align: center;\"><b><span style=\"color: #ffffff; font-size: large;\">DIVENDRES\u00a0 16<\/span><\/b><\/div>\n<div style=\"text-align: center;\"><\/div>\n<div style=\"text-align: center;\"><span style=\"color: #38761d; font-size: large;\"><b>15-20h |<\/b>\u00a0TALLER DE CONSTRUCCI\u00d3 AMB BAMB\u00da<\/span><\/div>\n<div style=\"text-align: center;\">Comen\u00e7arem a construir dues estructures amb bamb\u00fa al pati de l&#8217;institut.<\/div>\n<div style=\"text-align: center;\">Ho farem en grups de 6 persones i hi participar\u00e0 de tota la comunitat educativa: estudiants, professors i fam\u00edlies.<\/div>\n<div style=\"text-align: center;\"><\/div>\n<p style=\"text-align: center;\"><span style=\"font-size: xx-small;\">Construcci\u00f3 1:<\/span><\/p>\n<div style=\"text-align: center;\"><img loading=\"lazy\" decoding=\"async\" class=\"CToWUd a6T\" tabindex=\"0\" src=\"https:\/\/mail.google.com\/mail\/u\/3?ui=2&amp;ik=6767ba8531&amp;attid=0.3&amp;permmsgid=msg-f:1679158295561977000&amp;th=174d9192c09f3ca8&amp;view=fimg&amp;sz=s0-l75-ft&amp;attbid=ANGjdJ-tO2eyRqXP1zb4wJtchku_ZikeraqbRIyQwRNVrys4UFjvDBJw0-VSb5Wl8m5cpcMIBLoGv7yM2UJO9Axkfrh0iO6Zw08evwKASFWjGz5kMnSxySphgCA6Iik&amp;disp=emb&amp;realattid=ii_kfmskf443\" alt=\"image (1).png\" width=\"290\" height=\"227\" data-image-whitelisted=\"\" \/><\/div>\n<div style=\"text-align: center;\">Construcci\u00f3 2:<\/div>\n<div style=\"text-align: center;\"><img loading=\"lazy\" decoding=\"async\" class=\"CToWUd a6T\" tabindex=\"0\" src=\"https:\/\/mail.google.com\/mail\/u\/3?ui=2&amp;ik=6767ba8531&amp;attid=0.4&amp;permmsgid=msg-f:1679158295561977000&amp;th=174d9192c09f3ca8&amp;view=fimg&amp;sz=s0-l75-ft&amp;attbid=ANGjdJ92KAm9sRXZC53qNT47o0LxweZZw9Shwu4uJIABbTMf24ix0L3qNZ5kcBq27QtFnCwj6BcQBCeZXt5FmhmDLFWPfaoMQ22TohA4l-A3gxmkidL6tFBx7GKwiX4&amp;disp=emb&amp;realattid=ii_kfmsksbe4\" alt=\"image (2).png\" width=\"237\" height=\"243\" data-image-whitelisted=\"\" \/><\/div>\n<div><\/div>\n<div style=\"text-align: center;\"><\/div>\n<div><\/div>\n<h5 style=\"text-align: center;\"><span style=\"text-decoration: underline;\"><strong>DISSABTE 17<\/strong><\/span><\/h5>\n<div style=\"text-align: center;\"><b><span style=\"color: #ffffff; font-size: large;\">DISSABTE\u00a0 17<\/span><\/b><\/div>\n<div style=\"text-align: center;\"><span style=\"color: #38761d; font-size: large;\"><b>9-14h |<\/b>\u00a0TALLER DE CONSTRUCCI\u00d3 AMB BAMB\u00da\u00a0<\/span><\/div>\n<div style=\"text-align: center;\">Continuarem amb les construccions.<\/div>\n<div style=\"text-align: center;\">Visualitza millor en qu\u00e8 consisteix el taller\u00a0<a href=\"https:\/\/www.youtube.com\/watch?v=NQntIs1g_ww\" target=\"_blank\" rel=\"noopener noreferrer\" data-saferedirecturl=\"https:\/\/www.google.com\/url?q=https:\/\/www.youtube.com\/watch?v%3DNQntIs1g_ww&amp;source=gmail&amp;ust=1601620699736000&amp;usg=AFQjCNExJ2rMxEAkAx5b7S2v_vCNK3Pkig\">amb aquest v\u00eddeo d&#8217;una experi\u00e8ncia semblant.<\/a>.<\/div>\n<div style=\"text-align: center;\"><span style=\"font-size: large;\">\u00a0<\/span><\/div>\n<div style=\"text-align: center;\"><span style=\"color: #38761d; font-size: large;\"><b>11-12h |<\/b>\u00a0ESPAI SERT<\/span><\/div>\n<div style=\"text-align: center;\"><b>\u201cLa vida i l\u2019obra de l\u2019arquitecte Sert\u201d<\/b><\/div>\n<div style=\"text-align: center;\"><b>\u201cUna passejada per l\u2019Edifici de la Rep\u00fablica\u201d\u00a0<\/b>per Joan Fern\u00e0ndez, historiador.<\/div>\n<div style=\"text-align: center;\"><span style=\"font-size: large;\">\u00a0<\/span><\/div>\n<div style=\"text-align: center;\"><span style=\"color: #38761d;\"><b>14-15h |<\/b>\u00a0PARADA PER DINAR<\/span><\/div>\n<div style=\"text-align: center;\"><span style=\"color: #000000;\">Porta la teva carmanyola!<\/span><\/div>\n<div style=\"text-align: center;\"><b>\u00a0<\/b><\/div>\n<div style=\"text-align: center;\"><span style=\"color: #38761d;\"><b>15-20h |<\/b>\u00a0TALLER DE CONSTRUCCI\u00d3 AMB BAMB\u00da\u00a0<\/span><\/div>\n<div style=\"text-align: center;\">\u00a0 Continuarem amb les construccions.<span style=\"color: #38761d;\"><br \/>\n<\/span><\/div>\n<div style=\"text-align: center;\"><span style=\"font-size: large;\">\u00a0<\/span><\/div>\n<div style=\"text-align: center;\"><span style=\"color: #38761d;\"><b>18-19h |<\/b>\u00a0TAULA RODONA<\/span><\/div>\n<div style=\"text-align: center;\"><b>&#8220;Cuidem els espais d&#8217;aprenentatge\u201d\u00a0\u00a0\u00a0<\/b><\/div>\n<div style=\"text-align: center;\">moderada per l&#8217;associaci\u00f3 educativa La Finestra de Castelldefels.<\/div>\n<div><\/div>\n<h5><\/h5>\n<p>&nbsp;<\/p>\n<h5 style=\"text-align: center;\"><span style=\"text-decoration: underline;\"><strong>DIUMENGE 18<\/strong><\/span><\/h5>\n<div style=\"text-align: center;\"><b><span style=\"color: #ffffff; font-size: large;\">DIUMENGE 18<\/span><\/b><\/div>\n<div style=\"text-align: center;\"><b><span style=\"color: #ffffff;\">\u00a0<\/span><\/b><span style=\"color: #38761d; font-size: large;\"><b>9-14h |<\/b>\u00a0TALLER DE CONSTRUCCI\u00d3 AMB BAMB\u00da\u00a0\u00a0<\/span><\/div>\n<div style=\"text-align: center;\">Acabarem les construccions de bamb\u00fa!<\/div>\n<div style=\"text-align: center;\"><\/div>\n<div style=\"text-align: center;\">\n<div><img loading=\"lazy\" decoding=\"async\" class=\"CToWUd a6T\" tabindex=\"0\" src=\"https:\/\/mail.google.com\/mail\/u\/3?ui=2&amp;ik=6767ba8531&amp;attid=0.2&amp;permmsgid=msg-f:1679158295561977000&amp;th=174d9192c09f3ca8&amp;view=fimg&amp;sz=s0-l75-ft&amp;attbid=ANGjdJ8H7GyfWUNxDqMENmgc-uYF2PUjlJGHF1zt-uJ9vnUmh24D06wswTF_3um0W9NdmG-uB3VX3LRVUG_iCqBzH2WX5Cge5wBvCPF8uLGqOnv8P3J6CeMWJcxgt38&amp;disp=emb&amp;realattid=ii_kfnpjf827\" alt=\"pl\u00e0nol.jpg\" width=\"397\" height=\"562\" data-image-whitelisted=\"\" \/><\/div>\n<\/div>\n<div style=\"text-align: center;\"><\/div>\n<div style=\"text-align: center;\"><b>\u00a0 \u00a0 ______________________________<wbr \/>________________\u00a0<\/b>\u00a0<b><span style=\"color: #ffffff;\"><br \/>\n<\/span><\/b><\/div>\n<div style=\"text-align: center;\"><\/div>\n<div style=\"text-align: center;\"><span style=\"font-size: large;\">PER PARTICIPAR-HI,\u00a0<b>INSCRIU-TE A LA FESTA:<\/b><\/span><\/div>\n<div style=\"text-align: center;\"><b><a href=\"https:\/\/forms.gle\/ZdvoxtrU8i8xgk5UA\" target=\"_blank\" rel=\"noopener noreferrer\" data-saferedirecturl=\"https:\/\/www.google.com\/url?q=https:\/\/forms.gle\/ZdvoxtrU8i8xgk5UA&amp;source=gmail&amp;ust=1601620699736000&amp;usg=AFQjCNGC1GNF54JRagZycSw3mLk21DujAA\"><span style=\"font-size: large;\">https:\/\/forms.gle\/<wbr \/>ZdvoxtrU8i8xgk5UA<\/span><\/a><\/b><\/div>\n<div>\n<div style=\"text-align: center;\"><span style=\"font-size: large;\"><img loading=\"lazy\" decoding=\"async\" class=\"CToWUd\" src=\"https:\/\/mail.google.com\/mail\/u\/3?ui=2&amp;ik=6767ba8531&amp;attid=0.6&amp;permmsgid=msg-f:1679158295561977000&amp;th=174d9192c09f3ca8&amp;view=fimg&amp;sz=s0-l75-ft&amp;attbid=ANGjdJ9NbIVXgE81u5lpsLzvMYpo_OD7zVONoEPSScg2n0KcmVzW7EHWfuOicuUudMEXLX5eVNniNG4x_SglHPbtv1U8-wg7PWAMihJe_ucEM48brldbyvS5Lr137AE&amp;disp=emb&amp;realattid=ii_kfmryhln0\" alt=\"qr_img.png\" width=\"118\" height=\"118\" data-image-whitelisted=\"\" \/><\/span><\/div>\n<div style=\"text-align: center;\"><span style=\"font-size: large;\">\u00a0<\/span><\/div>\n<div style=\"text-align: center;\"><b>\u00a0 \u00a0 ______________________________<wbr \/>________________\u00a0<\/b><\/div>\n<div style=\"text-align: center;\"><b>\u00a0<\/b><\/div>\n<div style=\"text-align: center;\"><span style=\"color: #38761d;\"><b>VOLS SABER-NE M\u00c9S SOBRE LA FESTA DE L&#8217;ARQUITECTURA?<\/b><\/span><\/div>\n<div style=\"text-align: center;\"><span style=\"color: #38761d; font-family: arial, sans-serif;\"><b>\u00a0<\/b><\/span><\/div>\n<div style=\"text-align: justify;\"><span style=\"font-family: arial, sans-serif;\">En el marc de la Setmana d\u2019Arquitectura 2020, els Grups d&#8217;Arquitectes de la Demarcaci\u00f3 de Barcelona organitzem enguany\u00a0<strong><a href=\"https:\/\/www.arquitectes.cat\/ca\/festesarquitectura2020\" target=\"_blank\" rel=\"noopener noreferrer\" data-saferedirecturl=\"https:\/\/www.google.com\/url?q=https:\/\/www.arquitectes.cat\/ca\/festesarquitectura2020&amp;source=gmail&amp;ust=1601620699736000&amp;usg=AFQjCNG4vdkFIyec7QXEwgleWWTfI7IEzw\">16 Festes d&#8217;Arquitectura<\/a><\/strong>, una per cadascun dels grups territorials de la Demarcaci\u00f3.\u00a0<\/span><\/div>\n<div style=\"text-align: justify;\"><span style=\"font-family: arial, sans-serif;\">L&#8217;objectiu \u00e9s apropar l\u2019arquitectura a la ciutadania i posar en valor elements arquitect\u00f2nics de cada \u00e0mbit, aix\u00ed com la professi\u00f3 de l\u2019arquitecte i la seva funci\u00f3 social.\u00a0<\/span><\/div>\n<div style=\"text-align: justify;\"><span style=\"font-family: arial, sans-serif;\">Davant la situaci\u00f3 d\u2019excepcionalitat que ens ha tocat viure, i igual que la resta d&#8217;activitats de la Setmana d\u2019Arquitectura, les Festes d&#8217;Arquitectura s&#8217;han transformat i es duran a terme de manera online.\u00a0\u00a0<\/span><span style=\"color: #38761d;\"><b><br \/>\n<\/b><\/span><\/div>\n<div style=\"text-align: justify;\"><span style=\"color: #38761d;\"><b>\u00a0<\/b><\/span><\/div>\n<div style=\"text-align: justify;\">\u00a0 El grup d\u2019arquitectes del Baix Llobregat ens trobem cada primer divendres de mes per compartir i debatre els reptes dels nostres municipis.<\/div>\n<div style=\"text-align: justify;\"><b>La\u00a0<a href=\"https:\/\/www.arquitectes.cat\/ca\/system\/files\/users\/127\/festaarquitectura_baixllobregat.pdf\" target=\"_blank\" rel=\"noopener noreferrer\" data-saferedirecturl=\"https:\/\/www.google.com\/url?q=https:\/\/www.arquitectes.cat\/ca\/system\/files\/users\/127\/festaarquitectura_baixllobregat.pdf&amp;source=gmail&amp;ust=1601620699736000&amp;usg=AFQjCNHRpvE6X4n7GhXb5aiTZ74mBoshOg\">Festa d\u2019Arquitectura del Baix Llobregat<\/a>\u00a0d\u2019aquest any 2020<\/b>\u00a0vam considerar que vol\u00edem dedicar-la al repte que els centres docents tenen per fer front\u00a0a la situaci\u00f3 d\u2019emerg\u00e8ncia generada per la Covid-19,\u00a0<b>buscant la innovaci\u00f3 entre tota la comunitat educativa i l\u2019arquitectura.<\/b><\/div>\n<div style=\"text-align: justify;\"><\/div>\n<div style=\"text-align: center;\"><\/div>\n<div style=\"text-align: center;\"><b><span style=\"color: #38761d;\">PER QU\u00c8 TREBALLAREM AMB BAMB\u00da?<\/span><\/b><\/div>\n<div style=\"text-align: center;\"><b><span style=\"color: #38761d;\">\u00a0<\/span><\/b><\/div>\n<div style=\"text-align: justify;\">El bamb\u00fa t\u00e9 un temps de creixement molt r\u00e0pid comparat amb qualsevol bosc d&#8217;arbres, que el fa un material \u00f2ptim per donar resposta a l&#8217;arquitectura a molts \u00e0mbits de tot el m\u00f3n.<\/div>\n<div style=\"text-align: justify;\">L&#8217;arquitecta Greta Tresserra, de BambooHUB,\u00a0<a href=\"https:\/\/www.youtube.com\/watch?v=oLkIzePuSP8&amp;t=5s\" target=\"_blank\" rel=\"noopener noreferrer\" data-saferedirecturl=\"https:\/\/www.google.com\/url?q=https:\/\/www.youtube.com\/watch?v%3DoLkIzePuSP8%26t%3D5s&amp;source=gmail&amp;ust=1601620699736000&amp;usg=AFQjCNE_8bnAOQTbKKUGI53DkrxBKmB4yQ\">ens explica m\u00e9s coses d&#8217;aquest material<\/a>.\u00a0Amb ella construirem les estructures lleugeres amb bamb\u00fa al pati de l&#8217;institut!<\/div>\n<\/div>\n<div style=\"text-align: center;\"><\/div>\n<div><\/div>\n<ul>\n<li>\n<h5><a href=\"https:\/\/www.youtube.com\/watch?time_continue=7&amp;v=oLkIzePuSP8&amp;feature=emb_logo\">BAMBOO HUB amb Greta Tresserra (VIDEO)<\/a><\/h5>\n<\/li>\n<li>\n<h5><a href=\"https:\/\/www.youtube.com\/watch?time_continue=1&amp;v=NQntIs1g_ww&amp;feature=emb_logo\">BAMBOO WORKSHOP (VIDEO)<\/a><\/h5>\n<\/li>\n<li>\n<h5><a href=\"https:\/\/agora.xtec.cat\/iessert\/wp-content\/uploads\/usu642\/2020\/10\/2020-02-13_estructures-bambu_FESTA_ARQ_BLL.pdf\">Estructures de bamb\u00fa per l&#8217;IES Josep Llu\u00eds Sert (Presentaci\u00f3)<\/a><\/h5>\n<\/li>\n<\/ul>\n<p>&nbsp;<\/p>\n<ul>\n<li><a href=\"https:\/\/agora.xtec.cat\/iessert\/wp-content\/uploads\/usu642\/2020\/10\/IMG_7113.jpg\"><img loading=\"lazy\" decoding=\"async\" class=\"alignnone size-full wp-image-5847\" src=\"https:\/\/agora.xtec.cat\/iessert\/wp-content\/uploads\/usu642\/2020\/10\/IMG_7113.jpg\" alt=\"\" width=\"750\" height=\"515\" srcset=\"https:\/\/agora.xtec.cat\/iessert\/wp-content\/uploads\/usu642\/2020\/10\/IMG_7113.jpg 750w, https:\/\/agora.xtec.cat\/iessert\/wp-content\/uploads\/usu642\/2020\/10\/IMG_7113-300x206.jpg 300w\" sizes=\"auto, (max-width: 750px) 100vw, 750px\" \/><\/a><\/li>\n<\/ul>\n<div>\n<div style=\"text-align: center;\"><\/div>\n<div style=\"text-align: center;\"><b>\u00a0 ______________________________<wbr \/>________________<\/b><b><span style=\"color: #38761d;\"><br \/>\n<\/span><\/b><\/div>\n<div style=\"text-align: center;\"><b><span style=\"color: #38761d;\">ORGANITZA:<\/span><\/b><\/div>\n<div style=\"text-align: center;\">\n<div><img loading=\"lazy\" decoding=\"async\" class=\"CToWUd a6T\" tabindex=\"0\" src=\"https:\/\/mail.google.com\/mail\/u\/3?ui=2&amp;ik=6767ba8531&amp;attid=0.7&amp;permmsgid=msg-f:1679158295561977000&amp;th=174d9192c09f3ca8&amp;view=fimg&amp;sz=s0-l75-ft&amp;attbid=ANGjdJ-mp7VGjAI0cg9l0090NpVqWKQkzPSQTHH91sHE-RHukYBcH_W6namQ9T4woKIriBW58ogO5q7kL2gepE89F3lLBRZCMh0hL-bPg_Lj-lw0mA9AFF4Esjtm7Y0&amp;disp=emb&amp;realattid=ii_kfmrz0gc1\" alt=\"COAC_Barcelona_comunicacio_A_positiu.png\" width=\"162\" height=\"111\" data-image-whitelisted=\"\" \/><br \/>\n<b>\u00a0Grup d&#8217;Arquitectes del Baix Llobregat\u00a0 \u00a0\u00a0<\/b><\/div>\n<div><\/div>\n<div>\u00a0<img loading=\"lazy\" decoding=\"async\" class=\"CToWUd\" src=\"https:\/\/mail.google.com\/mail\/u\/3?ui=2&amp;ik=6767ba8531&amp;attid=0.8&amp;permmsgid=msg-f:1679158295561977000&amp;th=174d9192c09f3ca8&amp;view=fimg&amp;sz=s0-l75-ft&amp;attbid=ANGjdJ8lNh8q6-9uuAVsbqj-mqgWpMeC_8GWwcF9db-XS7wWQG_VpS35VxOJFy_1PPWH_sHtwHkV_8XNz5Dp6dtdSfa7RkWYvUE-avPhUoeo3aJTLEIRA7119ZQElCk&amp;disp=emb&amp;realattid=ii_kfms18lc2\" alt=\"AF_logo-sert_im.jpg\" width=\"107\" height=\"91\" data-image-whitelisted=\"\" \/><\/div>\n<\/div>\n<div style=\"text-align: center;\"><b>Institut Josep Llu\u00eds Sert de Castelldefels<\/b><\/div>\n<\/div>\n<div><\/div>\n<div><\/div>\n<div style=\"text-align: center;\"><a href=\"https:\/\/agora.xtec.cat\/iessert\/wp-content\/uploads\/usu642\/2020\/10\/logo-ampa.png\"><img loading=\"lazy\" decoding=\"async\" class=\"alignnone size-full wp-image-5851\" src=\"https:\/\/agora.xtec.cat\/iessert\/wp-content\/uploads\/usu642\/2020\/10\/logo-ampa.png\" alt=\"\" width=\"312\" height=\"88\" srcset=\"https:\/\/agora.xtec.cat\/iessert\/wp-content\/uploads\/usu642\/2020\/10\/logo-ampa.png 312w, https:\/\/agora.xtec.cat\/iessert\/wp-content\/uploads\/usu642\/2020\/10\/logo-ampa-300x85.png 300w\" sizes=\"auto, (max-width: 312px) 100vw, 312px\" \/><\/a><\/div>\n<div><\/div>\n<div>\n<div style=\"text-align: center;\"><\/div>\n<div style=\"text-align: center;\">\n<div><img loading=\"lazy\" decoding=\"async\" class=\"CToWUd a6T\" tabindex=\"0\" src=\"https:\/\/mail.google.com\/mail\/u\/3?ui=2&amp;ik=6767ba8531&amp;attid=0.1&amp;permmsgid=msg-f:1679158295561977000&amp;th=174d9192c09f3ca8&amp;view=fimg&amp;sz=s0-l75-ft&amp;attbid=ANGjdJ8_02KCJLjOc6XMMEpBnfAJne_l1UZfSnI6_71732NrSgjyqgnGExLrFyx4up1yBLvmoShVlx9e56WHli8_bmjMjbTURVc_iLFSB6_PuWkmnOG7OQG7ssDQjaw&amp;disp=emb&amp;realattid=ii_kfnpgrf66\" alt=\"Logo BH_gran centrat.png\" width=\"224\" height=\"206\" data-image-whitelisted=\"\" \/><\/div>\n<\/div>\n<div style=\"text-align: center;\"><b>Consultora bambooHUB\u00a0<\/b><\/div>\n<div style=\"text-align: center;\"><\/div>\n<div style=\"text-align: center;\"><b><span style=\"color: #38761d;\">\u00a0 PARTICIPA:\u00a0<\/span><\/b><\/div>\n<div style=\"text-align: center;\">\n<div><img loading=\"lazy\" decoding=\"async\" class=\"CToWUd\" src=\"https:\/\/mail.google.com\/mail\/u\/3?ui=2&amp;ik=6767ba8531&amp;attid=0.5&amp;permmsgid=msg-f:1679158295561977000&amp;th=174d9192c09f3ca8&amp;view=fimg&amp;sz=s0-l75-ft&amp;attbid=ANGjdJ-ePusZkkVqQMBjytrW5WG0D5hIKSCK_R1OW2tr8vONxQBAd1uDRhl71YCbYBddmH1f_hujIb-zrPZLYK7kXUf8TTaLfIBmGdZatRN7jC2cUo7ftebWVU0chxU&amp;disp=emb&amp;realattid=ii_kfmtutb96\" alt=\"rHa_86LR.jpg\" width=\"128\" height=\"128\" data-image-whitelisted=\"\" \/><\/div>\n<\/div>\n<div style=\"text-align: center;\"><b>Associaci\u00f3 La Finestra de Castelldefels<\/b><\/div>\n<\/div>\n","protected":false},"excerpt":{"rendered":"<p>Inscriu-te i participa en la construcci\u00f3 de dos estructures de bamb\u00fa pel pati de l&#8217;institut<\/p>\n","protected":false},"author":1,"featured_media":5848,"comment_status":"closed","ping_status":"closed","sticky":false,"template":"","format":"standard","meta":{"_bbp_topic_count":0,"_bbp_reply_count":0,"_bbp_total_topic_count":0,"_bbp_total_reply_count":0,"_bbp_voice_count":0,"_bbp_anonymous_reply_count":0,"_bbp_topic_count_hidden":0,"_bbp_reply_count_hidden":0,"_bbp_forum_subforum_count":0,"site-sidebar-layout":"default","site-content-layout":"","ast-site-content-layout":"","site-content-style":"default","site-sidebar-style":"default","ast-global-header-display":"","ast-banner-title-visibility":"","ast-main-header-display":"","ast-hfb-above-header-display":"","ast-hfb-below-header-display":"","ast-hfb-mobile-header-display":"","site-post-title":"","ast-breadcrumbs-content":"","ast-featured-img":"","footer-sml-layout":"","theme-transparent-header-meta":"","adv-header-id-meta":"","stick-header-meta":"","header-above-stick-meta":"","header-main-stick-meta":"","header-below-stick-meta":"","astra-migrate-meta-layouts":"default","ast-page-background-enabled":"default","ast-page-background-meta":{"desktop":{"background-color":"var(--ast-global-color-4)","background-image":"","background-repeat":"repeat","background-position":"center center","background-size":"auto","background-attachment":"scroll","background-type":"","background-media":"","overlay-type":"","overlay-color":"","overlay-opacity":"","overlay-gradient":""},"tablet":{"background-color":"","background-image":"","background-repeat":"repeat","background-position":"center center","background-size":"auto","background-attachment":"scroll","background-type":"","background-media":"","overlay-type":"","overlay-color":"","overlay-opacity":"","overlay-gradient":""},"mobile":{"background-color":"","background-image":"","background-repeat":"repeat","background-position":"center center","background-size":"auto","background-attachment":"scroll","background-type":"","background-media":"","overlay-type":"","overlay-color":"","overlay-opacity":"","overlay-gradient":""}},"ast-content-background-meta":{"desktop":{"background-color":"var(--ast-global-color-5)","background-image":"","background-repeat":"repeat","background-position":"center center","background-size":"auto","background-attachment":"scroll","background-type":"","background-media":"","overlay-type":"","overlay-color":"","overlay-opacity":"","overlay-gradient":""},"tablet":{"background-color":"var(--ast-global-color-5)","background-image":"","background-repeat":"repeat","background-position":"center center","background-size":"auto","background-attachment":"scroll","background-type":"","background-media":"","overlay-type":"","overlay-color":"","overlay-opacity":"","overlay-gradient":""},"mobile":{"background-color":"var(--ast-global-color-5)","background-image":"","background-repeat":"repeat","background-position":"center center","background-size":"auto","background-attachment":"scroll","background-type":"","background-media":"","overlay-type":"","overlay-color":"","overlay-opacity":"","overlay-gradient":""}},"footnotes":""},"categories":[29],"tags":[],"class_list":["post-5845","post","type-post","status-publish","format-standard","has-post-thumbnail","hentry","category-portada"],"post_mailing_queue_ids":[],"_links":{"self":[{"href":"https:\/\/agora.xtec.cat\/iessert\/wp-json\/wp\/v2\/posts\/5845","targetHints":{"allow":["GET"]}}],"collection":[{"href":"https:\/\/agora.xtec.cat\/iessert\/wp-json\/wp\/v2\/posts"}],"about":[{"href":"https:\/\/agora.xtec.cat\/iessert\/wp-json\/wp\/v2\/types\/post"}],"author":[{"embeddable":true,"href":"https:\/\/agora.xtec.cat\/iessert\/wp-json\/wp\/v2\/users\/1"}],"replies":[{"embeddable":true,"href":"https:\/\/agora.xtec.cat\/iessert\/wp-json\/wp\/v2\/comments?post=5845"}],"version-history":[{"count":3,"href":"https:\/\/agora.xtec.cat\/iessert\/wp-json\/wp\/v2\/posts\/5845\/revisions"}],"predecessor-version":[{"id":5852,"href":"https:\/\/agora.xtec.cat\/iessert\/wp-json\/wp\/v2\/posts\/5845\/revisions\/5852"}],"wp:featuredmedia":[{"embeddable":true,"href":"https:\/\/agora.xtec.cat\/iessert\/wp-json\/wp\/v2\/media\/5848"}],"wp:attachment":[{"href":"https:\/\/agora.xtec.cat\/iessert\/wp-json\/wp\/v2\/media?parent=5845"}],"wp:term":[{"taxonomy":"category","embeddable":true,"href":"https:\/\/agora.xtec.cat\/iessert\/wp-json\/wp\/v2\/categories?post=5845"},{"taxonomy":"post_tag","embeddable":true,"href":"https:\/\/agora.xtec.cat\/iessert\/wp-json\/wp\/v2\/tags?post=5845"}],"curies":[{"name":"wp","href":"https:\/\/api.w.org\/{rel}","templated":true}]}}