{"id":5206,"date":"2020-03-24T16:46:12","date_gmt":"2020-03-24T15:46:12","guid":{"rendered":"http:\/\/agora.xtec.cat\/iessert\/?p=5206"},"modified":"2020-06-14T16:39:17","modified_gmt":"2020-06-14T14:39:17","slug":"tasques-academiques-durant-el-confinament","status":"publish","type":"post","link":"https:\/\/agora.xtec.cat\/iessert\/portada\/tasques-academiques-durant-el-confinament\/","title":{"rendered":"TASQUES ACAD\u00c8MIQUES DURANT EL CONFINAMENT"},"content":{"rendered":"<p>Benvolgudes fam\u00edlies:<\/p>\n<p style=\"text-align: justify;\">En primer lloc us desitgem que les coses per casa estiguin el millor possible, tant de salut com d\u2019\u00e0nims.<\/p>\n<p style=\"text-align: justify;\">Sembla que la situaci\u00f3 de confinament es pot allargar i per tant cal que intentem organitzar-nos el millor que puguem.\u00a0\u00a0I en aquest sentit agra\u00efm molt les comunicacions que ens heu fet arribar.<\/p>\n<p style=\"text-align: justify;\">Fins ara el professorat estem fent arribar les feines als vostres fills i filles a trav\u00e9s del correu electr\u00f2nic i del classroom, per\u00f2 cadasc\u00fa ho hem anat fent al nostre ritme, sense un criteri com\u00fa.\u00a0\u00a0\u00a0Aix\u00f2 ha estat degut a que la situaci\u00f3 ha estat totalment imprevista i novedosa i els professors i professores \u201chem fet el que hem pogut\u201d.\u00a0\u00a0Per\u00f2 aix\u00f2 ha ocasionat alguns problemes en el nostre alumnat que hem de procurar solucionar en la mesura del possible.<\/p>\n<p style=\"text-align: justify;\">A partir de la propera setmana el professorat farem arribar als vostres fills i filles totes les tasques (deures, exercicis, lectures, etc.) tots els dilluns de cada setmana i caldr\u00e0 que ells ens les retornin fetes durant la setmana posant com a data l\u00edmit els divendres (cada professor indicar\u00e0 els terminis concrets).\u00a0\u00a0La idea \u00e9s que els nois i les noies es puguin organitzar la setmana i vagin fent les feines de la manera el m\u00e9s ordenada i sistem\u00e0tica possible. El temps que, des de casa, dediquen a l\u2019institut cal fer-lo compatible amb el que dediquen a altres q\u00fcestions tamb\u00e9 molt importants com poden ser les tasques dom\u00e8stiques, estar amb la fam\u00edlia, el seu oci, etc.<\/p>\n<p style=\"text-align: justify;\">Els canals de comunicaci\u00f3 seran els mateixos, \u00e9s a dir el classroom i el correu electr\u00f2nic i en aquest sentit us volem demanar que comproveu que el vostre fill o filla disposa del correu electr\u00f2nic de l\u2019institut (el que acaba amb @<a href=\"http:\/\/sert.cat\/\" data-saferedirecturl=\"https:\/\/www.google.com\/url?q=http:\/\/sert.cat&amp;source=gmail&amp;ust=1585150193402000&amp;usg=AFQjCNGaIHznCM8uXiQBIldSxVbeDDJeTA\">sert.cat<\/a>) i de que disposa del codi d\u2019usuari i contrasenya per a entrar al classroom.\u00a0\u00a0Sense aquestes dues eines ser\u00e0 molt dif\u00edcil poder comunicar amb ell i per tant\u00a0\u00a0cal activar-ho el m\u00e9s r\u00e0pidament possible.\u00a0\u00a0Per a fer aquesta activaci\u00f3 haur\u00edeu d\u2019enviar un correu a la Loli (coordinadora d\u2019inform\u00e0tica de l\u2019institut) al\u00a0correu electr\u00f2nic:\u00a0\u00a0<a href=\"mailto:l.martin@sert.cat\">l.martin@sert.cat<\/a>\u00a0\u00a0\u00a0Cal indicar nom i cognoms de l\u2019alumne, a quin grup va\u00a0\u00a0i qu\u00e8 \u00e9s el que desitgeu.\u00a0\u00a0Ella procurar\u00e0 enllestir les vostres demandes el m\u00e9s r\u00e0pidament possible.\u00a0\u00a0Us preguem que feu servir aquest correu exclusivament per aix\u00f2,\u00a0\u00a0per altres q\u00fcestions ja teniu el correu de l\u2019institut, el del tutor orientador o el meu.<\/p>\n<p style=\"text-align: justify;\">Esperem que d\u2019aquesta manera, tot i les dificultats que comporta el confinament, puguem seguir treballant les properes setmanes d\u2019una manera m\u00e9s ordenada i sistem\u00e0tica.<\/p>\n<p style=\"text-align: justify;\">Reiterem els nostres desitjos d\u2019\u00e0nim a tothom davant d\u2019aquesta situaci\u00f3.\u00a0\u00a0Segur que ens en sortirem i en sortirem refor\u00e7ats.<\/p>\n<p>Cordialment.<\/p>\n<p>Carles Cortina Call\u00eds<\/p>\n<p>Director de l&#8217;Institut Josep Llu\u00eds Sert<\/p>\n<p>Castelldefels<\/p>\n","protected":false},"excerpt":{"rendered":"<p>Benvolgudes fam\u00edlies: En primer lloc us desitgem que les coses per casa estiguin el millor possible, tant de salut com d\u2019\u00e0nims. Sembla que la situaci\u00f3 de confinament es pot allargar i per tant cal que intentem organitzar-nos el millor que puguem.\u00a0\u00a0I en aquest sentit agra\u00efm molt les comunicacions que ens heu fet arribar. Fins ara [&hellip;]<\/p>\n","protected":false},"author":1,"featured_media":0,"comment_status":"closed","ping_status":"closed","sticky":false,"template":"","format":"standard","meta":{"_bbp_topic_count":0,"_bbp_reply_count":0,"_bbp_total_topic_count":0,"_bbp_total_reply_count":0,"_bbp_voice_count":0,"_bbp_anonymous_reply_count":0,"_bbp_topic_count_hidden":0,"_bbp_reply_count_hidden":0,"_bbp_forum_subforum_count":0,"site-sidebar-layout":"default","site-content-layout":"","ast-site-content-layout":"","site-content-style":"default","site-sidebar-style":"default","ast-global-header-display":"","ast-banner-title-visibility":"","ast-main-header-display":"","ast-hfb-above-header-display":"","ast-hfb-below-header-display":"","ast-hfb-mobile-header-display":"","site-post-title":"","ast-breadcrumbs-content":"","ast-featured-img":"","footer-sml-layout":"","theme-transparent-header-meta":"","adv-header-id-meta":"","stick-header-meta":"","header-above-stick-meta":"","header-main-stick-meta":"","header-below-stick-meta":"","astra-migrate-meta-layouts":"default","ast-page-background-enabled":"default","ast-page-background-meta":{"desktop":{"background-color":"var(--ast-global-color-4)","background-image":"","background-repeat":"repeat","background-position":"center center","background-size":"auto","background-attachment":"scroll","background-type":"","background-media":"","overlay-type":"","overlay-color":"","overlay-opacity":"","overlay-gradient":""},"tablet":{"background-color":"","background-image":"","background-repeat":"repeat","background-position":"center center","background-size":"auto","background-attachment":"scroll","background-type":"","background-media":"","overlay-type":"","overlay-color":"","overlay-opacity":"","overlay-gradient":""},"mobile":{"background-color":"","background-image":"","background-repeat":"repeat","background-position":"center center","background-size":"auto","background-attachment":"scroll","background-type":"","background-media":"","overlay-type":"","overlay-color":"","overlay-opacity":"","overlay-gradient":""}},"ast-content-background-meta":{"desktop":{"background-color":"var(--ast-global-color-5)","background-image":"","background-repeat":"repeat","background-position":"center center","background-size":"auto","background-attachment":"scroll","background-type":"","background-media":"","overlay-type":"","overlay-color":"","overlay-opacity":"","overlay-gradient":""},"tablet":{"background-color":"var(--ast-global-color-5)","background-image":"","background-repeat":"repeat","background-position":"center center","background-size":"auto","background-attachment":"scroll","background-type":"","background-media":"","overlay-type":"","overlay-color":"","overlay-opacity":"","overlay-gradient":""},"mobile":{"background-color":"var(--ast-global-color-5)","background-image":"","background-repeat":"repeat","background-position":"center center","background-size":"auto","background-attachment":"scroll","background-type":"","background-media":"","overlay-type":"","overlay-color":"","overlay-opacity":"","overlay-gradient":""}},"footnotes":""},"categories":[29],"tags":[],"class_list":["post-5206","post","type-post","status-publish","format-standard","hentry","category-portada"],"post_mailing_queue_ids":[],"_links":{"self":[{"href":"https:\/\/agora.xtec.cat\/iessert\/wp-json\/wp\/v2\/posts\/5206","targetHints":{"allow":["GET"]}}],"collection":[{"href":"https:\/\/agora.xtec.cat\/iessert\/wp-json\/wp\/v2\/posts"}],"about":[{"href":"https:\/\/agora.xtec.cat\/iessert\/wp-json\/wp\/v2\/types\/post"}],"author":[{"embeddable":true,"href":"https:\/\/agora.xtec.cat\/iessert\/wp-json\/wp\/v2\/users\/1"}],"replies":[{"embeddable":true,"href":"https:\/\/agora.xtec.cat\/iessert\/wp-json\/wp\/v2\/comments?post=5206"}],"version-history":[{"count":1,"href":"https:\/\/agora.xtec.cat\/iessert\/wp-json\/wp\/v2\/posts\/5206\/revisions"}],"predecessor-version":[{"id":5207,"href":"https:\/\/agora.xtec.cat\/iessert\/wp-json\/wp\/v2\/posts\/5206\/revisions\/5207"}],"wp:attachment":[{"href":"https:\/\/agora.xtec.cat\/iessert\/wp-json\/wp\/v2\/media?parent=5206"}],"wp:term":[{"taxonomy":"category","embeddable":true,"href":"https:\/\/agora.xtec.cat\/iessert\/wp-json\/wp\/v2\/categories?post=5206"},{"taxonomy":"post_tag","embeddable":true,"href":"https:\/\/agora.xtec.cat\/iessert\/wp-json\/wp\/v2\/tags?post=5206"}],"curies":[{"name":"wp","href":"https:\/\/api.w.org\/{rel}","templated":true}]}}