{"id":5189,"date":"2020-03-12T16:19:00","date_gmt":"2020-03-12T15:19:00","guid":{"rendered":"http:\/\/agora.xtec.cat\/iessert\/?p=5189"},"modified":"2020-06-14T16:37:37","modified_gmt":"2020-06-14T14:37:37","slug":"tancament-institut","status":"publish","type":"post","link":"https:\/\/agora.xtec.cat\/iessert\/general\/tancament-institut\/","title":{"rendered":"TANCAMENT INSTITUT"},"content":{"rendered":"<p>Benvolgudes fam\u00edlies,<\/p>\n<p style=\"text-align: justify;\">El Departament d\u2019Educaci\u00f3, seguint instruccions del Departament de Salut i com a mesura excepcional per contenir el coronavirus,\u00a0<strong>ha pres la decisi\u00f3 de tancar a partir del dia 13 de mar\u00e7 i fins al proper dia 27 mar\u00e7, ambd\u00f3s inclosos<\/strong>,\u00a0<strong>tots els centres educatius del pa\u00eds<\/strong>\u00a0i, per tant, han quedat suspeses les classes en horari lectiu i les activitats extraescolars.<\/p>\n<p>Seguirem prestant\u00a0 atenci\u00f3 a les instruccions del Departament de Salut i a l&#8217;evoluci\u00f3 de la situaci\u00f3.<\/p>\n<p>Us recomanem que tingueu oberts canals de comunicaci\u00f3 fluids amb el centre educatiu, per\u00f2 \u00e9s recomanable evitar aquells de tipus presencial.<\/p>\n<p>Tamb\u00e9 us recordem que cal que seguiu les indicacions, recomanacions i protocols que estableix el Departament de Salut pel que fa a la prevenci\u00f3 del virus i que podeu consultar a\u00a0<a href=\"http:\/\/canalsalut.gencat.cat\/coronavirus\" data-saferedirecturl=\"https:\/\/www.google.com\/url?q=http:\/\/canalsalut.gencat.cat\/coronavirus&amp;source=gmail&amp;ust=1584112290243000&amp;usg=AFQjCNHPXttoSozugkm5Tj8pktVdidMIbA\">http:\/\/canalsalut.gencat.cat\/coronavirus<\/a><\/p>\n<p>El Departament d\u2019Educaci\u00f3 far\u00e0 arribar a la direcci\u00f3 del centre les indicacions pertinents en relaci\u00f3 als dubtes que puguin sorgir.<\/p>\n<p>Us agra\u00efm la vostra comprensi\u00f3 i col\u00b7laboraci\u00f3.<\/p>\n<p><strong>INFORMACI\u00d3 ACTUALITZADA<\/strong>:<\/p>\n<p style=\"font-weight: 400; text-align: justify;\">Benvolgudes fam\u00edlies:<\/p>\n<p style=\"font-weight: 400; text-align: justify;\">Tots plegats estem vivint, i probablement viurem en les properes setmanes, uns dies de gran excepcionalitat en tots els \u00e0mbits de les nostres vides.\u00a0 I evidentment, en l&#8217;\u00e0mbit escolar tamb\u00e9.<\/p>\n<p style=\"font-weight: 400; text-align: justify;\">El conjunt del professorat de l&#8217;institut intentarem \u201cmantenir el fil de comunicaci\u00f3\u201d amb el nostre alumnat per a intentar minimitzar l&#8217;impacte acad\u00e8mic que aquesta situaci\u00f3 pugui tenir.<\/p>\n<p style=\"font-weight: 400; text-align: justify;\">En la mesura del possible refor\u00e7arem tota la comunicaci\u00f3 \u201cvirtual\u201d amb els nostres alumnes: correu electr\u00f2nic, classroom, etc.\u00a0 Tot i que som conscients que no tots els alumnes disposen de les eines necess\u00e0ries per a poder treballar \u201con line\u201d i que les biblioteques estan tancades.<\/p>\n<p style=\"font-weight: 400; text-align: justify;\">Sabem que pr\u00e0cticament tots els grups tenen un grup de whatsapp de classe on hi s\u00f3n pr\u00e0cticament tots els nois i noies del grup.\u00a0 En aquest sentit seria bo que els anim\u00e9ssim a que, en la mesura del possible, incloguessin a tots els companys i companyes de classe en aquest grup i que l&#8217;utilitzessin per a comunicar-se q\u00fcestions de l&#8217;institut (feines que el professorat hagi pogut penjar, dificultats que puguin tenir per a fer-les, possibles solucions que puguin trobar, novetats que vagin sorgint, etc.).<\/p>\n<p style=\"font-weight: 400; text-align: justify;\">\u00c9s important que els i les alumnes, des de casa seva, entrin al classroom, vegin quines activitats els proposem el professorat, intentin fer-les seguint les instruccions que els donem, les comparteixin amb els companys i companyes de classe, etc.<\/p>\n<p style=\"font-weight: 400; text-align: justify;\">Estem conven\u00e7uts que, entre tots, superarem aquests moments complicats.<\/p>\n<p style=\"font-weight: 400; text-align: justify;\">En un altre ordre de coses, els recordem que el dijous a darrera hora del mat\u00ed varem lliurar als seus fills i filles els butlletins de la segona avaluaci\u00f3.\u00a0 Seria convenient revisar-los, analitzar els resultats, valorar qu\u00e8 ens ha anat b\u00e9 i en qu\u00e8 podem millorar, etc.\u00a0 \u00a0Sempre que lliurem butlletins d&#8217;avaluaci\u00f3 indiquem un dia i hora per a fer possibles reclamacions.\u00a0 L\u00f2gicament aquest per\u00edode de reclamacions ser\u00e0 a partir del dia 27 de mar\u00e7.<\/p>\n<p style=\"font-weight: 400; text-align: justify;\">Seguirem en contacte.<\/p>\n<p style=\"font-weight: 400; text-align: justify;\">Gr\u00e0cies per la seva comprensi\u00f3 i col\u00b7laboraci\u00f3.<\/p>\n<p>Carles Cortina Call\u00eds<\/p>\n<p>Director de l&#8217;Institut Josep Llu\u00eds Sert<\/p>\n<p>Castelldefels<\/p>\n","protected":false},"excerpt":{"rendered":"<p>Benvolgudes fam\u00edlies, El Departament d\u2019Educaci\u00f3, seguint instruccions del Departament de Salut i com a mesura excepcional per contenir el coronavirus,\u00a0ha pres la decisi\u00f3 de tancar a partir del dia 13 de mar\u00e7 i fins al proper dia 27 mar\u00e7, ambd\u00f3s inclosos,\u00a0tots els centres educatius del pa\u00eds\u00a0i, per tant, han quedat suspeses les classes en horari [&hellip;]<\/p>\n","protected":false},"author":1,"featured_media":0,"comment_status":"closed","ping_status":"closed","sticky":false,"template":"","format":"standard","meta":{"_bbp_topic_count":0,"_bbp_reply_count":0,"_bbp_total_topic_count":0,"_bbp_total_reply_count":0,"_bbp_voice_count":0,"_bbp_anonymous_reply_count":0,"_bbp_topic_count_hidden":0,"_bbp_reply_count_hidden":0,"_bbp_forum_subforum_count":0,"site-sidebar-layout":"default","site-content-layout":"","ast-site-content-layout":"","site-content-style":"default","site-sidebar-style":"default","ast-global-header-display":"","ast-banner-title-visibility":"","ast-main-header-display":"","ast-hfb-above-header-display":"","ast-hfb-below-header-display":"","ast-hfb-mobile-header-display":"","site-post-title":"","ast-breadcrumbs-content":"","ast-featured-img":"","footer-sml-layout":"","theme-transparent-header-meta":"","adv-header-id-meta":"","stick-header-meta":"","header-above-stick-meta":"","header-main-stick-meta":"","header-below-stick-meta":"","astra-migrate-meta-layouts":"default","ast-page-background-enabled":"default","ast-page-background-meta":{"desktop":{"background-color":"var(--ast-global-color-4)","background-image":"","background-repeat":"repeat","background-position":"center center","background-size":"auto","background-attachment":"scroll","background-type":"","background-media":"","overlay-type":"","overlay-color":"","overlay-opacity":"","overlay-gradient":""},"tablet":{"background-color":"","background-image":"","background-repeat":"repeat","background-position":"center center","background-size":"auto","background-attachment":"scroll","background-type":"","background-media":"","overlay-type":"","overlay-color":"","overlay-opacity":"","overlay-gradient":""},"mobile":{"background-color":"","background-image":"","background-repeat":"repeat","background-position":"center center","background-size":"auto","background-attachment":"scroll","background-type":"","background-media":"","overlay-type":"","overlay-color":"","overlay-opacity":"","overlay-gradient":""}},"ast-content-background-meta":{"desktop":{"background-color":"var(--ast-global-color-5)","background-image":"","background-repeat":"repeat","background-position":"center center","background-size":"auto","background-attachment":"scroll","background-type":"","background-media":"","overlay-type":"","overlay-color":"","overlay-opacity":"","overlay-gradient":""},"tablet":{"background-color":"var(--ast-global-color-5)","background-image":"","background-repeat":"repeat","background-position":"center center","background-size":"auto","background-attachment":"scroll","background-type":"","background-media":"","overlay-type":"","overlay-color":"","overlay-opacity":"","overlay-gradient":""},"mobile":{"background-color":"var(--ast-global-color-5)","background-image":"","background-repeat":"repeat","background-position":"center center","background-size":"auto","background-attachment":"scroll","background-type":"","background-media":"","overlay-type":"","overlay-color":"","overlay-opacity":"","overlay-gradient":""}},"footnotes":""},"categories":[1,29],"tags":[],"class_list":["post-5189","post","type-post","status-publish","format-standard","hentry","category-general","category-portada"],"post_mailing_queue_ids":[],"_links":{"self":[{"href":"https:\/\/agora.xtec.cat\/iessert\/wp-json\/wp\/v2\/posts\/5189","targetHints":{"allow":["GET"]}}],"collection":[{"href":"https:\/\/agora.xtec.cat\/iessert\/wp-json\/wp\/v2\/posts"}],"about":[{"href":"https:\/\/agora.xtec.cat\/iessert\/wp-json\/wp\/v2\/types\/post"}],"author":[{"embeddable":true,"href":"https:\/\/agora.xtec.cat\/iessert\/wp-json\/wp\/v2\/users\/1"}],"replies":[{"embeddable":true,"href":"https:\/\/agora.xtec.cat\/iessert\/wp-json\/wp\/v2\/comments?post=5189"}],"version-history":[{"count":4,"href":"https:\/\/agora.xtec.cat\/iessert\/wp-json\/wp\/v2\/posts\/5189\/revisions"}],"predecessor-version":[{"id":5202,"href":"https:\/\/agora.xtec.cat\/iessert\/wp-json\/wp\/v2\/posts\/5189\/revisions\/5202"}],"wp:attachment":[{"href":"https:\/\/agora.xtec.cat\/iessert\/wp-json\/wp\/v2\/media?parent=5189"}],"wp:term":[{"taxonomy":"category","embeddable":true,"href":"https:\/\/agora.xtec.cat\/iessert\/wp-json\/wp\/v2\/categories?post=5189"},{"taxonomy":"post_tag","embeddable":true,"href":"https:\/\/agora.xtec.cat\/iessert\/wp-json\/wp\/v2\/tags?post=5189"}],"curies":[{"name":"wp","href":"https:\/\/api.w.org\/{rel}","templated":true}]}}