{"id":5074,"date":"2020-02-04T12:04:09","date_gmt":"2020-02-04T11:04:09","guid":{"rendered":"http:\/\/agora.xtec.cat\/iessert\/?p=5074"},"modified":"2022-07-04T12:22:02","modified_gmt":"2022-07-04T10:22:02","slug":"una-representacio-de-delegats-verds-comenca-a-dissenyar-lecofesta-2020-29-de-marc","status":"publish","type":"post","link":"https:\/\/agora.xtec.cat\/iessert\/portada\/una-representacio-de-delegats-verds-comenca-a-dissenyar-lecofesta-2020-29-de-marc\/","title":{"rendered":"UNA REPRESENTACI\u00d3 DE DELEGATS VERDS COMEN\u00c7A A DISSENYAR L\u2019ECOFESTA 2020 (29 de mar\u00e7)"},"content":{"rendered":"<p style=\"text-align: center;\">El passat dimarts 28 de gener la Comissi\u00f3 d&#8217;Escola Verda es va reunir amb una representaci\u00f3 de delegats verds en un esmorzar de treball per comen\u00e7ar a dissenyar i organitzar les activitats que aquest curs configuraran l&#8217;ECOFESTA 2020.<\/p>\n<p style=\"text-align: justify;\">Com ja \u00e9s habitual, el centre pret\u00e9n que els veritables protagonistes d&#8217;aquesta festa del medi ambient siguin l&#8217;alumnat i les seves fam\u00edlies. Per aix\u00f2 tamb\u00e9 es va celebrar una primera reuni\u00f3 de l&#8217;AMPA el passat 24 de gener, on un bon nombre de pares i mares van fer una pluja d&#8217;idees per assolir que l&#8217;event sigui encara m\u00e9s reeixit que el curs anterior.<\/p>\n<p style=\"text-align: justify;\">De moment, ja s&#8217;han anotat com a segures algunes activitats, com ara diverses exposicions, venda de samarretes amb el logo de l&#8217;Ecofesta (el qual s&#8217;est\u00e0 triant a trav\u00e9s d&#8217;un concurs que organitza el Departament de Visual i Pl\u00e0stica), cursa de 5 kms pel Campus de la UPC, plantada d&#8217;arbres, taller de reproducci\u00f3 de plantes, zumba, gimcana, tai-tx\u00ed, concurs de rap i actuacions musicals, entre d&#8217;altres. Tamb\u00e9 es projecta elaborar un v\u00eddeo promocional. A m\u00e9s s&#8217;oferir\u00e0 un esmorzar i un dinar a benefici del viatge de final d&#8217;etapa dels alumnes de 4t ESO.<\/p>\n<p style=\"text-align: justify;\">Des d&#8217;aqu\u00ed fem una crida a tota la comunitat educativa (AMPA, alumnat i professorat) per a qu\u00e8 participi en el disseny d&#8217;aquesta Ecofesta i tamb\u00e9, naturalment, per a qu\u00e8 hi assisteixi. La cita \u00e9s el proper 29 de mar\u00e7. Ning\u00fa no hi pot faltar.<\/p>\n","protected":false},"excerpt":{"rendered":"<p>Reuni\u00f3 de la Comissi\u00f3 d&#8217;Escola Verda amb els delegats verds per preparar l&#8217;ECOFESTA 2020<\/p>\n","protected":false},"author":1,"featured_media":5075,"comment_status":"closed","ping_status":"closed","sticky":false,"template":"","format":"standard","meta":{"_bbp_topic_count":0,"_bbp_reply_count":0,"_bbp_total_topic_count":0,"_bbp_total_reply_count":0,"_bbp_voice_count":0,"_bbp_anonymous_reply_count":0,"_bbp_topic_count_hidden":0,"_bbp_reply_count_hidden":0,"_bbp_forum_subforum_count":0,"site-sidebar-layout":"default","site-content-layout":"","ast-site-content-layout":"","site-content-style":"default","site-sidebar-style":"default","ast-global-header-display":"","ast-banner-title-visibility":"","ast-main-header-display":"","ast-hfb-above-header-display":"","ast-hfb-below-header-display":"","ast-hfb-mobile-header-display":"","site-post-title":"","ast-breadcrumbs-content":"","ast-featured-img":"","footer-sml-layout":"","theme-transparent-header-meta":"","adv-header-id-meta":"","stick-header-meta":"","header-above-stick-meta":"","header-main-stick-meta":"","header-below-stick-meta":"","astra-migrate-meta-layouts":"default","ast-page-background-enabled":"default","ast-page-background-meta":{"desktop":{"background-color":"var(--ast-global-color-4)","background-image":"","background-repeat":"repeat","background-position":"center center","background-size":"auto","background-attachment":"scroll","background-type":"","background-media":"","overlay-type":"","overlay-color":"","overlay-opacity":"","overlay-gradient":""},"tablet":{"background-color":"","background-image":"","background-repeat":"repeat","background-position":"center center","background-size":"auto","background-attachment":"scroll","background-type":"","background-media":"","overlay-type":"","overlay-color":"","overlay-opacity":"","overlay-gradient":""},"mobile":{"background-color":"","background-image":"","background-repeat":"repeat","background-position":"center center","background-size":"auto","background-attachment":"scroll","background-type":"","background-media":"","overlay-type":"","overlay-color":"","overlay-opacity":"","overlay-gradient":""}},"ast-content-background-meta":{"desktop":{"background-color":"var(--ast-global-color-5)","background-image":"","background-repeat":"repeat","background-position":"center center","background-size":"auto","background-attachment":"scroll","background-type":"","background-media":"","overlay-type":"","overlay-color":"","overlay-opacity":"","overlay-gradient":""},"tablet":{"background-color":"var(--ast-global-color-5)","background-image":"","background-repeat":"repeat","background-position":"center center","background-size":"auto","background-attachment":"scroll","background-type":"","background-media":"","overlay-type":"","overlay-color":"","overlay-opacity":"","overlay-gradient":""},"mobile":{"background-color":"var(--ast-global-color-5)","background-image":"","background-repeat":"repeat","background-position":"center center","background-size":"auto","background-attachment":"scroll","background-type":"","background-media":"","overlay-type":"","overlay-color":"","overlay-opacity":"","overlay-gradient":""}},"footnotes":""},"categories":[106,128,29],"tags":[],"class_list":["post-5074","post","type-post","status-publish","format-standard","has-post-thumbnail","hentry","category-ecofesta","category-escoles-verdes","category-portada"],"post_mailing_queue_ids":[],"_links":{"self":[{"href":"https:\/\/agora.xtec.cat\/iessert\/wp-json\/wp\/v2\/posts\/5074","targetHints":{"allow":["GET"]}}],"collection":[{"href":"https:\/\/agora.xtec.cat\/iessert\/wp-json\/wp\/v2\/posts"}],"about":[{"href":"https:\/\/agora.xtec.cat\/iessert\/wp-json\/wp\/v2\/types\/post"}],"author":[{"embeddable":true,"href":"https:\/\/agora.xtec.cat\/iessert\/wp-json\/wp\/v2\/users\/1"}],"replies":[{"embeddable":true,"href":"https:\/\/agora.xtec.cat\/iessert\/wp-json\/wp\/v2\/comments?post=5074"}],"version-history":[{"count":2,"href":"https:\/\/agora.xtec.cat\/iessert\/wp-json\/wp\/v2\/posts\/5074\/revisions"}],"predecessor-version":[{"id":7496,"href":"https:\/\/agora.xtec.cat\/iessert\/wp-json\/wp\/v2\/posts\/5074\/revisions\/7496"}],"wp:featuredmedia":[{"embeddable":true,"href":"https:\/\/agora.xtec.cat\/iessert\/wp-json\/wp\/v2\/media\/5075"}],"wp:attachment":[{"href":"https:\/\/agora.xtec.cat\/iessert\/wp-json\/wp\/v2\/media?parent=5074"}],"wp:term":[{"taxonomy":"category","embeddable":true,"href":"https:\/\/agora.xtec.cat\/iessert\/wp-json\/wp\/v2\/categories?post=5074"},{"taxonomy":"post_tag","embeddable":true,"href":"https:\/\/agora.xtec.cat\/iessert\/wp-json\/wp\/v2\/tags?post=5074"}],"curies":[{"name":"wp","href":"https:\/\/api.w.org\/{rel}","templated":true}]}}