{"id":5048,"date":"2020-01-30T19:51:46","date_gmt":"2020-01-30T18:51:46","guid":{"rendered":"http:\/\/agora.xtec.cat\/iessert\/?p=5048"},"modified":"2022-09-29T17:10:22","modified_gmt":"2022-09-29T15:10:22","slug":"intercanvi-amb-dunkerque","status":"publish","type":"post","link":"https:\/\/agora.xtec.cat\/iessert\/portada\/intercanvi-amb-dunkerque\/","title":{"rendered":"INTERCANVI AMB DUNKERQUE"},"content":{"rendered":"<p style=\"text-align: justify;\">Despr\u00e9s de rebre la visita dels alumnes francesos al mes de novembre, ara els nostres alumnes es troben a Dunkerque (Fran\u00e7a) passant un mes en plena immersi\u00f3 ling\u00fc\u00edstica. Els nois i noies fan classe repartits a dos centres, el Lyc\u00e9e Jean Bart i el col.legi Boris Vian. A m\u00e9s de les classes diaries, tamb\u00e9 han fet visites a ciutats properes, entre elles Par\u00eds.<\/p>\n<p style=\"text-align: justify;\">L&#8217;experi\u00e8ncia est\u00e0 resultant molt enriquidora per tots els nostres estudiants que,\u00a0 a m\u00e9s de practicar la llengua, estan coneixent una altra cultura, desenvolupant la seva autonomia personal i fent nous amics amb els que ben segur mantindran contacte en el futur.<\/p>\n<p>A continuaci\u00f3 podeu veure algunes fotografies i v\u00eddeos de la seva estada a Fran\u00e7a:<\/p>\n<ul>\n<li>\n<h5><a href=\"https:\/\/drive.google.com\/drive\/folders\/1-JaceH4fBox4PLWMJF79pSLpDL78Fb6w?usp=sharing\">DUNKERQUE 2020<\/a><\/h5>\n<\/li>\n<\/ul>\n<p>Tamb\u00e9 podeu llegir alguns articles relacionats publicats als blogs Chemins de Traverses Europ\u00e9ens i Erasmusacide:<\/p>\n<ul>\n<li>\n<h5><a href=\"http:\/\/www.erasmusborisvian.com\/2020\/01\/le-projet-erasmus-acide-poursuit-son-tour-de-l-europe.html\">Le Projet Erasmus+<\/a><\/h5>\n<\/li>\n<li>\n<h5><a href=\"http:\/\/www.erasmusborisvian.com\/2020\/01\/mmesp19-restitution-publique-d-un-mois-a-barcelone.html\">Immersion d&#8217;un mois \u00e0 Barcelone<\/a><\/h5>\n<\/li>\n<li>\n<h5><a href=\"http:\/\/erasmusacide.over-blog.com\/2020\/01\/acide-supporte-le-basket-club-maritime.html\">Erasmus+ supporte le Basket Club Maritime<\/a><\/h5>\n<\/li>\n<\/ul>\n<p>&nbsp;<\/p>\n<p>&nbsp;<\/p>\n<p>&nbsp;<\/p>\n","protected":false},"excerpt":{"rendered":"<p>Un grup d&#8217;alumnes del nostre centre est\u00e0 passant un mes en un intercanvi a Dunkerque (Fran\u00e7a)<\/p>\n","protected":false},"author":1,"featured_media":5049,"comment_status":"closed","ping_status":"closed","sticky":false,"template":"","format":"standard","meta":{"_bbp_topic_count":0,"_bbp_reply_count":0,"_bbp_total_topic_count":0,"_bbp_total_reply_count":0,"_bbp_voice_count":0,"_bbp_anonymous_reply_count":0,"_bbp_topic_count_hidden":0,"_bbp_reply_count_hidden":0,"_bbp_forum_subforum_count":0,"site-sidebar-layout":"default","site-content-layout":"","ast-site-content-layout":"","site-content-style":"default","site-sidebar-style":"default","ast-global-header-display":"","ast-banner-title-visibility":"","ast-main-header-display":"","ast-hfb-above-header-display":"","ast-hfb-below-header-display":"","ast-hfb-mobile-header-display":"","site-post-title":"","ast-breadcrumbs-content":"","ast-featured-img":"","footer-sml-layout":"","theme-transparent-header-meta":"","adv-header-id-meta":"","stick-header-meta":"","header-above-stick-meta":"","header-main-stick-meta":"","header-below-stick-meta":"","astra-migrate-meta-layouts":"default","ast-page-background-enabled":"default","ast-page-background-meta":{"desktop":{"background-color":"var(--ast-global-color-4)","background-image":"","background-repeat":"repeat","background-position":"center center","background-size":"auto","background-attachment":"scroll","background-type":"","background-media":"","overlay-type":"","overlay-color":"","overlay-opacity":"","overlay-gradient":""},"tablet":{"background-color":"","background-image":"","background-repeat":"repeat","background-position":"center center","background-size":"auto","background-attachment":"scroll","background-type":"","background-media":"","overlay-type":"","overlay-color":"","overlay-opacity":"","overlay-gradient":""},"mobile":{"background-color":"","background-image":"","background-repeat":"repeat","background-position":"center center","background-size":"auto","background-attachment":"scroll","background-type":"","background-media":"","overlay-type":"","overlay-color":"","overlay-opacity":"","overlay-gradient":""}},"ast-content-background-meta":{"desktop":{"background-color":"var(--ast-global-color-5)","background-image":"","background-repeat":"repeat","background-position":"center center","background-size":"auto","background-attachment":"scroll","background-type":"","background-media":"","overlay-type":"","overlay-color":"","overlay-opacity":"","overlay-gradient":""},"tablet":{"background-color":"var(--ast-global-color-5)","background-image":"","background-repeat":"repeat","background-position":"center center","background-size":"auto","background-attachment":"scroll","background-type":"","background-media":"","overlay-type":"","overlay-color":"","overlay-opacity":"","overlay-gradient":""},"mobile":{"background-color":"var(--ast-global-color-5)","background-image":"","background-repeat":"repeat","background-position":"center center","background-size":"auto","background-attachment":"scroll","background-type":"","background-media":"","overlay-type":"","overlay-color":"","overlay-opacity":"","overlay-gradient":""}},"footnotes":""},"categories":[114,91,132,151,29,169],"tags":[],"class_list":["post-5048","post","type-post","status-publish","format-standard","has-post-thumbnail","hentry","category-erasmus","category-frances","category-intercanvi-dunkerque","category-intercanvis","category-portada","category-sortides-2019-20"],"post_mailing_queue_ids":[],"_links":{"self":[{"href":"https:\/\/agora.xtec.cat\/iessert\/wp-json\/wp\/v2\/posts\/5048","targetHints":{"allow":["GET"]}}],"collection":[{"href":"https:\/\/agora.xtec.cat\/iessert\/wp-json\/wp\/v2\/posts"}],"about":[{"href":"https:\/\/agora.xtec.cat\/iessert\/wp-json\/wp\/v2\/types\/post"}],"author":[{"embeddable":true,"href":"https:\/\/agora.xtec.cat\/iessert\/wp-json\/wp\/v2\/users\/1"}],"replies":[{"embeddable":true,"href":"https:\/\/agora.xtec.cat\/iessert\/wp-json\/wp\/v2\/comments?post=5048"}],"version-history":[{"count":3,"href":"https:\/\/agora.xtec.cat\/iessert\/wp-json\/wp\/v2\/posts\/5048\/revisions"}],"predecessor-version":[{"id":5052,"href":"https:\/\/agora.xtec.cat\/iessert\/wp-json\/wp\/v2\/posts\/5048\/revisions\/5052"}],"wp:featuredmedia":[{"embeddable":true,"href":"https:\/\/agora.xtec.cat\/iessert\/wp-json\/wp\/v2\/media\/5049"}],"wp:attachment":[{"href":"https:\/\/agora.xtec.cat\/iessert\/wp-json\/wp\/v2\/media?parent=5048"}],"wp:term":[{"taxonomy":"category","embeddable":true,"href":"https:\/\/agora.xtec.cat\/iessert\/wp-json\/wp\/v2\/categories?post=5048"},{"taxonomy":"post_tag","embeddable":true,"href":"https:\/\/agora.xtec.cat\/iessert\/wp-json\/wp\/v2\/tags?post=5048"}],"curies":[{"name":"wp","href":"https:\/\/api.w.org\/{rel}","templated":true}]}}