{"id":5011,"date":"2020-01-22T08:30:25","date_gmt":"2020-01-22T07:30:25","guid":{"rendered":"http:\/\/agora.xtec.cat\/iessert\/?p=5011"},"modified":"2020-02-04T12:25:19","modified_gmt":"2020-02-04T11:25:19","slug":"intercanvi-amb-paris-i-col-laboracio-amb-el-cram","status":"publish","type":"post","link":"https:\/\/agora.xtec.cat\/iessert\/general\/intercanvi-amb-paris-i-col-laboracio-amb-el-cram\/","title":{"rendered":"INTERCANVI AMB PARIS I COL.LABORACI\u00d3 AMB EL CRAM"},"content":{"rendered":"<div><span style=\"font-size: large;\">Intercanvi amb Paris i col\u00b7laboraci\u00f3 amb el CRAM<\/span><\/div>\n<div><span style=\"font-size: large;\">\u00a0<\/span><\/div>\n<div style=\"text-align: justify;\">Entre el 26 i el 31 de gener comptarem amb la pres\u00e8ncia al nostre institut d\u2019un grup de 20 alumnes\u00a0i 2 professores del lyc\u00e9e Richelieu, de Rueil-Malmaison (Paris), que compartiran activitats, experi\u00e8ncies, casa i la pr\u00e0ctica de la llengua francesa amb els nostres alumnes de 4t i 3r ESO.<\/div>\n<div style=\"text-align: justify;\"><\/div>\n<div style=\"text-align: justify;\">El lyc\u00e9e Richelieu va crear fa 10 anys una mini empresa eco-solid\u00e0ria de compra-venda de productes ecol\u00f2gics o de comer\u00e7 just procedents d&#8217;Am\u00e8rica Central i d&#8217;Espanya. Durant els seus viatges escolars compren caf\u00e9, cacau, sucre, oli d&#8217;oliva, mel i melmelades que despr\u00e9s venen en els mercats de Paris. Els beneficis van destinats a una escola de Nicaragua (Eduardo Contreras, Managua).<\/div>\n<div style=\"text-align: justify;\"><\/div>\n<div style=\"text-align: justify;\">El<b>\u00a0dimarts 28 de gener a les 15h<\/b>\u00a0farem amb ells la venda solid\u00e0ria de melmelades de La Fageda i productes francesos al nostre institut. En aquesta ocasi\u00f3, els beneficis aniran destinats a la fundaci\u00f3 CRAM, centre de recuperaci\u00f3 d&#8217;animals marins de la Mediterr\u00e0nia.<\/div>\n<div style=\"text-align: justify;\"><\/div>\n<div style=\"text-align: justify;\">Durant el mes de mar\u00e7, els nostres alumnes aniran a Paris per realitzar la segona part d&#8217;aquest intercanvi ling\u00fc\u00edstic, cultural i solidari.<\/div>\n<div><\/div>\n<div><\/div>\n<div style=\"text-align: center;\"><a href=\"https:\/\/agora.xtec.cat\/iessert\/wp-content\/uploads\/usu642\/2020\/01\/POSTER-CATAL\u00c0.jpg\"><img loading=\"lazy\" decoding=\"async\" class=\"alignnone size-full wp-image-5013\" src=\"https:\/\/agora.xtec.cat\/iessert\/wp-content\/uploads\/usu642\/2020\/01\/POSTER-CATAL\u00c0.jpg\" alt=\"\" width=\"325\" height=\"448\" srcset=\"https:\/\/agora.xtec.cat\/iessert\/wp-content\/uploads\/usu642\/2020\/01\/POSTER-CATAL\u00c0.jpg 325w, https:\/\/agora.xtec.cat\/iessert\/wp-content\/uploads\/usu642\/2020\/01\/POSTER-CATAL\u00c0-218x300.jpg 218w\" sizes=\"auto, (max-width: 325px) 100vw, 325px\" \/><\/a><\/div>\n<div><\/div>\n<div style=\"text-align: center;\"><a href=\"https:\/\/agora.xtec.cat\/iessert\/wp-content\/uploads\/usu642\/2020\/01\/POSTER-FRANC\u00c8S.jpg\"><img loading=\"lazy\" decoding=\"async\" class=\"alignnone size-full wp-image-5014\" src=\"https:\/\/agora.xtec.cat\/iessert\/wp-content\/uploads\/usu642\/2020\/01\/POSTER-FRANC\u00c8S.jpg\" alt=\"\" width=\"323\" height=\"448\" srcset=\"https:\/\/agora.xtec.cat\/iessert\/wp-content\/uploads\/usu642\/2020\/01\/POSTER-FRANC\u00c8S.jpg 323w, https:\/\/agora.xtec.cat\/iessert\/wp-content\/uploads\/usu642\/2020\/01\/POSTER-FRANC\u00c8S-216x300.jpg 216w\" sizes=\"auto, (max-width: 323px) 100vw, 323px\" \/><\/a><\/div>\n<div>\n<p><a href=\"https:\/\/agora.xtec.cat\/iessert\/wp-content\/uploads\/usu642\/2020\/01\/POSTER-CASTELLANO.jpg\"><img loading=\"lazy\" decoding=\"async\" class=\"size-full wp-image-5015 aligncenter\" src=\"https:\/\/agora.xtec.cat\/iessert\/wp-content\/uploads\/usu642\/2020\/01\/POSTER-CASTELLANO.jpg\" alt=\"\" width=\"323\" height=\"448\" srcset=\"https:\/\/agora.xtec.cat\/iessert\/wp-content\/uploads\/usu642\/2020\/01\/POSTER-CASTELLANO.jpg 323w, https:\/\/agora.xtec.cat\/iessert\/wp-content\/uploads\/usu642\/2020\/01\/POSTER-CASTELLANO-216x300.jpg 216w\" sizes=\"auto, (max-width: 323px) 100vw, 323px\" \/><\/a><\/p>\n<\/div>\n","protected":false},"excerpt":{"rendered":"<p>Entre el 26 i el 31 de gener tindrem al nostre institut un grup de 20 alumnes\u00a0i 2 professores del lyc\u00e9e Richelieu, de Rueil-Malmaison (Paris)<\/p>\n","protected":false},"author":1,"featured_media":5013,"comment_status":"closed","ping_status":"closed","sticky":false,"template":"","format":"standard","meta":{"_bbp_topic_count":0,"_bbp_reply_count":0,"_bbp_total_topic_count":0,"_bbp_total_reply_count":0,"_bbp_voice_count":0,"_bbp_anonymous_reply_count":0,"_bbp_topic_count_hidden":0,"_bbp_reply_count_hidden":0,"_bbp_forum_subforum_count":0,"site-sidebar-layout":"default","site-content-layout":"","ast-site-content-layout":"","site-content-style":"default","site-sidebar-style":"default","ast-global-header-display":"","ast-banner-title-visibility":"","ast-main-header-display":"","ast-hfb-above-header-display":"","ast-hfb-below-header-display":"","ast-hfb-mobile-header-display":"","site-post-title":"","ast-breadcrumbs-content":"","ast-featured-img":"","footer-sml-layout":"","theme-transparent-header-meta":"","adv-header-id-meta":"","stick-header-meta":"","header-above-stick-meta":"","header-main-stick-meta":"","header-below-stick-meta":"","astra-migrate-meta-layouts":"default","ast-page-background-enabled":"default","ast-page-background-meta":{"desktop":{"background-color":"var(--ast-global-color-4)","background-image":"","background-repeat":"repeat","background-position":"center center","background-size":"auto","background-attachment":"scroll","background-type":"","background-media":"","overlay-type":"","overlay-color":"","overlay-opacity":"","overlay-gradient":""},"tablet":{"background-color":"","background-image":"","background-repeat":"repeat","background-position":"center center","background-size":"auto","background-attachment":"scroll","background-type":"","background-media":"","overlay-type":"","overlay-color":"","overlay-opacity":"","overlay-gradient":""},"mobile":{"background-color":"","background-image":"","background-repeat":"repeat","background-position":"center center","background-size":"auto","background-attachment":"scroll","background-type":"","background-media":"","overlay-type":"","overlay-color":"","overlay-opacity":"","overlay-gradient":""}},"ast-content-background-meta":{"desktop":{"background-color":"var(--ast-global-color-5)","background-image":"","background-repeat":"repeat","background-position":"center center","background-size":"auto","background-attachment":"scroll","background-type":"","background-media":"","overlay-type":"","overlay-color":"","overlay-opacity":"","overlay-gradient":""},"tablet":{"background-color":"var(--ast-global-color-5)","background-image":"","background-repeat":"repeat","background-position":"center center","background-size":"auto","background-attachment":"scroll","background-type":"","background-media":"","overlay-type":"","overlay-color":"","overlay-opacity":"","overlay-gradient":""},"mobile":{"background-color":"var(--ast-global-color-5)","background-image":"","background-repeat":"repeat","background-position":"center center","background-size":"auto","background-attachment":"scroll","background-type":"","background-media":"","overlay-type":"","overlay-color":"","overlay-opacity":"","overlay-gradient":""}},"footnotes":""},"categories":[91,1,178,151,29,169],"tags":[],"class_list":["post-5011","post","type-post","status-publish","format-standard","has-post-thumbnail","hentry","category-frances","category-general","category-intercanvi-paris","category-intercanvis","category-portada","category-sortides-2019-20"],"post_mailing_queue_ids":[],"_links":{"self":[{"href":"https:\/\/agora.xtec.cat\/iessert\/wp-json\/wp\/v2\/posts\/5011","targetHints":{"allow":["GET"]}}],"collection":[{"href":"https:\/\/agora.xtec.cat\/iessert\/wp-json\/wp\/v2\/posts"}],"about":[{"href":"https:\/\/agora.xtec.cat\/iessert\/wp-json\/wp\/v2\/types\/post"}],"author":[{"embeddable":true,"href":"https:\/\/agora.xtec.cat\/iessert\/wp-json\/wp\/v2\/users\/1"}],"replies":[{"embeddable":true,"href":"https:\/\/agora.xtec.cat\/iessert\/wp-json\/wp\/v2\/comments?post=5011"}],"version-history":[{"count":3,"href":"https:\/\/agora.xtec.cat\/iessert\/wp-json\/wp\/v2\/posts\/5011\/revisions"}],"predecessor-version":[{"id":5018,"href":"https:\/\/agora.xtec.cat\/iessert\/wp-json\/wp\/v2\/posts\/5011\/revisions\/5018"}],"wp:featuredmedia":[{"embeddable":true,"href":"https:\/\/agora.xtec.cat\/iessert\/wp-json\/wp\/v2\/media\/5013"}],"wp:attachment":[{"href":"https:\/\/agora.xtec.cat\/iessert\/wp-json\/wp\/v2\/media?parent=5011"}],"wp:term":[{"taxonomy":"category","embeddable":true,"href":"https:\/\/agora.xtec.cat\/iessert\/wp-json\/wp\/v2\/categories?post=5011"},{"taxonomy":"post_tag","embeddable":true,"href":"https:\/\/agora.xtec.cat\/iessert\/wp-json\/wp\/v2\/tags?post=5011"}],"curies":[{"name":"wp","href":"https:\/\/api.w.org\/{rel}","templated":true}]}}