{"id":4980,"date":"2020-01-14T09:14:53","date_gmt":"2020-01-14T08:14:53","guid":{"rendered":"http:\/\/agora.xtec.cat\/iessert\/?p=4980"},"modified":"2020-01-14T09:14:53","modified_gmt":"2020-01-14T08:14:53","slug":"projecte-avancem-2","status":"publish","type":"post","link":"https:\/\/agora.xtec.cat\/iessert\/portada\/projecte-avancem-2\/","title":{"rendered":"PROJECTE AVANCEM"},"content":{"rendered":"<p style=\"text-align: justify;\">Les dues \u00faltimes setmanes abans de les vacances de nadal tots els grups de l&#8217;ESO del nostre centre van treballar el primer projecte Avancem d&#8217;aquest curs. L&#8217;objectiu d&#8217;aquest programa \u00e9s refor\u00e7ar la compet\u00e8ncia pluriling\u00fce dels alumnes implementant un ensenyament de les lleng\u00fces competencial que incentivi i faciliti la col\u00b7laboraci\u00f3 i el treball coordinat entre els professors de llengua. Enguany \u00e9s el quart curs que el nostre institut participa en el programa i aquest cop la tem\u00e0tica comuna ha estat treballar textos relacionats amb el nadal. Els alumnes han practicat diferents tipologies textuals en les quatre lleng\u00fces impartides al centre, catal\u00e0, castell\u00e0, angl\u00e8s i franc\u00e8s; i tamb\u00e9 han treballat la compet\u00e8ncia digital, ja que la tasca final d&#8217;algunes activitats ha estat la creaci\u00f3 d&#8217;un blog o la gravaci\u00f3 d&#8217;un tutorial utilitzant diferents eines d&#8217;edici\u00f3 d&#8217;imatge i v\u00eddeo. Els treballs dels alumnes han estat fant\u00e0stics i molt variats, des de postals de nadal en franc\u00e8s i angl\u00e8s, receptes de plats tradicionals en catal\u00e0, contes en castell\u00e0, fins a\u00a0 tutorials per fer decoracions i blogs informatius. A continuaci\u00f3 podeu veure algunes fotografies del treball dels alumnes a l&#8217;aula.<\/p>\n<p><strong><a href=\"https:\/\/drive.google.com\/drive\/folders\/11niz1bn1qOA6iXrecdHiARqLAQUTNnmv?usp=sharing\">FOTOGRAFIES<\/a><\/strong><\/p>\n","protected":false},"excerpt":{"rendered":"<p>El nostre centre participa per quart curs consecutiu en el programa Avancem<\/p>\n","protected":false},"author":1,"featured_media":4981,"comment_status":"closed","ping_status":"closed","sticky":false,"template":"","format":"standard","meta":{"_bbp_topic_count":0,"_bbp_reply_count":0,"_bbp_total_topic_count":0,"_bbp_total_reply_count":0,"_bbp_voice_count":0,"_bbp_anonymous_reply_count":0,"_bbp_topic_count_hidden":0,"_bbp_reply_count_hidden":0,"_bbp_forum_subforum_count":0,"site-sidebar-layout":"default","site-content-layout":"","ast-site-content-layout":"","site-content-style":"default","site-sidebar-style":"default","ast-global-header-display":"","ast-banner-title-visibility":"","ast-main-header-display":"","ast-hfb-above-header-display":"","ast-hfb-below-header-display":"","ast-hfb-mobile-header-display":"","site-post-title":"","ast-breadcrumbs-content":"","ast-featured-img":"","footer-sml-layout":"","theme-transparent-header-meta":"","adv-header-id-meta":"","stick-header-meta":"","header-above-stick-meta":"","header-main-stick-meta":"","header-below-stick-meta":"","astra-migrate-meta-layouts":"default","ast-page-background-enabled":"default","ast-page-background-meta":{"desktop":{"background-color":"var(--ast-global-color-4)","background-image":"","background-repeat":"repeat","background-position":"center center","background-size":"auto","background-attachment":"scroll","background-type":"","background-media":"","overlay-type":"","overlay-color":"","overlay-opacity":"","overlay-gradient":""},"tablet":{"background-color":"","background-image":"","background-repeat":"repeat","background-position":"center center","background-size":"auto","background-attachment":"scroll","background-type":"","background-media":"","overlay-type":"","overlay-color":"","overlay-opacity":"","overlay-gradient":""},"mobile":{"background-color":"","background-image":"","background-repeat":"repeat","background-position":"center center","background-size":"auto","background-attachment":"scroll","background-type":"","background-media":"","overlay-type":"","overlay-color":"","overlay-opacity":"","overlay-gradient":""}},"ast-content-background-meta":{"desktop":{"background-color":"var(--ast-global-color-5)","background-image":"","background-repeat":"repeat","background-position":"center center","background-size":"auto","background-attachment":"scroll","background-type":"","background-media":"","overlay-type":"","overlay-color":"","overlay-opacity":"","overlay-gradient":""},"tablet":{"background-color":"var(--ast-global-color-5)","background-image":"","background-repeat":"repeat","background-position":"center center","background-size":"auto","background-attachment":"scroll","background-type":"","background-media":"","overlay-type":"","overlay-color":"","overlay-opacity":"","overlay-gradient":""},"mobile":{"background-color":"var(--ast-global-color-5)","background-image":"","background-repeat":"repeat","background-position":"center center","background-size":"auto","background-attachment":"scroll","background-type":"","background-media":"","overlay-type":"","overlay-color":"","overlay-opacity":"","overlay-gradient":""}},"footnotes":""},"categories":[95,156,91,136,138,29,102,150],"tags":[],"class_list":["post-4980","post","type-post","status-publish","format-standard","has-post-thumbnail","hentry","category-angles","category-avancem","category-frances","category-llengua-i-literatura-castellana","category-llengua-i-literatura-catalana","category-portada","category-projectes","category-til"],"post_mailing_queue_ids":[],"_links":{"self":[{"href":"https:\/\/agora.xtec.cat\/iessert\/wp-json\/wp\/v2\/posts\/4980","targetHints":{"allow":["GET"]}}],"collection":[{"href":"https:\/\/agora.xtec.cat\/iessert\/wp-json\/wp\/v2\/posts"}],"about":[{"href":"https:\/\/agora.xtec.cat\/iessert\/wp-json\/wp\/v2\/types\/post"}],"author":[{"embeddable":true,"href":"https:\/\/agora.xtec.cat\/iessert\/wp-json\/wp\/v2\/users\/1"}],"replies":[{"embeddable":true,"href":"https:\/\/agora.xtec.cat\/iessert\/wp-json\/wp\/v2\/comments?post=4980"}],"version-history":[{"count":1,"href":"https:\/\/agora.xtec.cat\/iessert\/wp-json\/wp\/v2\/posts\/4980\/revisions"}],"predecessor-version":[{"id":4982,"href":"https:\/\/agora.xtec.cat\/iessert\/wp-json\/wp\/v2\/posts\/4980\/revisions\/4982"}],"wp:featuredmedia":[{"embeddable":true,"href":"https:\/\/agora.xtec.cat\/iessert\/wp-json\/wp\/v2\/media\/4981"}],"wp:attachment":[{"href":"https:\/\/agora.xtec.cat\/iessert\/wp-json\/wp\/v2\/media?parent=4980"}],"wp:term":[{"taxonomy":"category","embeddable":true,"href":"https:\/\/agora.xtec.cat\/iessert\/wp-json\/wp\/v2\/categories?post=4980"},{"taxonomy":"post_tag","embeddable":true,"href":"https:\/\/agora.xtec.cat\/iessert\/wp-json\/wp\/v2\/tags?post=4980"}],"curies":[{"name":"wp","href":"https:\/\/api.w.org\/{rel}","templated":true}]}}