{"id":4398,"date":"2019-04-22T21:18:10","date_gmt":"2019-04-22T19:18:10","guid":{"rendered":"http:\/\/agora.xtec.cat\/iessert\/?p=4398"},"modified":"2019-05-07T11:23:37","modified_gmt":"2019-05-07T09:23:37","slug":"ecofesta-2018-19","status":"publish","type":"post","link":"https:\/\/agora.xtec.cat\/iessert\/portada\/ecofesta-2018-19\/","title":{"rendered":"ECOFESTA 2018-19"},"content":{"rendered":"<p><u>L\u2019INSTITUT JOSEP LLU\u00cdS SERT CELEBRA L\u2019ECOFESTA 2018-19<\/u><\/p>\n<p style=\"text-align: justify;\">\u00a0\u00a0\u00a0\u00a0\u00a0\u00a0\u00a0\u00a0\u00a0\u00a0\u00a0 Una primavera m\u00e9s -i ja en van unes quantes- el nostre centre ha celebrat l\u2019Ecofesta, un esdeveniment que va m\u00e9s enll\u00e0 del que el seu nom pot, a simple vista significar, ja que t\u00e9 com a referents diversos valors: el respecte i el gaudi del mediambient, la preocupaci\u00f3 pel canvi clim\u00e0tic, l\u2019esperit solidari\u2026\u00a0 En definitiva, el benestar de les persones gr\u00e0cies a conductes inspirades en la natura. Caldria afegir com a eix vertebrador la participaci\u00f3, ja que \u00e9s tota la comunitat educativa (alumnes, mares, pares i professorat) que la fa possible, a m\u00e9s d\u2019altres entitats de Castelldefels que tamb\u00e9 hi contribueixen.<\/p>\n<p style=\"text-align: justify;\">\u00a0\u00a0\u00a0\u00a0\u00a0\u00a0\u00a0\u00a0\u00a0\u00a0\u00a0 Aix\u00ed, la Cursa Verda i Solid\u00e0ria no s\u2019hauria pogut organitzar sense l\u2019ajut inestimable de la Policia Local ,dels professors Rosa, Rub\u00e9n i F\u00e9lix, i -per suposat- de la dotzena d\u2019alumnes voluntaris que es van distribuir per tot el recorregut. Acompanyats d\u2019alguns pares, mares i professors,\u00a0 un centenar d\u2019alumnes van rec\u00f3rrer el trajecte entre l\u2019institut i el campus de la UPC en una cursa de certa exig\u00e8ncia f\u00edsica (5 kms qui feia dues voltes) per\u00f2 tamb\u00e9 amb un cert caire metaf\u00f2ric, ja que molts visitaran les seves aules per examinar-se de les PAU en un futur no gaire lluny\u00e0 i qui sap si tamb\u00e9 per cursar-hi estudis superiors.<\/p>\n<p style=\"text-align: justify;\">\u00a0\u00a0\u00a0\u00a0\u00a0\u00a0\u00a0\u00a0\u00a0\u00a0\u00a0 La resta d\u2019activitats van venir despr\u00e9s de la manera m\u00e9s variada, interessant i coordinada que vam ser capa\u00e7os: la Donata (AMPA) ens va dibuixar un mandala gegant que molts assistents vam acolorir; les alumnes Teo, Gaby, L\u00eddia i Meri van engrescar tothom a ballar zumba; el D\u00eddac (AMPA) va fer un taller de malabars; les professores Marta i Mar, ajudades per alumnes i pares, van comen\u00e7ar a muntar un hivernacle que l\u2019AMPA ha adquirit pel centre; la Marta, del Viver Tres Turons (Castellar del Vall\u00e8s) va impartir un taller de reproducci\u00f3 de plantes (gr\u00e0cies a la Regidoria de Medi Ambient) i tothom se\u2019n va poder emportar una a casa seva; la S\u00f2nia (AMPA) va organitzar una sessi\u00f3 de taitx\u00ed que va deixar molt bones sensacions; els assistents van poder plantar pins i palmeres cedits per Jarfels, tamb\u00e9 un taronger apadrinat pel salumnes de 1ESO. Despr\u00e9s van venir les actuacions del Taller de M\u00fasica de l\u2019AMPA, de la coral del Ins, J.L. Sert i d\u2019altres alumnes que van mostrar les seves excel.l\u00e8ncies musicals. Es van llegir tres poemes amb el tema de la natura com a denominador com\u00fa i un manifestd\u2019adhesi\u00f3 al moviment juvenil contra al canvi clim\u00e0tic \u201cFridays for Future\u201d. Cal afegir que durant tot el mat\u00ed es van poder veure tamb\u00e9 tres exposicions: \u201cEl Planeta Terra\u201d, \u201cMalbaratament Alimentari\u201d i \u201cAus a l\u2019entorn del centre\u201d (a iniciativa del Departament de Visual i Pl\u00e0stica). Finalment, els alumnes de 4ESO, que ja havien organitzat un torneig de ping-pong), van oferir (amb l\u2019ajut inestimable de membres de l\u2019AMPA) un dinar de germanor, els beneficis del qual van destinats al seu viatge de final de cicle i a la seva festa de graduaci\u00f3.<\/p>\n<p style=\"text-align: justify;\">\u00a0\u00a0\u00a0\u00a0\u00a0\u00a0\u00a0\u00a0\u00a0\u00a0\u00a0 Tot i que segurament quedaran molts noms de persones i entitats sense esmentar, per acabar cal afegir l\u2019entusiasme i dedicaci\u00f3 que, com cada curs, hi posa l\u2019equip directiu, el muntatge t\u00e8cnic a c\u00e0rrec de la professora Manoli, l\u2019amena informaci\u00f3 que en tot moment van anar oferint les alumnes Laia i Ariadna com a speakers de l\u2019acte i la visita dels representants de les regidories d\u2019ensenyament i mediambient. Cal no oblidar tampoc la cobertura gr\u00e0fica que van fer de la jornada l\u2019Alicia Pardo, el Jordi Navarro (professors) i la Ver\u00f3nica L. Arao (AMPA). Els seus documents gr\u00e0fics quedaran per recordar-nos que a \u201cCastelldefels, Ciutat Educadora\u201d cal que proliferin m\u00e9s actes com aquesta Ecofesta que promou l\u2019Ins. J.L. Sert.<\/p>\n<p>\u00a0\u00a0\u00a0\u00a0\u00a0\u00a0\u00a0\u00a0\u00a0\u00a0\u00a0\u00a0\u00a0\u00a0\u00a0\u00a0\u00a0\u00a0\u00a0\u00a0\u00a0\u00a0\u00a0\u00a0\u00a0\u00a0\u00a0\u00a0\u00a0\u00a0\u00a0\u00a0\u00a0\u00a0\u00a0\u00a0\u00a0\u00a0\u00a0\u00a0\u00a0\u00a0\u00a0\u00a0\u00a0\u00a0\u00a0\u00a0\u00a0\u00a0\u00a0\u00a0\u00a0\u00a0\u00a0\u00a0\u00a0\u00a0\u00a0\u00a0\u00a0\u00a0\u00a0\u00a0\u00a0\u00a0\u00a0\u00a0\u00a0\u00a0 <em>Coordinaci\u00f3 d\u2019EscolaVerda Ins J.L. Sert<\/em><\/p>\n<p>Podeu veure fotografies de la jornada al seg\u00fcent enlla\u00e7:\u00a0<a href=\"https:\/\/drive.google.com\/drive\/folders\/1MoObrP1d2ZpDh2N4ccfxOx1ue94-fDN1?usp=sharing\">ECO FESTA 2019.<\/a><\/p>\n<p>M\u00e9s fotografies a continuaci\u00f3:\u00a0<a href=\"https:\/\/www.flickr.com\/photos\/magvetica\/sets\/72157677624106777\/\">ECO FESTA 2019 (2)<\/a><\/p>\n<p>Si voleu tamb\u00e9 podeu veure un video <a href=\"https:\/\/drive.google.com\/drive\/folders\/156Wty1EfzblNNMri5wEzNjqQK2T6dtPa?usp=sharing\">AQU\u00cd.<\/a><\/p>\n<p>Tamb\u00e9 teniu la possibilitat d&#8217;escoltar una entrevista sobre l&#8217;Ecofesta i la Setmana Verda i Solid\u00e0ria a R\u00e0dio Castelldefels <a href=\"https:\/\/od.lk\/f\/Nl8xNzIzMzU2OTJf\">AQU\u00cd.<\/a><\/p>\n","protected":false},"excerpt":{"rendered":"<p>L&#8217;Institut Josep Llu\u00eds Sert celebra l&#8217;Ecofesta 2018-19<\/p>\n","protected":false},"author":1,"featured_media":4401,"comment_status":"closed","ping_status":"closed","sticky":false,"template":"","format":"standard","meta":{"_bbp_topic_count":0,"_bbp_reply_count":0,"_bbp_total_topic_count":0,"_bbp_total_reply_count":0,"_bbp_voice_count":0,"_bbp_anonymous_reply_count":0,"_bbp_topic_count_hidden":0,"_bbp_reply_count_hidden":0,"_bbp_forum_subforum_count":0,"site-sidebar-layout":"default","site-content-layout":"","ast-site-content-layout":"","site-content-style":"default","site-sidebar-style":"default","ast-global-header-display":"","ast-banner-title-visibility":"","ast-main-header-display":"","ast-hfb-above-header-display":"","ast-hfb-below-header-display":"","ast-hfb-mobile-header-display":"","site-post-title":"","ast-breadcrumbs-content":"","ast-featured-img":"","footer-sml-layout":"","theme-transparent-header-meta":"","adv-header-id-meta":"","stick-header-meta":"","header-above-stick-meta":"","header-main-stick-meta":"","header-below-stick-meta":"","astra-migrate-meta-layouts":"default","ast-page-background-enabled":"default","ast-page-background-meta":{"desktop":{"background-color":"var(--ast-global-color-4)","background-image":"","background-repeat":"repeat","background-position":"center center","background-size":"auto","background-attachment":"scroll","background-type":"","background-media":"","overlay-type":"","overlay-color":"","overlay-opacity":"","overlay-gradient":""},"tablet":{"background-color":"","background-image":"","background-repeat":"repeat","background-position":"center center","background-size":"auto","background-attachment":"scroll","background-type":"","background-media":"","overlay-type":"","overlay-color":"","overlay-opacity":"","overlay-gradient":""},"mobile":{"background-color":"","background-image":"","background-repeat":"repeat","background-position":"center center","background-size":"auto","background-attachment":"scroll","background-type":"","background-media":"","overlay-type":"","overlay-color":"","overlay-opacity":"","overlay-gradient":""}},"ast-content-background-meta":{"desktop":{"background-color":"var(--ast-global-color-5)","background-image":"","background-repeat":"repeat","background-position":"center center","background-size":"auto","background-attachment":"scroll","background-type":"","background-media":"","overlay-type":"","overlay-color":"","overlay-opacity":"","overlay-gradient":""},"tablet":{"background-color":"var(--ast-global-color-5)","background-image":"","background-repeat":"repeat","background-position":"center center","background-size":"auto","background-attachment":"scroll","background-type":"","background-media":"","overlay-type":"","overlay-color":"","overlay-opacity":"","overlay-gradient":""},"mobile":{"background-color":"var(--ast-global-color-5)","background-image":"","background-repeat":"repeat","background-position":"center center","background-size":"auto","background-attachment":"scroll","background-type":"","background-media":"","overlay-type":"","overlay-color":"","overlay-opacity":"","overlay-gradient":""}},"footnotes":""},"categories":[106,128,29],"tags":[],"class_list":["post-4398","post","type-post","status-publish","format-standard","has-post-thumbnail","hentry","category-ecofesta","category-escoles-verdes","category-portada"],"post_mailing_queue_ids":[],"_links":{"self":[{"href":"https:\/\/agora.xtec.cat\/iessert\/wp-json\/wp\/v2\/posts\/4398","targetHints":{"allow":["GET"]}}],"collection":[{"href":"https:\/\/agora.xtec.cat\/iessert\/wp-json\/wp\/v2\/posts"}],"about":[{"href":"https:\/\/agora.xtec.cat\/iessert\/wp-json\/wp\/v2\/types\/post"}],"author":[{"embeddable":true,"href":"https:\/\/agora.xtec.cat\/iessert\/wp-json\/wp\/v2\/users\/1"}],"replies":[{"embeddable":true,"href":"https:\/\/agora.xtec.cat\/iessert\/wp-json\/wp\/v2\/comments?post=4398"}],"version-history":[{"count":3,"href":"https:\/\/agora.xtec.cat\/iessert\/wp-json\/wp\/v2\/posts\/4398\/revisions"}],"predecessor-version":[{"id":4437,"href":"https:\/\/agora.xtec.cat\/iessert\/wp-json\/wp\/v2\/posts\/4398\/revisions\/4437"}],"wp:featuredmedia":[{"embeddable":true,"href":"https:\/\/agora.xtec.cat\/iessert\/wp-json\/wp\/v2\/media\/4401"}],"wp:attachment":[{"href":"https:\/\/agora.xtec.cat\/iessert\/wp-json\/wp\/v2\/media?parent=4398"}],"wp:term":[{"taxonomy":"category","embeddable":true,"href":"https:\/\/agora.xtec.cat\/iessert\/wp-json\/wp\/v2\/categories?post=4398"},{"taxonomy":"post_tag","embeddable":true,"href":"https:\/\/agora.xtec.cat\/iessert\/wp-json\/wp\/v2\/tags?post=4398"}],"curies":[{"name":"wp","href":"https:\/\/api.w.org\/{rel}","templated":true}]}}