{"id":4203,"date":"2019-03-18T19:23:44","date_gmt":"2019-03-18T18:23:44","guid":{"rendered":"http:\/\/agora.xtec.cat\/iessert\/?p=4203"},"modified":"2019-03-18T19:23:44","modified_gmt":"2019-03-18T18:23:44","slug":"noticies-des-del-quebec","status":"publish","type":"post","link":"https:\/\/agora.xtec.cat\/iessert\/portada\/noticies-des-del-quebec\/","title":{"rendered":"NOT\u00cdCIES DES DEL QUEBEC"},"content":{"rendered":"<p style=\"text-align: justify;\" align=\"left\">La nostra alumna Marta Andrada porta ja dos mesos al Quebec, seguint les classes com una alumna m\u00e9s al mateix centre que la seva &#8220;correspondante&#8221; Pascale. Aquest intercanvi li permetra millorar el seu nivell de franc\u00e8s i viure una experi\u00e8ncia que segur ser\u00e0 inoblidable en un pa\u00eds amb una cultura, clima i paisatge diferents. Tot i la temperatura que ha fet alguns dies (- 27\u00baC!), la Marta est\u00e0 encantada amb la rebuda de la seva fam\u00edlia i amb totes les activitats noves que est\u00e0 fent.<\/p>\n<p style=\"text-align: justify;\" align=\"left\">Esperem que gaudeixi molt d&#8217;aquesta experi\u00e8ncia!<\/p>\n<p style=\"text-align: center;\" align=\"left\"><a href=\"https:\/\/agora.xtec.cat\/iessert\/wp-content\/uploads\/usu642\/2019\/03\/quebec-1.jpg\"><img loading=\"lazy\" decoding=\"async\" class=\"alignnone size-full wp-image-4204\" src=\"https:\/\/agora.xtec.cat\/iessert\/wp-content\/uploads\/usu642\/2019\/03\/quebec-1.jpg\" alt=\"\" width=\"448\" height=\"297\" srcset=\"https:\/\/agora.xtec.cat\/iessert\/wp-content\/uploads\/usu642\/2019\/03\/quebec-1.jpg 448w, https:\/\/agora.xtec.cat\/iessert\/wp-content\/uploads\/usu642\/2019\/03\/quebec-1-300x199.jpg 300w\" sizes=\"auto, (max-width: 448px) 100vw, 448px\" \/><\/a><\/p>\n<p style=\"text-align: center;\" align=\"left\"><a href=\"https:\/\/agora.xtec.cat\/iessert\/wp-content\/uploads\/usu642\/2019\/03\/quebec-2.jpg\"><img loading=\"lazy\" decoding=\"async\" class=\"alignnone size-full wp-image-4205\" src=\"https:\/\/agora.xtec.cat\/iessert\/wp-content\/uploads\/usu642\/2019\/03\/quebec-2.jpg\" alt=\"\" width=\"448\" height=\"297\" srcset=\"https:\/\/agora.xtec.cat\/iessert\/wp-content\/uploads\/usu642\/2019\/03\/quebec-2.jpg 448w, https:\/\/agora.xtec.cat\/iessert\/wp-content\/uploads\/usu642\/2019\/03\/quebec-2-300x199.jpg 300w\" sizes=\"auto, (max-width: 448px) 100vw, 448px\" \/><\/a><\/p>\n<p align=\"left\"><a href=\"https:\/\/agora.xtec.cat\/iessert\/wp-content\/uploads\/usu642\/2019\/03\/quebec-3.jpg\">\u00a0 \u00a0 \u00a0<img loading=\"lazy\" decoding=\"async\" class=\"alignnone size-full wp-image-4206\" src=\"https:\/\/agora.xtec.cat\/iessert\/wp-content\/uploads\/usu642\/2019\/03\/quebec-3.jpg\" alt=\"\" width=\"336\" height=\"448\" srcset=\"https:\/\/agora.xtec.cat\/iessert\/wp-content\/uploads\/usu642\/2019\/03\/quebec-3.jpg 336w, https:\/\/agora.xtec.cat\/iessert\/wp-content\/uploads\/usu642\/2019\/03\/quebec-3-225x300.jpg 225w\" sizes=\"auto, (max-width: 336px) 100vw, 336px\" \/><\/a>\u00a0 \u00a0 \u00a0 \u00a0 \u00a0 \u00a0 \u00a0 \u00a0 \u00a0<a href=\"https:\/\/agora.xtec.cat\/iessert\/wp-content\/uploads\/usu642\/2019\/03\/quebec-9.jpg\"><img loading=\"lazy\" decoding=\"async\" class=\"alignnone size-full wp-image-4209\" src=\"https:\/\/agora.xtec.cat\/iessert\/wp-content\/uploads\/usu642\/2019\/03\/quebec-9.jpg\" alt=\"\" width=\"336\" height=\"448\" srcset=\"https:\/\/agora.xtec.cat\/iessert\/wp-content\/uploads\/usu642\/2019\/03\/quebec-9.jpg 336w, https:\/\/agora.xtec.cat\/iessert\/wp-content\/uploads\/usu642\/2019\/03\/quebec-9-225x300.jpg 225w\" sizes=\"auto, (max-width: 336px) 100vw, 336px\" \/><\/a><\/p>\n<p align=\"left\">\u00a0 \u00a0 \u00a0<a href=\"https:\/\/agora.xtec.cat\/iessert\/wp-content\/uploads\/usu642\/2019\/03\/quebec-6.jpg\"><img loading=\"lazy\" decoding=\"async\" class=\"alignnone size-full wp-image-4207\" src=\"https:\/\/agora.xtec.cat\/iessert\/wp-content\/uploads\/usu642\/2019\/03\/quebec-6.jpg\" alt=\"\" width=\"336\" height=\"448\" srcset=\"https:\/\/agora.xtec.cat\/iessert\/wp-content\/uploads\/usu642\/2019\/03\/quebec-6.jpg 336w, https:\/\/agora.xtec.cat\/iessert\/wp-content\/uploads\/usu642\/2019\/03\/quebec-6-225x300.jpg 225w\" sizes=\"auto, (max-width: 336px) 100vw, 336px\" \/><\/a>\u00a0 \u00a0 \u00a0 \u00a0 \u00a0 \u00a0 \u00a0 \u00a0 \u00a0<a href=\"https:\/\/agora.xtec.cat\/iessert\/wp-content\/uploads\/usu642\/2019\/03\/quebec-7.jpg\"><img loading=\"lazy\" decoding=\"async\" class=\"alignnone size-full wp-image-4208\" src=\"https:\/\/agora.xtec.cat\/iessert\/wp-content\/uploads\/usu642\/2019\/03\/quebec-7.jpg\" alt=\"\" width=\"336\" height=\"448\" srcset=\"https:\/\/agora.xtec.cat\/iessert\/wp-content\/uploads\/usu642\/2019\/03\/quebec-7.jpg 336w, https:\/\/agora.xtec.cat\/iessert\/wp-content\/uploads\/usu642\/2019\/03\/quebec-7-225x300.jpg 225w\" sizes=\"auto, (max-width: 336px) 100vw, 336px\" \/><\/a><\/p>\n<p style=\"text-align: center;\" align=\"left\"><a href=\"https:\/\/agora.xtec.cat\/iessert\/wp-content\/uploads\/usu642\/2019\/03\/quebec-4.jpg\"><img loading=\"lazy\" decoding=\"async\" class=\"alignnone size-full wp-image-4210\" src=\"https:\/\/agora.xtec.cat\/iessert\/wp-content\/uploads\/usu642\/2019\/03\/quebec-4.jpg\" alt=\"\" width=\"448\" height=\"336\" srcset=\"https:\/\/agora.xtec.cat\/iessert\/wp-content\/uploads\/usu642\/2019\/03\/quebec-4.jpg 448w, https:\/\/agora.xtec.cat\/iessert\/wp-content\/uploads\/usu642\/2019\/03\/quebec-4-300x225.jpg 300w, https:\/\/agora.xtec.cat\/iessert\/wp-content\/uploads\/usu642\/2019\/03\/quebec-4-200x150.jpg 200w\" sizes=\"auto, (max-width: 448px) 100vw, 448px\" \/><\/a><\/p>\n<p style=\"text-align: center;\" align=\"left\"><a href=\"https:\/\/agora.xtec.cat\/iessert\/wp-content\/uploads\/usu642\/2019\/03\/quebec-5.jpg\"><img loading=\"lazy\" decoding=\"async\" class=\"alignnone size-full wp-image-4211\" src=\"https:\/\/agora.xtec.cat\/iessert\/wp-content\/uploads\/usu642\/2019\/03\/quebec-5.jpg\" alt=\"\" width=\"448\" height=\"336\" srcset=\"https:\/\/agora.xtec.cat\/iessert\/wp-content\/uploads\/usu642\/2019\/03\/quebec-5.jpg 448w, https:\/\/agora.xtec.cat\/iessert\/wp-content\/uploads\/usu642\/2019\/03\/quebec-5-300x225.jpg 300w, https:\/\/agora.xtec.cat\/iessert\/wp-content\/uploads\/usu642\/2019\/03\/quebec-5-200x150.jpg 200w\" sizes=\"auto, (max-width: 448px) 100vw, 448px\" \/><\/a><\/p>\n<p style=\"text-align: center;\" align=\"left\"><a href=\"https:\/\/agora.xtec.cat\/iessert\/wp-content\/uploads\/usu642\/2019\/03\/quebec-8.jpg\"><img loading=\"lazy\" decoding=\"async\" class=\"alignnone size-full wp-image-4212\" src=\"https:\/\/agora.xtec.cat\/iessert\/wp-content\/uploads\/usu642\/2019\/03\/quebec-8.jpg\" alt=\"\" width=\"448\" height=\"336\" srcset=\"https:\/\/agora.xtec.cat\/iessert\/wp-content\/uploads\/usu642\/2019\/03\/quebec-8.jpg 448w, https:\/\/agora.xtec.cat\/iessert\/wp-content\/uploads\/usu642\/2019\/03\/quebec-8-300x225.jpg 300w, https:\/\/agora.xtec.cat\/iessert\/wp-content\/uploads\/usu642\/2019\/03\/quebec-8-200x150.jpg 200w\" sizes=\"auto, (max-width: 448px) 100vw, 448px\" \/><\/a><\/p>\n<p align=\"left\">\n","protected":false},"excerpt":{"rendered":"<p>La nostra alumna Marta Andrada porta ja dos mesos al Quebec<\/p>\n","protected":false},"author":1,"featured_media":4212,"comment_status":"closed","ping_status":"closed","sticky":false,"template":"","format":"standard","meta":{"_bbp_topic_count":0,"_bbp_reply_count":0,"_bbp_total_topic_count":0,"_bbp_total_reply_count":0,"_bbp_voice_count":0,"_bbp_anonymous_reply_count":0,"_bbp_topic_count_hidden":0,"_bbp_reply_count_hidden":0,"_bbp_forum_subforum_count":0,"site-sidebar-layout":"default","site-content-layout":"","ast-site-content-layout":"","site-content-style":"default","site-sidebar-style":"default","ast-global-header-display":"","ast-banner-title-visibility":"","ast-main-header-display":"","ast-hfb-above-header-display":"","ast-hfb-below-header-display":"","ast-hfb-mobile-header-display":"","site-post-title":"","ast-breadcrumbs-content":"","ast-featured-img":"","footer-sml-layout":"","theme-transparent-header-meta":"","adv-header-id-meta":"","stick-header-meta":"","header-above-stick-meta":"","header-main-stick-meta":"","header-below-stick-meta":"","astra-migrate-meta-layouts":"default","ast-page-background-enabled":"default","ast-page-background-meta":{"desktop":{"background-color":"var(--ast-global-color-4)","background-image":"","background-repeat":"repeat","background-position":"center center","background-size":"auto","background-attachment":"scroll","background-type":"","background-media":"","overlay-type":"","overlay-color":"","overlay-opacity":"","overlay-gradient":""},"tablet":{"background-color":"","background-image":"","background-repeat":"repeat","background-position":"center center","background-size":"auto","background-attachment":"scroll","background-type":"","background-media":"","overlay-type":"","overlay-color":"","overlay-opacity":"","overlay-gradient":""},"mobile":{"background-color":"","background-image":"","background-repeat":"repeat","background-position":"center center","background-size":"auto","background-attachment":"scroll","background-type":"","background-media":"","overlay-type":"","overlay-color":"","overlay-opacity":"","overlay-gradient":""}},"ast-content-background-meta":{"desktop":{"background-color":"var(--ast-global-color-5)","background-image":"","background-repeat":"repeat","background-position":"center center","background-size":"auto","background-attachment":"scroll","background-type":"","background-media":"","overlay-type":"","overlay-color":"","overlay-opacity":"","overlay-gradient":""},"tablet":{"background-color":"var(--ast-global-color-5)","background-image":"","background-repeat":"repeat","background-position":"center center","background-size":"auto","background-attachment":"scroll","background-type":"","background-media":"","overlay-type":"","overlay-color":"","overlay-opacity":"","overlay-gradient":""},"mobile":{"background-color":"var(--ast-global-color-5)","background-image":"","background-repeat":"repeat","background-position":"center center","background-size":"auto","background-attachment":"scroll","background-type":"","background-media":"","overlay-type":"","overlay-color":"","overlay-opacity":"","overlay-gradient":""}},"footnotes":""},"categories":[91,139,151,29],"tags":[],"class_list":["post-4203","post","type-post","status-publish","format-standard","has-post-thumbnail","hentry","category-frances","category-intercanvi-quebec","category-intercanvis","category-portada"],"post_mailing_queue_ids":[],"_links":{"self":[{"href":"https:\/\/agora.xtec.cat\/iessert\/wp-json\/wp\/v2\/posts\/4203","targetHints":{"allow":["GET"]}}],"collection":[{"href":"https:\/\/agora.xtec.cat\/iessert\/wp-json\/wp\/v2\/posts"}],"about":[{"href":"https:\/\/agora.xtec.cat\/iessert\/wp-json\/wp\/v2\/types\/post"}],"author":[{"embeddable":true,"href":"https:\/\/agora.xtec.cat\/iessert\/wp-json\/wp\/v2\/users\/1"}],"replies":[{"embeddable":true,"href":"https:\/\/agora.xtec.cat\/iessert\/wp-json\/wp\/v2\/comments?post=4203"}],"version-history":[{"count":1,"href":"https:\/\/agora.xtec.cat\/iessert\/wp-json\/wp\/v2\/posts\/4203\/revisions"}],"predecessor-version":[{"id":4213,"href":"https:\/\/agora.xtec.cat\/iessert\/wp-json\/wp\/v2\/posts\/4203\/revisions\/4213"}],"wp:featuredmedia":[{"embeddable":true,"href":"https:\/\/agora.xtec.cat\/iessert\/wp-json\/wp\/v2\/media\/4212"}],"wp:attachment":[{"href":"https:\/\/agora.xtec.cat\/iessert\/wp-json\/wp\/v2\/media?parent=4203"}],"wp:term":[{"taxonomy":"category","embeddable":true,"href":"https:\/\/agora.xtec.cat\/iessert\/wp-json\/wp\/v2\/categories?post=4203"},{"taxonomy":"post_tag","embeddable":true,"href":"https:\/\/agora.xtec.cat\/iessert\/wp-json\/wp\/v2\/tags?post=4203"}],"curies":[{"name":"wp","href":"https:\/\/api.w.org\/{rel}","templated":true}]}}