{"id":3748,"date":"2021-11-03T10:50:49","date_gmt":"2021-11-03T09:50:49","guid":{"rendered":"http:\/\/agora.xtec.cat\/iessert\/?p=3748"},"modified":"2021-11-03T10:54:28","modified_gmt":"2021-11-03T09:54:28","slug":"eleccions-consell-escolar","status":"publish","type":"post","link":"https:\/\/agora.xtec.cat\/iessert\/portada\/eleccions-consell-escolar\/","title":{"rendered":"ELECCIONS AL CONSELL ESCOLAR"},"content":{"rendered":"<p>ELECCIONS AL CONSELL ESCOLAR 2021<\/p>\n<p>A partir del dia 2 de Novembre s\u2019inicia el proc\u00e9s de renovaci\u00f3 parcial dels membres del Consell Escolar del nostre centre.<\/p>\n<p>Els membres que s\u2019han de renovar s\u00f3n els seg\u00fcents:<\/p>\n<ul>\n<li>2 representants del sector pares i mares.<\/li>\n<li>2 representants del sector alumnat.<\/li>\n<li>4 representants del sector professorat.<\/li>\n<li>1 representant del sector PAS.<\/li>\n<li>1 representant del sector PAE.<\/li>\n<\/ul>\n<p><strong>US ANIMEM A PRESENTAR LA VOSTRA CANDIDATURA!<\/strong><\/p>\n<p>Aqu\u00ed teniu el formulari. S\u2019ha de presentar a la secretaria del centre abans del dia 16 de novembre.<\/p>\n<p><a href=\"https:\/\/agora.xtec.cat\/iessert\/wp-content\/uploads\/usu642\/2018\/11\/PRESENTACI\u00d3-CANDIDATURES.pdf\">FORMULARI PRESENTACI\u00d3 CANDIDATURES<\/a><\/p>\n<p>Les dates de les principals actuacions del proc\u00e9s s\u00f3n les seg\u00fcents:<\/p>\n<table style=\"height: 613px; width: 65.4454%;\" width=\"100\">\n<tbody>\n<tr style=\"height: 32px;\">\n<td style=\"height: 32px; width: 24.6813%;\" width=\"161\"><strong>Data<\/strong><\/td>\n<td style=\"height: 32px; width: 51.6709%;\" width=\"246\"><strong>Actuacions<\/strong><\/td>\n<td style=\"height: 32px; width: 234.079%;\" width=\"151\"><strong>Lloc<\/strong><\/td>\n<\/tr>\n<tr style=\"height: 62px;\">\n<td style=\"height: 62px; width: 24.6813%;\" width=\"161\">3 de Novembre<\/td>\n<td style=\"height: 62px; width: 51.6709%;\" width=\"246\">Convocat\u00f2ria de les eleccions i publicaci\u00f3 del cens electoral provisional de cada sector.<\/td>\n<td style=\"height: 62px; width: 234.079%;\" width=\"151\">Tauler d\u2019anuncis del centre<\/td>\n<\/tr>\n<tr style=\"height: 47px;\">\n<td style=\"height: 47px; width: 24.6813%;\" width=\"161\">Del 3 al 8 de Novembre<\/td>\n<td style=\"height: 47px; width: 51.6709%;\" width=\"246\">Presentaci\u00f3 de reclamacions al cens electoral.<\/td>\n<td style=\"height: 47px; width: 234.079%;\" width=\"151\">Secretaria del centre<\/td>\n<\/tr>\n<tr style=\"height: 47px;\">\n<td style=\"height: 47px; width: 24.6813%;\" width=\"161\">5 de Novembre<\/td>\n<td style=\"height: 47px; width: 51.6709%;\" width=\"246\">Sorteig per designar els membres de les meses electorals.<\/td>\n<td style=\"height: 47px; width: 234.079%;\" width=\"151\">Despatx direcci\u00f3 del centre<\/td>\n<\/tr>\n<tr style=\"height: 119px;\">\n<td style=\"height: 119px; width: 24.6813%;\" width=\"161\">11 de Novembre<\/td>\n<td style=\"height: 119px; width: 51.6709%;\" width=\"246\">Constituci\u00f3 de les meses electorals.<\/p>\n<p>Resoluci\u00f3 de les reclamacions als censos electorals.<\/p>\n<p>Publicaci\u00f3 del censos electorals definitius<\/td>\n<td style=\"height: 119px; width: 234.079%;\" width=\"151\">Despatx direcci\u00f3 del centre<\/p>\n<p>Tauler d\u2019anuncis del centre<\/td>\n<\/tr>\n<tr style=\"height: 47px;\">\n<td style=\"height: 47px; width: 24.6813%;\" width=\"161\">15 de Novembre<\/td>\n<td style=\"height: 47px; width: 51.6709%;\" width=\"246\">Data l\u00edmit per presentar les candidatures al Consell Escolar.<\/td>\n<td style=\"height: 47px; width: 234.079%;\" width=\"151\">Secretaria del centre<\/td>\n<\/tr>\n<tr style=\"height: 57px;\">\n<td style=\"height: 57px; width: 24.6813%;\" width=\"161\">16 de Novembre<\/td>\n<td style=\"height: 57px; width: 51.6709%;\" width=\"246\">Publicaci\u00f3 de les candidatures.<\/td>\n<td style=\"height: 57px; width: 234.079%;\" width=\"151\">Tauler d\u2019anuncis del centre<\/td>\n<\/tr>\n<tr style=\"height: 38px;\">\n<td style=\"height: 38px; width: 24.6813%;\" width=\"161\">18 de Novembre<\/td>\n<td style=\"height: 38px; width: 51.6709%;\" width=\"246\">Presentaci\u00f3 de sol\u00b7licituds per actuar de supervisor\/a del proc\u00e9s electoral.<\/td>\n<td style=\"height: 38px; width: 234.079%;\" width=\"151\">Secretaria del centre<\/td>\n<\/tr>\n<tr style=\"height: 140px;\">\n<td style=\"height: 140px; width: 24.6813%;\" width=\"161\"><strong>23 de Novembre<\/strong><\/td>\n<td style=\"height: 140px; width: 51.6709%;\" width=\"246\"><strong>Votacions sector pares i mares (de 15:00 h a 19:00 h)<\/strong><\/p>\n<p>Votacions sector alumnat (a partir de les 8:10 h)<\/p>\n<p>Votacions sector personal PAS (a les 9:30)<\/td>\n<td style=\"height: 140px; width: 234.079%;\" width=\"151\">\u00a0Vest\u00edbul del centre<\/td>\n<\/tr>\n<tr style=\"height: 24px;\">\n<td style=\"height: 24px; width: 24.6813%;\" width=\"161\">24 de Novembre<\/td>\n<td style=\"height: 24px; width: 51.6709%;\" width=\"246\">Votacions sector professorat (a les 16:20 hores).<\/td>\n<td style=\"height: 24px; width: 234.079%;\" width=\"151\">Gimn\u00e0s<\/td>\n<\/tr>\n<\/tbody>\n<\/table>\n","protected":false},"excerpt":{"rendered":"<p>A partir del dia 2 de novembre s\u2019inicia el proc\u00e9s de renovaci\u00f3 parcial dels membres del Consell Escolar del nostre centre.<\/p>\n","protected":false},"author":1,"featured_media":3749,"comment_status":"closed","ping_status":"closed","sticky":false,"template":"","format":"standard","meta":{"_bbp_topic_count":0,"_bbp_reply_count":0,"_bbp_total_topic_count":0,"_bbp_total_reply_count":0,"_bbp_voice_count":0,"_bbp_anonymous_reply_count":0,"_bbp_topic_count_hidden":0,"_bbp_reply_count_hidden":0,"_bbp_forum_subforum_count":0,"site-sidebar-layout":"default","site-content-layout":"","ast-site-content-layout":"","site-content-style":"default","site-sidebar-style":"default","ast-global-header-display":"","ast-banner-title-visibility":"","ast-main-header-display":"","ast-hfb-above-header-display":"","ast-hfb-below-header-display":"","ast-hfb-mobile-header-display":"","site-post-title":"","ast-breadcrumbs-content":"","ast-featured-img":"","footer-sml-layout":"","theme-transparent-header-meta":"","adv-header-id-meta":"","stick-header-meta":"","header-above-stick-meta":"","header-main-stick-meta":"","header-below-stick-meta":"","astra-migrate-meta-layouts":"default","ast-page-background-enabled":"default","ast-page-background-meta":{"desktop":{"background-color":"var(--ast-global-color-4)","background-image":"","background-repeat":"repeat","background-position":"center center","background-size":"auto","background-attachment":"scroll","background-type":"","background-media":"","overlay-type":"","overlay-color":"","overlay-opacity":"","overlay-gradient":""},"tablet":{"background-color":"","background-image":"","background-repeat":"repeat","background-position":"center center","background-size":"auto","background-attachment":"scroll","background-type":"","background-media":"","overlay-type":"","overlay-color":"","overlay-opacity":"","overlay-gradient":""},"mobile":{"background-color":"","background-image":"","background-repeat":"repeat","background-position":"center center","background-size":"auto","background-attachment":"scroll","background-type":"","background-media":"","overlay-type":"","overlay-color":"","overlay-opacity":"","overlay-gradient":""}},"ast-content-background-meta":{"desktop":{"background-color":"var(--ast-global-color-5)","background-image":"","background-repeat":"repeat","background-position":"center center","background-size":"auto","background-attachment":"scroll","background-type":"","background-media":"","overlay-type":"","overlay-color":"","overlay-opacity":"","overlay-gradient":""},"tablet":{"background-color":"var(--ast-global-color-5)","background-image":"","background-repeat":"repeat","background-position":"center center","background-size":"auto","background-attachment":"scroll","background-type":"","background-media":"","overlay-type":"","overlay-color":"","overlay-opacity":"","overlay-gradient":""},"mobile":{"background-color":"var(--ast-global-color-5)","background-image":"","background-repeat":"repeat","background-position":"center center","background-size":"auto","background-attachment":"scroll","background-type":"","background-media":"","overlay-type":"","overlay-color":"","overlay-opacity":"","overlay-gradient":""}},"footnotes":""},"categories":[155,29],"tags":[],"class_list":["post-3748","post","type-post","status-publish","format-standard","has-post-thumbnail","hentry","category-consell-escolar","category-portada"],"post_mailing_queue_ids":[],"_links":{"self":[{"href":"https:\/\/agora.xtec.cat\/iessert\/wp-json\/wp\/v2\/posts\/3748","targetHints":{"allow":["GET"]}}],"collection":[{"href":"https:\/\/agora.xtec.cat\/iessert\/wp-json\/wp\/v2\/posts"}],"about":[{"href":"https:\/\/agora.xtec.cat\/iessert\/wp-json\/wp\/v2\/types\/post"}],"author":[{"embeddable":true,"href":"https:\/\/agora.xtec.cat\/iessert\/wp-json\/wp\/v2\/users\/1"}],"replies":[{"embeddable":true,"href":"https:\/\/agora.xtec.cat\/iessert\/wp-json\/wp\/v2\/comments?post=3748"}],"version-history":[{"count":3,"href":"https:\/\/agora.xtec.cat\/iessert\/wp-json\/wp\/v2\/posts\/3748\/revisions"}],"predecessor-version":[{"id":6773,"href":"https:\/\/agora.xtec.cat\/iessert\/wp-json\/wp\/v2\/posts\/3748\/revisions\/6773"}],"wp:featuredmedia":[{"embeddable":true,"href":"https:\/\/agora.xtec.cat\/iessert\/wp-json\/wp\/v2\/media\/3749"}],"wp:attachment":[{"href":"https:\/\/agora.xtec.cat\/iessert\/wp-json\/wp\/v2\/media?parent=3748"}],"wp:term":[{"taxonomy":"category","embeddable":true,"href":"https:\/\/agora.xtec.cat\/iessert\/wp-json\/wp\/v2\/categories?post=3748"},{"taxonomy":"post_tag","embeddable":true,"href":"https:\/\/agora.xtec.cat\/iessert\/wp-json\/wp\/v2\/tags?post=3748"}],"curies":[{"name":"wp","href":"https:\/\/api.w.org\/{rel}","templated":true}]}}