{"id":2946,"date":"2018-02-07T11:30:14","date_gmt":"2018-02-07T10:30:14","guid":{"rendered":"http:\/\/agora.xtec.cat\/iessert\/?p=2946"},"modified":"2018-02-07T13:28:35","modified_gmt":"2018-02-07T12:28:35","slug":"el-sert-comenca-a-preparar-un-nou-espectacle-musical","status":"publish","type":"post","link":"https:\/\/agora.xtec.cat\/iessert\/portada\/el-sert-comenca-a-preparar-un-nou-espectacle-musical\/","title":{"rendered":"EL SERT COMEN\u00c7A A PREPARAR UN NOU ESPECTACLE MUSICAL"},"content":{"rendered":"<div><\/div>\n<div><\/div>\n<p style=\"text-align: justify;\">El passat 26 de gener, alumnes de 1r, 2n, 3r i 4rt d&#8217;ESO va iniciar la preparaci\u00f3 del musical que, des de ja fa quatre anys, organitza el departament de M\u00fasica del centre. Els futurs actors i actrius van fer una primera lectura del text &#8220;La dona morta, llegenda o veritat?&#8221;, escrit i musicat per un grup de professors del mateix institut i de diverses escoles de Prim\u00e0ria de Castelldefels, que tamb\u00e9 participen amb els seus alumnes. L&#8217;estrena est\u00e0 prevista per l&#8217;11 de maig. Apunteu-vos a l&#8217;agenda aquesta data per assistir\u00a0a aquest espectacle per a nens i grans que busca una explicaci\u00f3 al nom de la famosa carena que es veu des de la nostra ciutat.<\/p>\n<p style=\"text-align: center;\"><a href=\"http:\/\/agora.xtec.cat\/iessert\/wp-content\/uploads\/usu642\/2018\/02\/PERE.jpg\"><img loading=\"lazy\" decoding=\"async\" class=\"alignnone size-full wp-image-2947\" src=\"http:\/\/agora.xtec.cat\/iessert\/wp-content\/uploads\/usu642\/2018\/02\/PERE.jpg\" alt=\"\" width=\"448\" height=\"336\" srcset=\"https:\/\/agora.xtec.cat\/iessert\/wp-content\/uploads\/usu642\/2018\/02\/PERE.jpg 448w, https:\/\/agora.xtec.cat\/iessert\/wp-content\/uploads\/usu642\/2018\/02\/PERE-300x225.jpg 300w, https:\/\/agora.xtec.cat\/iessert\/wp-content\/uploads\/usu642\/2018\/02\/PERE-200x150.jpg 200w\" sizes=\"auto, (max-width: 448px) 100vw, 448px\" \/><\/a><\/p>\n<p style=\"text-align: center;\"><a href=\"http:\/\/agora.xtec.cat\/iessert\/wp-content\/uploads\/usu642\/2018\/02\/PERE-1.jpg\"><img loading=\"lazy\" decoding=\"async\" class=\"alignnone size-full wp-image-2948\" src=\"http:\/\/agora.xtec.cat\/iessert\/wp-content\/uploads\/usu642\/2018\/02\/PERE-1.jpg\" alt=\"\" width=\"448\" height=\"336\" srcset=\"https:\/\/agora.xtec.cat\/iessert\/wp-content\/uploads\/usu642\/2018\/02\/PERE-1.jpg 448w, https:\/\/agora.xtec.cat\/iessert\/wp-content\/uploads\/usu642\/2018\/02\/PERE-1-300x225.jpg 300w, https:\/\/agora.xtec.cat\/iessert\/wp-content\/uploads\/usu642\/2018\/02\/PERE-1-200x150.jpg 200w\" sizes=\"auto, (max-width: 448px) 100vw, 448px\" \/><\/a><\/p>\n<p style=\"text-align: center;\"><a href=\"http:\/\/agora.xtec.cat\/iessert\/wp-content\/uploads\/usu642\/2018\/02\/pere-1.jpg\"><img loading=\"lazy\" decoding=\"async\" class=\"alignnone size-full wp-image-2952\" src=\"http:\/\/agora.xtec.cat\/iessert\/wp-content\/uploads\/usu642\/2018\/02\/pere-1.jpg\" alt=\"\" width=\"448\" height=\"336\" srcset=\"https:\/\/agora.xtec.cat\/iessert\/wp-content\/uploads\/usu642\/2018\/02\/pere-1.jpg 448w, https:\/\/agora.xtec.cat\/iessert\/wp-content\/uploads\/usu642\/2018\/02\/pere-1-300x225.jpg 300w, https:\/\/agora.xtec.cat\/iessert\/wp-content\/uploads\/usu642\/2018\/02\/pere-1-200x150.jpg 200w\" sizes=\"auto, (max-width: 448px) 100vw, 448px\" \/><\/a><\/p>\n<p style=\"text-align: justify;\">\n","protected":false},"excerpt":{"rendered":"<p>El departament de M\u00fasica organitza un Musical<\/p>\n","protected":false},"author":1,"featured_media":2947,"comment_status":"closed","ping_status":"closed","sticky":false,"template":"","format":"standard","meta":{"_bbp_topic_count":0,"_bbp_reply_count":0,"_bbp_total_topic_count":0,"_bbp_total_reply_count":0,"_bbp_voice_count":0,"_bbp_anonymous_reply_count":0,"_bbp_topic_count_hidden":0,"_bbp_reply_count_hidden":0,"_bbp_forum_subforum_count":0,"site-sidebar-layout":"default","site-content-layout":"","ast-site-content-layout":"","site-content-style":"default","site-sidebar-style":"default","ast-global-header-display":"","ast-banner-title-visibility":"","ast-main-header-display":"","ast-hfb-above-header-display":"","ast-hfb-below-header-display":"","ast-hfb-mobile-header-display":"","site-post-title":"","ast-breadcrumbs-content":"","ast-featured-img":"","footer-sml-layout":"","theme-transparent-header-meta":"","adv-header-id-meta":"","stick-header-meta":"","header-above-stick-meta":"","header-main-stick-meta":"","header-below-stick-meta":"","astra-migrate-meta-layouts":"default","ast-page-background-enabled":"default","ast-page-background-meta":{"desktop":{"background-color":"var(--ast-global-color-4)","background-image":"","background-repeat":"repeat","background-position":"center center","background-size":"auto","background-attachment":"scroll","background-type":"","background-media":"","overlay-type":"","overlay-color":"","overlay-opacity":"","overlay-gradient":""},"tablet":{"background-color":"","background-image":"","background-repeat":"repeat","background-position":"center center","background-size":"auto","background-attachment":"scroll","background-type":"","background-media":"","overlay-type":"","overlay-color":"","overlay-opacity":"","overlay-gradient":""},"mobile":{"background-color":"","background-image":"","background-repeat":"repeat","background-position":"center center","background-size":"auto","background-attachment":"scroll","background-type":"","background-media":"","overlay-type":"","overlay-color":"","overlay-opacity":"","overlay-gradient":""}},"ast-content-background-meta":{"desktop":{"background-color":"var(--ast-global-color-5)","background-image":"","background-repeat":"repeat","background-position":"center center","background-size":"auto","background-attachment":"scroll","background-type":"","background-media":"","overlay-type":"","overlay-color":"","overlay-opacity":"","overlay-gradient":""},"tablet":{"background-color":"var(--ast-global-color-5)","background-image":"","background-repeat":"repeat","background-position":"center center","background-size":"auto","background-attachment":"scroll","background-type":"","background-media":"","overlay-type":"","overlay-color":"","overlay-opacity":"","overlay-gradient":""},"mobile":{"background-color":"var(--ast-global-color-5)","background-image":"","background-repeat":"repeat","background-position":"center center","background-size":"auto","background-attachment":"scroll","background-type":"","background-media":"","overlay-type":"","overlay-color":"","overlay-opacity":"","overlay-gradient":""}},"footnotes":""},"categories":[90,29],"tags":[],"class_list":["post-2946","post","type-post","status-publish","format-standard","has-post-thumbnail","hentry","category-musica","category-portada"],"post_mailing_queue_ids":[],"_links":{"self":[{"href":"https:\/\/agora.xtec.cat\/iessert\/wp-json\/wp\/v2\/posts\/2946","targetHints":{"allow":["GET"]}}],"collection":[{"href":"https:\/\/agora.xtec.cat\/iessert\/wp-json\/wp\/v2\/posts"}],"about":[{"href":"https:\/\/agora.xtec.cat\/iessert\/wp-json\/wp\/v2\/types\/post"}],"author":[{"embeddable":true,"href":"https:\/\/agora.xtec.cat\/iessert\/wp-json\/wp\/v2\/users\/1"}],"replies":[{"embeddable":true,"href":"https:\/\/agora.xtec.cat\/iessert\/wp-json\/wp\/v2\/comments?post=2946"}],"version-history":[{"count":3,"href":"https:\/\/agora.xtec.cat\/iessert\/wp-json\/wp\/v2\/posts\/2946\/revisions"}],"predecessor-version":[{"id":2953,"href":"https:\/\/agora.xtec.cat\/iessert\/wp-json\/wp\/v2\/posts\/2946\/revisions\/2953"}],"wp:featuredmedia":[{"embeddable":true,"href":"https:\/\/agora.xtec.cat\/iessert\/wp-json\/wp\/v2\/media\/2947"}],"wp:attachment":[{"href":"https:\/\/agora.xtec.cat\/iessert\/wp-json\/wp\/v2\/media?parent=2946"}],"wp:term":[{"taxonomy":"category","embeddable":true,"href":"https:\/\/agora.xtec.cat\/iessert\/wp-json\/wp\/v2\/categories?post=2946"},{"taxonomy":"post_tag","embeddable":true,"href":"https:\/\/agora.xtec.cat\/iessert\/wp-json\/wp\/v2\/tags?post=2946"}],"curies":[{"name":"wp","href":"https:\/\/api.w.org\/{rel}","templated":true}]}}