{"id":2916,"date":"2018-02-02T15:11:24","date_gmt":"2018-02-02T14:11:24","guid":{"rendered":"http:\/\/agora.xtec.cat\/iessert\/?p=2916"},"modified":"2018-02-07T13:33:39","modified_gmt":"2018-02-07T12:33:39","slug":"intercanvi-amb-el-quebec","status":"publish","type":"post","link":"https:\/\/agora.xtec.cat\/iessert\/portada\/intercanvi-amb-el-quebec\/","title":{"rendered":"INTERCANVI AMB EL QUEBEC"},"content":{"rendered":"<p style=\"text-align: justify;\" align=\"left\"><span style=\"font-size: large;\">Aquest curs 2017-18 el nostre institut participa per tercera vegada en l&#8217;intercanvi amb el Quebec. Aquest intercanvi \u00e9s possible gr\u00e0cies a l&#8217;acord entre el Departament\u00a0d&#8217;Ensenyament i l&#8217;entitat educativa del Quebec \u00c9ducation Internationale. Durant el primer trimestre hem tingut dues noies quebequeses amb nosaltres a l&#8217;institut. Es tracta de la Marianne Bussi\u00e8res, que ha estat a casa de la Carla Fern\u00e1ndez, i de la Florance Dolan, acollida per la Marta Cast\u00e1n. Han estat aqu\u00ed fins al desembre, per millorar el seu nivell de castell\u00e0 i con\u00e8ixer la nostra cultura. Han participat a les classes de 4t d&#8217;ESO i de 1r de Batxillerat, respectivament.<\/span><\/p>\n<p style=\"text-align: justify;\" align=\"left\"><span style=\"font-size: large;\">Ara, les nostres alumnes acaben de marxar al Quebec i estaran all\u00ed tot el segon trimestre, fins el mes d&#8217;abril, per millorar el seu nivell de franc\u00e8s i per viure una experi\u00e8ncia que segur ser\u00e0 inoblidable en un pa\u00eds amb una cultura diferent. La Marta viu a Montreal i la Carla a Quebec, i ja han comen\u00e7at les classes als seus respectius instituts. Sabem que estan contentes amb la rebuda de les seves respectives fam\u00edlies i que estan desitjant fer amics i integrar-se en aquest nou pa\u00eds.<\/span><\/p>\n<p style=\"text-align: justify;\" align=\"left\"><span style=\"font-size: large;\">Estem segurs que totes dues gaudiran de l&#8217;experi\u00e8ncia. Des d&#8217;aqu\u00ed les animem a tirar endavant i les felicitem per la seva valentia!<\/span><\/p>\n<p style=\"text-align: justify;\" align=\"left\"><a href=\"http:\/\/agora.xtec.cat\/iessert\/wp-content\/uploads\/usu642\/2018\/02\/QUEBEC-1.jpeg\"><img loading=\"lazy\" decoding=\"async\" class=\"size-full wp-image-2918 aligncenter\" src=\"http:\/\/agora.xtec.cat\/iessert\/wp-content\/uploads\/usu642\/2018\/02\/QUEBEC-1.jpeg\" alt=\"\" width=\"336\" height=\"448\" srcset=\"https:\/\/agora.xtec.cat\/iessert\/wp-content\/uploads\/usu642\/2018\/02\/QUEBEC-1.jpeg 336w, https:\/\/agora.xtec.cat\/iessert\/wp-content\/uploads\/usu642\/2018\/02\/QUEBEC-1-225x300.jpeg 225w\" sizes=\"auto, (max-width: 336px) 100vw, 336px\" \/><\/a><\/p>\n<p style=\"text-align: justify;\" align=\"left\"><a href=\"http:\/\/agora.xtec.cat\/iessert\/wp-content\/uploads\/usu642\/2018\/02\/QUEBEC-3.jpeg\"><img loading=\"lazy\" decoding=\"async\" class=\"size-full wp-image-2919 aligncenter\" src=\"http:\/\/agora.xtec.cat\/iessert\/wp-content\/uploads\/usu642\/2018\/02\/QUEBEC-3.jpeg\" alt=\"\" width=\"336\" height=\"336\" srcset=\"https:\/\/agora.xtec.cat\/iessert\/wp-content\/uploads\/usu642\/2018\/02\/QUEBEC-3.jpeg 336w, https:\/\/agora.xtec.cat\/iessert\/wp-content\/uploads\/usu642\/2018\/02\/QUEBEC-3-150x150.jpeg 150w, https:\/\/agora.xtec.cat\/iessert\/wp-content\/uploads\/usu642\/2018\/02\/QUEBEC-3-300x300.jpeg 300w\" sizes=\"auto, (max-width: 336px) 100vw, 336px\" \/><\/a><\/p>\n<p style=\"text-align: center;\" align=\"left\"><a href=\"http:\/\/agora.xtec.cat\/iessert\/wp-content\/uploads\/usu642\/2018\/02\/QUEBEC-4.jpg\"><img loading=\"lazy\" decoding=\"async\" class=\"alignnone size-full wp-image-2920\" src=\"http:\/\/agora.xtec.cat\/iessert\/wp-content\/uploads\/usu642\/2018\/02\/QUEBEC-4.jpg\" alt=\"\" width=\"448\" height=\"336\" srcset=\"https:\/\/agora.xtec.cat\/iessert\/wp-content\/uploads\/usu642\/2018\/02\/QUEBEC-4.jpg 448w, https:\/\/agora.xtec.cat\/iessert\/wp-content\/uploads\/usu642\/2018\/02\/QUEBEC-4-300x225.jpg 300w, https:\/\/agora.xtec.cat\/iessert\/wp-content\/uploads\/usu642\/2018\/02\/QUEBEC-4-200x150.jpg 200w\" sizes=\"auto, (max-width: 448px) 100vw, 448px\" \/><\/a><\/p>\n<p style=\"text-align: center;\" align=\"left\"><a href=\"http:\/\/agora.xtec.cat\/iessert\/wp-content\/uploads\/usu642\/2018\/02\/QUEBEC-5.jpeg\"><img loading=\"lazy\" decoding=\"async\" class=\"alignnone size-full wp-image-2921\" src=\"http:\/\/agora.xtec.cat\/iessert\/wp-content\/uploads\/usu642\/2018\/02\/QUEBEC-5.jpeg\" alt=\"\" width=\"448\" height=\"336\" srcset=\"https:\/\/agora.xtec.cat\/iessert\/wp-content\/uploads\/usu642\/2018\/02\/QUEBEC-5.jpeg 448w, https:\/\/agora.xtec.cat\/iessert\/wp-content\/uploads\/usu642\/2018\/02\/QUEBEC-5-300x225.jpeg 300w, https:\/\/agora.xtec.cat\/iessert\/wp-content\/uploads\/usu642\/2018\/02\/QUEBEC-5-200x150.jpeg 200w\" sizes=\"auto, (max-width: 448px) 100vw, 448px\" \/><\/a><\/p>\n<p style=\"text-align: center;\" align=\"left\"><a href=\"http:\/\/agora.xtec.cat\/iessert\/wp-content\/uploads\/usu642\/2018\/02\/QUEBEC-6.jpeg\"><img loading=\"lazy\" decoding=\"async\" class=\"alignnone size-full wp-image-2922\" src=\"http:\/\/agora.xtec.cat\/iessert\/wp-content\/uploads\/usu642\/2018\/02\/QUEBEC-6.jpeg\" alt=\"\" width=\"336\" height=\"448\" srcset=\"https:\/\/agora.xtec.cat\/iessert\/wp-content\/uploads\/usu642\/2018\/02\/QUEBEC-6.jpeg 336w, https:\/\/agora.xtec.cat\/iessert\/wp-content\/uploads\/usu642\/2018\/02\/QUEBEC-6-225x300.jpeg 225w\" sizes=\"auto, (max-width: 336px) 100vw, 336px\" \/><\/a><\/p>\n<p style=\"text-align: center;\" align=\"left\"><a href=\"http:\/\/agora.xtec.cat\/iessert\/wp-content\/uploads\/usu642\/2018\/02\/quebec-1.jpg\"><img loading=\"lazy\" decoding=\"async\" class=\"alignnone size-full wp-image-2954\" src=\"http:\/\/agora.xtec.cat\/iessert\/wp-content\/uploads\/usu642\/2018\/02\/quebec-1.jpg\" alt=\"\" width=\"336\" height=\"448\" srcset=\"https:\/\/agora.xtec.cat\/iessert\/wp-content\/uploads\/usu642\/2018\/02\/quebec-1.jpg 336w, https:\/\/agora.xtec.cat\/iessert\/wp-content\/uploads\/usu642\/2018\/02\/quebec-1-225x300.jpg 225w\" sizes=\"auto, (max-width: 336px) 100vw, 336px\" \/><\/a><\/p>\n<p style=\"text-align: center;\" align=\"left\"><a href=\"http:\/\/agora.xtec.cat\/iessert\/wp-content\/uploads\/usu642\/2018\/02\/quebec-2.jpg\"><img loading=\"lazy\" decoding=\"async\" class=\"alignnone size-full wp-image-2956\" src=\"http:\/\/agora.xtec.cat\/iessert\/wp-content\/uploads\/usu642\/2018\/02\/quebec-2.jpg\" alt=\"\" width=\"336\" height=\"448\" srcset=\"https:\/\/agora.xtec.cat\/iessert\/wp-content\/uploads\/usu642\/2018\/02\/quebec-2.jpg 336w, https:\/\/agora.xtec.cat\/iessert\/wp-content\/uploads\/usu642\/2018\/02\/quebec-2-225x300.jpg 225w\" sizes=\"auto, (max-width: 336px) 100vw, 336px\" \/><\/a><\/p>\n<p style=\"text-align: center;\" align=\"left\"><a href=\"http:\/\/agora.xtec.cat\/iessert\/wp-content\/uploads\/usu642\/2018\/02\/quebec-3.jpg\"><img loading=\"lazy\" decoding=\"async\" class=\"alignnone size-full wp-image-2958\" src=\"http:\/\/agora.xtec.cat\/iessert\/wp-content\/uploads\/usu642\/2018\/02\/quebec-3.jpg\" alt=\"\" width=\"448\" height=\"336\" srcset=\"https:\/\/agora.xtec.cat\/iessert\/wp-content\/uploads\/usu642\/2018\/02\/quebec-3.jpg 448w, https:\/\/agora.xtec.cat\/iessert\/wp-content\/uploads\/usu642\/2018\/02\/quebec-3-300x225.jpg 300w, https:\/\/agora.xtec.cat\/iessert\/wp-content\/uploads\/usu642\/2018\/02\/quebec-3-200x150.jpg 200w\" sizes=\"auto, (max-width: 448px) 100vw, 448px\" \/><\/a><\/p>\n","protected":false},"excerpt":{"rendered":"<p>Dues alumnes del nostre centre fan un intercanvi amb Quebec<\/p>\n","protected":false},"author":1,"featured_media":2917,"comment_status":"closed","ping_status":"closed","sticky":false,"template":"","format":"standard","meta":{"_bbp_topic_count":0,"_bbp_reply_count":0,"_bbp_total_topic_count":0,"_bbp_total_reply_count":0,"_bbp_voice_count":0,"_bbp_anonymous_reply_count":0,"_bbp_topic_count_hidden":0,"_bbp_reply_count_hidden":0,"_bbp_forum_subforum_count":0,"site-sidebar-layout":"default","site-content-layout":"","ast-site-content-layout":"","site-content-style":"default","site-sidebar-style":"default","ast-global-header-display":"","ast-banner-title-visibility":"","ast-main-header-display":"","ast-hfb-above-header-display":"","ast-hfb-below-header-display":"","ast-hfb-mobile-header-display":"","site-post-title":"","ast-breadcrumbs-content":"","ast-featured-img":"","footer-sml-layout":"","theme-transparent-header-meta":"","adv-header-id-meta":"","stick-header-meta":"","header-above-stick-meta":"","header-main-stick-meta":"","header-below-stick-meta":"","astra-migrate-meta-layouts":"default","ast-page-background-enabled":"default","ast-page-background-meta":{"desktop":{"background-color":"var(--ast-global-color-4)","background-image":"","background-repeat":"repeat","background-position":"center center","background-size":"auto","background-attachment":"scroll","background-type":"","background-media":"","overlay-type":"","overlay-color":"","overlay-opacity":"","overlay-gradient":""},"tablet":{"background-color":"","background-image":"","background-repeat":"repeat","background-position":"center center","background-size":"auto","background-attachment":"scroll","background-type":"","background-media":"","overlay-type":"","overlay-color":"","overlay-opacity":"","overlay-gradient":""},"mobile":{"background-color":"","background-image":"","background-repeat":"repeat","background-position":"center center","background-size":"auto","background-attachment":"scroll","background-type":"","background-media":"","overlay-type":"","overlay-color":"","overlay-opacity":"","overlay-gradient":""}},"ast-content-background-meta":{"desktop":{"background-color":"var(--ast-global-color-5)","background-image":"","background-repeat":"repeat","background-position":"center center","background-size":"auto","background-attachment":"scroll","background-type":"","background-media":"","overlay-type":"","overlay-color":"","overlay-opacity":"","overlay-gradient":""},"tablet":{"background-color":"var(--ast-global-color-5)","background-image":"","background-repeat":"repeat","background-position":"center center","background-size":"auto","background-attachment":"scroll","background-type":"","background-media":"","overlay-type":"","overlay-color":"","overlay-opacity":"","overlay-gradient":""},"mobile":{"background-color":"var(--ast-global-color-5)","background-image":"","background-repeat":"repeat","background-position":"center center","background-size":"auto","background-attachment":"scroll","background-type":"","background-media":"","overlay-type":"","overlay-color":"","overlay-opacity":"","overlay-gradient":""}},"footnotes":""},"categories":[91,139,29,102],"tags":[],"class_list":["post-2916","post","type-post","status-publish","format-standard","has-post-thumbnail","hentry","category-frances","category-intercanvi-quebec","category-portada","category-projectes"],"post_mailing_queue_ids":[],"_links":{"self":[{"href":"https:\/\/agora.xtec.cat\/iessert\/wp-json\/wp\/v2\/posts\/2916","targetHints":{"allow":["GET"]}}],"collection":[{"href":"https:\/\/agora.xtec.cat\/iessert\/wp-json\/wp\/v2\/posts"}],"about":[{"href":"https:\/\/agora.xtec.cat\/iessert\/wp-json\/wp\/v2\/types\/post"}],"author":[{"embeddable":true,"href":"https:\/\/agora.xtec.cat\/iessert\/wp-json\/wp\/v2\/users\/1"}],"replies":[{"embeddable":true,"href":"https:\/\/agora.xtec.cat\/iessert\/wp-json\/wp\/v2\/comments?post=2916"}],"version-history":[{"count":3,"href":"https:\/\/agora.xtec.cat\/iessert\/wp-json\/wp\/v2\/posts\/2916\/revisions"}],"predecessor-version":[{"id":2959,"href":"https:\/\/agora.xtec.cat\/iessert\/wp-json\/wp\/v2\/posts\/2916\/revisions\/2959"}],"wp:featuredmedia":[{"embeddable":true,"href":"https:\/\/agora.xtec.cat\/iessert\/wp-json\/wp\/v2\/media\/2917"}],"wp:attachment":[{"href":"https:\/\/agora.xtec.cat\/iessert\/wp-json\/wp\/v2\/media?parent=2916"}],"wp:term":[{"taxonomy":"category","embeddable":true,"href":"https:\/\/agora.xtec.cat\/iessert\/wp-json\/wp\/v2\/categories?post=2916"},{"taxonomy":"post_tag","embeddable":true,"href":"https:\/\/agora.xtec.cat\/iessert\/wp-json\/wp\/v2\/tags?post=2916"}],"curies":[{"name":"wp","href":"https:\/\/api.w.org\/{rel}","templated":true}]}}