{"id":2060,"date":"2017-05-19T11:32:14","date_gmt":"2017-05-19T09:32:14","guid":{"rendered":"http:\/\/agora.xtec.cat\/iessert\/?p=2060"},"modified":"2017-07-20T20:02:01","modified_gmt":"2017-07-20T18:02:01","slug":"viatge-a-roma","status":"publish","type":"post","link":"https:\/\/agora.xtec.cat\/iessert\/batxillerat\/viatge-a-roma\/","title":{"rendered":"VIATGE A ROMA"},"content":{"rendered":"<p style=\"text-align: justify;\">Els alumnes de 1r de Batxillerat van viatjar a Roma del 4 al 7 d&#8217;abril amb els professors Pere Aguil\u00f3 i David Jord\u00e0. Va ser una experi\u00e8ncia molt enriquidora en la que alumnes i professors van poder gaudir de la bellesa de la capital italiana.<\/p>\n<p style=\"text-align: justify;\">A continuaci\u00f3 podeu veure un v\u00eddeo del viatge i llegir un poema escrit per un dels professors acompanyants, el Pere Aguil\u00f3.<\/p>\n<p style=\"text-align: justify;\"><a href=\"https:\/\/drive.google.com\/file\/d\/0B3igPoiAjTciaDc0OFV2bk9BVW8\/view?usp=sharing\">V\u00cdDEO ROMA<\/a><\/p>\n<h4 style=\"text-align: left;\"><u>ROMA<\/u><\/h4>\n<p style=\"text-align: left;\">Una can\u00e7\u00f3 de Leonard Cohen<\/p>\n<p style=\"text-align: left;\">acoloreix el primer sol<\/p>\n<p style=\"text-align: left;\">i la primera brisa de la ciutat.<\/p>\n<p style=\"text-align: left;\">La gegantina escalinata<\/p>\n<p style=\"text-align: left;\">us enlaira per sobre de la Piazza di Spagna<\/p>\n<p style=\"text-align: left;\">i el blanc de la pedra<\/p>\n<p style=\"text-align: left;\">s\u2019encomana de somriures.<\/p>\n<p style=\"text-align: left;\">Sorgeix l\u2019obelisc entre la multitud<\/p>\n<p style=\"text-align: left;\">per apuntar a aquest horitz\u00f3 vostre,<\/p>\n<p style=\"text-align: left;\">mar de c\u00fapules i d\u2018inscripcions remotes,<\/p>\n<p style=\"text-align: left;\">el set turons guardant-vos la pell tendra.<\/p>\n<p style=\"text-align: left;\">Tot i la claror on s\u2019emmiralla,<\/p>\n<p style=\"text-align: left;\">l\u2019Ara Pacis Augustae us enveja<\/p>\n<p style=\"text-align: left;\">-en rectil\u00ednia altivesa-<\/p>\n<p style=\"text-align: left;\">els cabells ondulats<\/p>\n<p style=\"text-align: left;\">\u00a0i la corba alegr\u00eda.<\/p>\n<p style=\"text-align: left;\">Amunt les mirades,<\/p>\n<p style=\"text-align: left;\">que \u00e9s vostra la columna de Marc Aureli<\/p>\n<p style=\"text-align: left;\">perqu\u00e8 \u00e9s vostra la seva hist\u00f2ria.<\/p>\n<p style=\"text-align: left;\">A la Fontana di Trevi,<\/p>\n<p style=\"text-align: left;\">de tan fina, la pluja<\/p>\n<p style=\"text-align: left;\">crineres, fils d\u2018aigua<\/p>\n<p style=\"text-align: left;\">\u00a0i r\u00ednxols de Nept\u00fa pentina.<\/p>\n<p style=\"text-align: left;\">Selfies i flashos<\/p>\n<p style=\"text-align: left;\">d\u2019insondables rialles.<\/p>\n<p style=\"text-align: left;\">Per a la Fontana delle Naiadi<\/p>\n<p style=\"text-align: left;\">el cel grisenc us env\u00eda un x\u00e0fec<\/p>\n<p style=\"text-align: left;\">i els portals de la pla\u00e7a aixopluguen<\/p>\n<p style=\"text-align: left;\">del primer dia l\u2019esgotament.<\/p>\n<p style=\"text-align: left;\">L\u2019endem\u00e0, amb els ulls encara adormits<\/p>\n<p style=\"text-align: left;\">\u00a0i el cel no del tot clar,<\/p>\n<p style=\"text-align: left;\">Santa Maria Maggiore,<\/p>\n<p style=\"text-align: left;\">San Pietro in Vincoli apareixen.<\/p>\n<p style=\"text-align: left;\">I l\u2019olor de tanta sang vessada<\/p>\n<p style=\"text-align: left;\">entre els arcs del Colosseu\u2026<\/p>\n<p style=\"text-align: left;\">Llargues cues de turistes en constel.laci\u00f3<\/p>\n<p style=\"text-align: left;\">que esperen i riuen<\/p>\n<p style=\"text-align: left;\">com aquells espectadors antics.<\/p>\n<p style=\"text-align: left;\">Tan petits sota l\u2019arc de Constant\u00ed,<\/p>\n<p style=\"text-align: left;\">amb el de Titus tan encuriosits:<\/p>\n<p style=\"text-align: left;\">m\u00e1gica porta cap a l\u2019\u00e8xtasi<\/p>\n<p style=\"text-align: left;\">del F\u00f2rum Rom\u00e0 en un passeig.<\/p>\n<p style=\"text-align: left;\">Infinita la pedra, mentre parla,<\/p>\n<p style=\"text-align: left;\">sinuosament us contempla.<\/p>\n<p style=\"text-align: left;\">Despr\u00e9s es mostra,<\/p>\n<p style=\"text-align: left;\">imponent i molt blanca,<\/p>\n<p style=\"text-align: left;\">la Piazza Venezia.<\/p>\n<p style=\"text-align: left;\">Tan gegants cavall i cavaller<\/p>\n<p style=\"text-align: left;\">que amb altivesa defugen<\/p>\n<p style=\"text-align: left;\">de les c\u00e0meres l\u2019enquadrament.<\/p>\n<p style=\"text-align: left;\">En la llunyania s\u2019albira<\/p>\n<p style=\"text-align: left;\">de Traj\u00e0 la columna,<\/p>\n<p style=\"text-align: left;\">hist\u00f2ries de batalles<\/p>\n<p style=\"text-align: left;\">que el marbre arrodoneix.<\/p>\n<p style=\"text-align: left;\">La Fontana delle Tartarughe<\/p>\n<p style=\"text-align: left;\">us condueix a l\u2019Illa Tiberina:<\/p>\n<p style=\"text-align: left;\">qu\u00e8 gastat, qu\u00e8 trist el Ponte Palatino<\/p>\n<p style=\"text-align: left;\">semiocult sobre el pas d\u2019asfalt!<\/p>\n<p style=\"text-align: left;\">El sol es pon,<\/p>\n<p style=\"text-align: left;\">arriba la foscor,<\/p>\n<p style=\"text-align: left;\">la Bocca della Verit\u00e0 \u00e9s tancada<\/p>\n<p style=\"text-align: left;\">i amb prou feines robeu<\/p>\n<p style=\"text-align: left;\">-entre les reixes-<\/p>\n<p style=\"text-align: left;\">una fotografia parcial, distant.<\/p>\n<p style=\"text-align: left;\">Sobre el Circo Massimo<\/p>\n<p style=\"text-align: left;\">la nit ja va caient,<\/p>\n<p style=\"text-align: left;\">es difuminen les curses,<\/p>\n<p style=\"text-align: left;\">les qu\u00e0drigues, la sang<\/p>\n<p style=\"text-align: left;\">i els cavalls embogits renillant.<\/p>\n<p style=\"text-align: left;\">El nou dia, fins i tot els n\u00favols<\/p>\n<p style=\"text-align: left;\">llueixen a la Piazza San Pietro.<\/p>\n<p style=\"text-align: left;\">S\u2019obre en multitud el Vatic\u00e0,<\/p>\n<p style=\"text-align: left;\">com un miracle d\u2019or i marbre<\/p>\n<p style=\"text-align: left;\">que les pupil.les desorienta.<\/p>\n<p style=\"text-align: left;\">Laberint de colors en sostres i tapissos,<\/p>\n<p style=\"text-align: left;\">H\u00e8rcules, Laocoont,<\/p>\n<p style=\"text-align: left;\">el set\u00ed de pedra on es banyava<\/p>\n<p style=\"text-align: left;\">\u00a0l\u2019esposa de Ner\u00f3\u2026<\/p>\n<p style=\"text-align: left;\">A la Bas\u00edlica la Piet\u00e0,<\/p>\n<p style=\"text-align: left;\">esquin\u00e7ada i tendra,<\/p>\n<p style=\"text-align: left;\">tan llunyana darrere el cristal.<\/p>\n<p style=\"text-align: left;\">I el baldaqu\u00ed, pesant, barroc,<\/p>\n<p style=\"text-align: left;\">fosc i robust,<\/p>\n<p style=\"text-align: left;\">com una nau solcant el mar lleuger.<\/p>\n<p style=\"text-align: left;\">Fora, una can\u00e7\u00f3<\/p>\n<p style=\"text-align: left;\">us tenyeix de pluja les veus.<\/p>\n<p style=\"text-align: left;\">Enrere queda la sagrada fortalesa<\/p>\n<p style=\"text-align: left;\">Com un somni esva\u00eft dol\u00e7ament.<\/p>\n<p style=\"text-align: left;\">El Castel Sant\u2019Angelo us clou el dia:<\/p>\n<p style=\"text-align: left;\">llargues escales, foscos passadissos<\/p>\n<p style=\"text-align: left;\">i una veu que imita,<\/p>\n<p style=\"text-align: left;\">-atrevida i simp\u00e0tica- la guia.<\/p>\n<p style=\"text-align: left;\">Des del punt m\u00e9s alt,<\/p>\n<p style=\"text-align: left;\">el cel m\u00e9s a prop,<\/p>\n<p style=\"text-align: left;\">el T\u00edber m\u00e9s brillant<\/p>\n<p style=\"text-align: left;\">i la ciutat m\u00e9s captivadora.<\/p>\n<p style=\"text-align: left;\">En baixar, encara un imitador<\/p>\n<p style=\"text-align: left;\">s\u2019erigeix en Michael Jackson<\/p>\n<p style=\"text-align: left;\">i contorsiona somriures<\/p>\n<p style=\"text-align: left;\">en festa m\u00faltiple de cossos<\/p>\n<p style=\"text-align: left;\">esbategant el vent.<\/p>\n<p style=\"text-align: left;\">A la fi, el dia del comiat:<\/p>\n<p style=\"text-align: left;\">entre la convulsi\u00f3 dels comer\u00e7os,<\/p>\n<p style=\"text-align: left;\">rialles i corredisses,<\/p>\n<p style=\"text-align: left;\">admireu la Fontana del Tritone<\/p>\n<p style=\"text-align: left;\">i us deixeu sepultar<\/p>\n<p style=\"text-align: left;\">per la cicl\u00f2pia c\u00fapula<\/p>\n<p style=\"text-align: left;\">del Pante\u00f3 d\u2019Agripa.<\/p>\n<p style=\"text-align: left;\">En sortireu un xic m\u00e9s savis,<\/p>\n<p style=\"text-align: left;\">un xic m\u00e9s insignificants\u2026<\/p>\n<p style=\"text-align: left;\">El temps es consumeix:<\/p>\n<p style=\"text-align: left;\">l\u2019Elefant de Bernini,<\/p>\n<p style=\"text-align: left;\">l\u2019ambient a Piazza Navona<\/p>\n<p style=\"text-align: left;\">-bohemi, art\u00edstic, despreocupat-<\/p>\n<p style=\"text-align: left;\">i el darrer passeig per Campo di Fiore,<\/p>\n<p style=\"text-align: left;\">flaire m\u00faltiple de colors<\/p>\n<p style=\"text-align: left;\">que basteixen els sentits.<\/p>\n<p style=\"text-align: left;\">Us esperen encara<\/p>\n<p style=\"text-align: left;\">el trasllat a l\u2019aeroport,<\/p>\n<p style=\"text-align: left;\">el m\u00f2bil perdut<\/p>\n<p style=\"text-align: left;\">i la noia que ha oblidat les claus.<\/p>\n<p style=\"text-align: left;\">La tornada no es fa trista:<\/p>\n<p style=\"text-align: left;\">tantes viv\u00e8ncies per aconduir!<\/p>\n<p style=\"text-align: left;\">No ser\u00e1 fins m\u00e9s endavant<\/p>\n<p style=\"text-align: left;\">que, delerosos i amb neguit,<\/p>\n<p style=\"text-align: left;\">somiareu amb el retorn.<\/p>\n<p style=\"text-align: left;\">\u00a0\u00a0\u00a0\u00a0\u00a0\u00a0\u00a0\u00a0\u00a0\u00a0\u00a0\u00a0\u00a0\u00a0\u00a0\u00a0\u00a0\u00a0 Pere R. Aguil\u00f3<\/p>\n<p>&nbsp;<\/p>\n","protected":false},"excerpt":{"rendered":"<p>Els alumnes de 1r de Batxillerat van visitar Roma del 4 al 7 d&#8217;abril<\/p>\n","protected":false},"author":1,"featured_media":2061,"comment_status":"closed","ping_status":"closed","sticky":false,"template":"","format":"standard","meta":{"_bbp_topic_count":0,"_bbp_reply_count":0,"_bbp_total_topic_count":0,"_bbp_total_reply_count":0,"_bbp_voice_count":0,"_bbp_anonymous_reply_count":0,"_bbp_topic_count_hidden":0,"_bbp_reply_count_hidden":0,"_bbp_forum_subforum_count":0,"site-sidebar-layout":"default","site-content-layout":"","ast-site-content-layout":"","site-content-style":"default","site-sidebar-style":"default","ast-global-header-display":"","ast-banner-title-visibility":"","ast-main-header-display":"","ast-hfb-above-header-display":"","ast-hfb-below-header-display":"","ast-hfb-mobile-header-display":"","site-post-title":"","ast-breadcrumbs-content":"","ast-featured-img":"","footer-sml-layout":"","theme-transparent-header-meta":"","adv-header-id-meta":"","stick-header-meta":"","header-above-stick-meta":"","header-main-stick-meta":"","header-below-stick-meta":"","astra-migrate-meta-layouts":"default","ast-page-background-enabled":"default","ast-page-background-meta":{"desktop":{"background-color":"var(--ast-global-color-4)","background-image":"","background-repeat":"repeat","background-position":"center center","background-size":"auto","background-attachment":"scroll","background-type":"","background-media":"","overlay-type":"","overlay-color":"","overlay-opacity":"","overlay-gradient":""},"tablet":{"background-color":"","background-image":"","background-repeat":"repeat","background-position":"center center","background-size":"auto","background-attachment":"scroll","background-type":"","background-media":"","overlay-type":"","overlay-color":"","overlay-opacity":"","overlay-gradient":""},"mobile":{"background-color":"","background-image":"","background-repeat":"repeat","background-position":"center center","background-size":"auto","background-attachment":"scroll","background-type":"","background-media":"","overlay-type":"","overlay-color":"","overlay-opacity":"","overlay-gradient":""}},"ast-content-background-meta":{"desktop":{"background-color":"var(--ast-global-color-5)","background-image":"","background-repeat":"repeat","background-position":"center center","background-size":"auto","background-attachment":"scroll","background-type":"","background-media":"","overlay-type":"","overlay-color":"","overlay-opacity":"","overlay-gradient":""},"tablet":{"background-color":"var(--ast-global-color-5)","background-image":"","background-repeat":"repeat","background-position":"center center","background-size":"auto","background-attachment":"scroll","background-type":"","background-media":"","overlay-type":"","overlay-color":"","overlay-opacity":"","overlay-gradient":""},"mobile":{"background-color":"var(--ast-global-color-5)","background-image":"","background-repeat":"repeat","background-position":"center center","background-size":"auto","background-attachment":"scroll","background-type":"","background-media":"","overlay-type":"","overlay-color":"","overlay-opacity":"","overlay-gradient":""}},"footnotes":""},"categories":[8,29,98],"tags":[],"class_list":["post-2060","post","type-post","status-publish","format-standard","has-post-thumbnail","hentry","category-batxillerat","category-portada","category-sortides-2016-17"],"post_mailing_queue_ids":[],"_links":{"self":[{"href":"https:\/\/agora.xtec.cat\/iessert\/wp-json\/wp\/v2\/posts\/2060","targetHints":{"allow":["GET"]}}],"collection":[{"href":"https:\/\/agora.xtec.cat\/iessert\/wp-json\/wp\/v2\/posts"}],"about":[{"href":"https:\/\/agora.xtec.cat\/iessert\/wp-json\/wp\/v2\/types\/post"}],"author":[{"embeddable":true,"href":"https:\/\/agora.xtec.cat\/iessert\/wp-json\/wp\/v2\/users\/1"}],"replies":[{"embeddable":true,"href":"https:\/\/agora.xtec.cat\/iessert\/wp-json\/wp\/v2\/comments?post=2060"}],"version-history":[{"count":4,"href":"https:\/\/agora.xtec.cat\/iessert\/wp-json\/wp\/v2\/posts\/2060\/revisions"}],"predecessor-version":[{"id":2172,"href":"https:\/\/agora.xtec.cat\/iessert\/wp-json\/wp\/v2\/posts\/2060\/revisions\/2172"}],"wp:featuredmedia":[{"embeddable":true,"href":"https:\/\/agora.xtec.cat\/iessert\/wp-json\/wp\/v2\/media\/2061"}],"wp:attachment":[{"href":"https:\/\/agora.xtec.cat\/iessert\/wp-json\/wp\/v2\/media?parent=2060"}],"wp:term":[{"taxonomy":"category","embeddable":true,"href":"https:\/\/agora.xtec.cat\/iessert\/wp-json\/wp\/v2\/categories?post=2060"},{"taxonomy":"post_tag","embeddable":true,"href":"https:\/\/agora.xtec.cat\/iessert\/wp-json\/wp\/v2\/tags?post=2060"}],"curies":[{"name":"wp","href":"https:\/\/api.w.org\/{rel}","templated":true}]}}